{"id":1022,"date":"2020-03-17T09:45:53","date_gmt":"2020-03-17T09:45:53","guid":{"rendered":"https:\/\/traumaunit.es\/blog\/?p=1022"},"modified":"2020-03-17T09:48:48","modified_gmt":"2020-03-17T09:48:48","slug":"patologias-artrosicas-artrosis-mano-y-muneca","status":"publish","type":"post","link":"https:\/\/traumaunit.es\/blog\/patologias-artrosicas-artrosis-mano-y-muneca\/","title":{"rendered":"Patolog\u00edas artr\u00f3sicas"},"content":{"rendered":"\n<p>La artrosis a nivel de mano o mu\u00f1eca al igual que en el resto de las articulaciones, ahora que vemos que la longevidad es una de las caracter\u00edsticas de las sociedades evolucionadas, est\u00e1 aumentando su prevalencia, pero los pacientes no quieren que ello lleve consigo una\u00a0 merma de su calidad de vida. <\/p>\n\n\n\n<p>Intentamos vivir mejor y exigiendo m\u00e1s al cuerpo. Esto lleva aparejado que nos encontremos con m\u00e1s patolog\u00eda artr\u00f3sica por las exigencias que nosotros le pedimos al  cuerpo y tambi\u00e9n porque vivimos m\u00e1s.<\/p>\n\n\n\n<h2 class=\"wp-block-heading\"><strong>Puntos habituales donde aparece la patolog\u00eda artr\u00f3sica<\/strong><\/h2>\n\n\n\n<p>La patolog\u00eda artr\u00f3sica a nivel de mano y mu\u00f1eca asienta en dos o tres peque\u00f1as articulaciones.<\/p>\n\n\n\n<ul class=\"wp-block-list\"><li>Base del pulgar. Se trata de la artrosis trapecio metacarpiana. Afecta m\u00e1s a las mujeres que a los hombres simplemente por una cuesti\u00f3n de laxitud a nivel de la articulaci\u00f3n. Esta ser\u00eda uno de los motivos m\u00e1s frecuentes de consulta derivado por el dolor en la base del pulgar.<\/li><li>En la articulaci\u00f3n m\u00e1s cercana a la punta del dedo o en la articulaci\u00f3n media del dedo. Si la patolog\u00eda evoluciona, pueden producirse deformidades.<\/li><li>Patolog\u00edas artr\u00f3sicas degenerativas postraum\u00e1ticas. Una fractura en el radio puede evolucionar con el tiempo en una artrosis de mu\u00f1eca. O tambi\u00e9n una fractura de dedo puede evolucionar en una artrosis precoz del dedo.<\/li><\/ul>\n\n\n\n<h2 class=\"wp-block-heading\"><strong>Tratamiento de patolog\u00edas artr\u00f3sicas<\/strong><\/h2>\n\n\n\n<div class=\"wp-block-image\"><figure class=\"alignright size-large\"><img loading=\"lazy\" decoding=\"async\" width=\"450\" height=\"300\" src=\"https:\/\/traumaunit.es\/blog\/wp-content\/uploads\/2020\/03\/patologias-artrosicas-1.jpg\" alt=\"artrosis mano y mu\u00f1eca\" class=\"wp-image-1028\"\/><\/figure><\/div>\n\n\n\n<p>Los tratamientos ser\u00e1n tambi\u00e9n muy diferentes dependiendo del origen y de las causas.<\/p>\n\n\n\n<p>Distinguir entre si es degenerativo o es derivado de una mala evoluci\u00f3n o una evoluci\u00f3n degenerativa de una fractura. <\/p>\n\n\n\n<p>El tiempo tambi\u00e9n es un factor importante. Es decir, una fractura a nivel de la\u00a0 articulaci\u00f3n en una persona de 65 a\u00f1os,  con menor exigencia articular que alguien de 20, ser\u00e1 dif\u00edcil que de tiempo a  desarrollar una artrosis o, si la llegase a desarrollar, muchas veces implicar\u00eda una menor merma de su calidad de cida que en alguien de 30 a\u00f1os.\u00a0 En cambio una fractura a nivel de la articulaci\u00f3n con 15 o 16 a\u00f1os y que queda afectada dicha articulaci\u00f3n, posiblemente con 30\/35 a\u00f1os tenga una artrosis. Es decir, la repercusi\u00f3n es mayor en una persona m\u00e1s joven ya que las exigencias mec\u00e1nicas entre unos y otros son mayores en las personas m\u00e1s j\u00f3venes.<\/p>\n\n\n\n<p>Los tratamientos de las patolog\u00edas artr\u00f3sicas  son muy variados\u00a0 y van desde tratamientos que implican la colocaci\u00f3n de una pr\u00f3tesis hasta tratamientos que buscan reconstruir esa articulaci\u00f3n de la mejor manera posible para intentar dar unos a\u00f1os m\u00e1s de vida a la propia articulaci\u00f3n.<\/p>\n\n\n\n<h3 class=\"wp-block-heading\">Artrodesis<\/h3>\n\n\n\n<div class=\"wp-block-image\"><figure class=\"alignleft size-large\"><img loading=\"lazy\" decoding=\"async\" width=\"450\" height=\"318\" src=\"https:\/\/traumaunit.es\/blog\/wp-content\/uploads\/2020\/03\/patologia-mano-mun\u0303eca.jpg\" alt=\"patologia artrosica mano y mu\u00f1eca\" class=\"wp-image-1032\"\/><\/figure><\/div>\n\n\n\n<p>En ocasiones debemos acudir a la <a href=\"https:\/\/es.wikipedia.org\/wiki\/Artrodesis\">artrodesis<\/a> que consiste en una intervenci\u00f3n quir\u00fargica en la que se fijan dos piezas \u00f3seas anclando la articulaci\u00f3n. Todo ello con la intenci\u00f3n de bloquear el movimiento que es el que provoca dolor por la propia artrosis. Lo que ocurre es que no es lo mismo bloquear el movimiento de un pulgar, de un dedo me\u00f1ique o de una falange que bloquear el movimiento de una mu\u00f1eca.<\/p>\n\n\n\n<p>El resultado puede ser muy diferente dependiendo de lo que el paciente nos pida. Aqu\u00ed estamos hablando de una cirug\u00eda \u00bb tailor made\u00bb, es decir, una cirug\u00eda a medida en cada caso concreto.<\/p>\n\n\n\n<p>Por fortuna, hay cada vez m\u00e1s alternativas de tratamiento, por ello, mi recomendaci\u00f3n es siempre dirigirse a un especialista para que pueda estudiar las mejores opciones.<\/p>\n\n\n\n<p>El equipo de<a href=\"https:\/\/traumaunit.es\/\"> TRAUMAUNIT<\/a>&nbsp; siempre estar\u00e1 a la vanguardia de todas las innovaciones y las \u00faltimas t\u00e9cnicas que surgen en nuestra especialidad&nbsp; para ofrecer la mejor atenci\u00f3n m\u00e9dica a nuestros pacientes.<\/p>\n\n\n\n<p>Si deseas m\u00e1s informaci\u00f3n sobre patolog\u00edas de <a href=\"https:\/\/traumaunit.es\/mano-y-muneca\/artrosis-de-los-dedos\">mano<\/a> y <a href=\"https:\/\/traumaunit.es\/mano-y-muneca\/artrosis-de-muneca\">mu\u00f1eca<\/a> o deseas concertar una primera visita, no dudes en<a href=\"https:\/\/traumaunit.es\/contacto\"> contactar<\/a> con nosotros.<\/p>\n\n\n\n<p>Doctor Pau Lopez-Osornio de Vega<br><\/p>\n","protected":false},"excerpt":{"rendered":"<p>La artrosis a nivel de mano o mu\u00f1eca al igual que en el resto de las articulaciones, ahora que vemos que la longevidad es una de las caracter\u00edsticas de las sociedades evolucionadas, est\u00e1 aumentando su prevalencia, pero los pacientes no quieren que ello lleve consigo una\u00a0 merma de su calidad de vida. Intentamos vivir mejor y exigiendo m\u00e1s al cuerpo. Esto lleva aparejado que nos encontremos con m\u00e1s patolog\u00eda artr\u00f3sica por las exigencias que nosotros le pedimos al cuerpo y tambi\u00e9n porque vivimos m\u00e1s. Puntos habituales donde aparece la patolog\u00eda artr\u00f3sica La patolog\u00eda artr\u00f3sica a nivel de mano y mu\u00f1eca&#8230;<\/p>\n","protected":false},"author":5,"featured_media":1030,"comment_status":"open","ping_status":"closed","sticky":false,"template":"","format":"standard","meta":{"footnotes":""},"categories":[65],"tags":[64,66],"class_list":["post-1022","post","type-post","status-publish","format-standard","has-post-thumbnail","hentry","category-patologias-artrosicas","tag-artrosis-mano-y-muneca","tag-patologias-artrosicas"],"yoast_head":"<!-- This site is optimized with the Yoast SEO plugin v27.2 - https:\/\/yoast.com\/product\/yoast-seo-wordpress\/ -->\n<title>Patolog\u00edas artr\u00f3sicas | Blog del Dr Casa\u00f1as - Cirug\u00eda ortop\u00e9dica y traumatolog\u00eda adultos<\/title>\n<meta name=\"description\" content=\"Las patolog\u00edas artr\u00f3sicas a nivel de mano o mu\u00f1eca est\u00e1 aumentando su prevalencia lo que representa una merma en la calidad de vida de los pacientes.\" \/>\n<meta name=\"robots\" content=\"index, follow, max-snippet:-1, max-image-preview:large, max-video-preview:-1\" \/>\n<link rel=\"canonical\" href=\"https:\/\/traumaunit.es\/blog\/patologias-artrosicas-artrosis-mano-y-muneca\/\" \/>\n<meta property=\"og:locale\" content=\"es_ES\" \/>\n<meta property=\"og:type\" content=\"article\" \/>\n<meta property=\"og:title\" content=\"Patolog\u00edas artr\u00f3sicas | Blog del Dr Casa\u00f1as - Cirug\u00eda ortop\u00e9dica y traumatolog\u00eda adultos\" \/>\n<meta property=\"og:description\" content=\"Las patolog\u00edas artr\u00f3sicas a nivel de mano o mu\u00f1eca est\u00e1 aumentando su prevalencia lo que representa una merma en la calidad de vida de los pacientes.\" \/>\n<meta property=\"og:url\" content=\"https:\/\/traumaunit.es\/blog\/patologias-artrosicas-artrosis-mano-y-muneca\/\" \/>\n<meta property=\"og:site_name\" content=\"Blog del Dr Casa\u00f1as - Cirug\u00eda ortop\u00e9dica y traumatolog\u00eda adultos\" \/>\n<meta property=\"article:publisher\" content=\"https:\/\/www.facebook.com\/Dr.Casanas.Traumaunit\/\" \/>\n<meta property=\"article:published_time\" content=\"2020-03-17T09:45:53+00:00\" \/>\n<meta property=\"article:modified_time\" content=\"2020-03-17T09:48:48+00:00\" \/>\n<meta property=\"og:image\" content=\"https:\/\/traumaunit.es\/blog\/wp-content\/uploads\/2020\/03\/artrosis-mano-y-mun\u0303eca-1.jpg\" \/>\n\t<meta property=\"og:image:width\" content=\"650\" \/>\n\t<meta property=\"og:image:height\" content=\"428\" \/>\n\t<meta property=\"og:image:type\" content=\"image\/jpeg\" \/>\n<meta name=\"author\" content=\"Dr. Joaqu\u00edn Casa\u00f1as\" \/>\n<meta name=\"twitter:card\" content=\"summary_large_image\" \/>\n<meta name=\"twitter:label1\" content=\"Escrito por\" \/>\n\t<meta name=\"twitter:data1\" content=\"Dr. Joaqu\u00edn Casa\u00f1as\" \/>\n\t<meta name=\"twitter:label2\" content=\"Tiempo de lectura\" \/>\n\t<meta name=\"twitter:data2\" content=\"3 minutos\" \/>\n<script type=\"application\/ld+json\" class=\"yoast-schema-graph\">{\"@context\":\"https:\/\/schema.org\",\"@graph\":[{\"@type\":\"Article\",\"@id\":\"https:\/\/traumaunit.es\/blog\/patologias-artrosicas-artrosis-mano-y-muneca\/#article\",\"isPartOf\":{\"@id\":\"https:\/\/traumaunit.es\/blog\/patologias-artrosicas-artrosis-mano-y-muneca\/\"},\"author\":{\"name\":\"Dr. Joaqu\u00edn Casa\u00f1as\",\"@id\":\"https:\/\/traumaunit.es\/blog\/#\/schema\/person\/811991b2641aa059a18c7c91104ed992\"},\"headline\":\"Patolog\u00edas artr\u00f3sicas\",\"datePublished\":\"2020-03-17T09:45:53+00:00\",\"dateModified\":\"2020-03-17T09:48:48+00:00\",\"mainEntityOfPage\":{\"@id\":\"https:\/\/traumaunit.es\/blog\/patologias-artrosicas-artrosis-mano-y-muneca\/\"},\"wordCount\":673,\"commentCount\":0,\"image\":{\"@id\":\"https:\/\/traumaunit.es\/blog\/patologias-artrosicas-artrosis-mano-y-muneca\/#primaryimage\"},\"thumbnailUrl\":\"https:\/\/traumaunit.es\/blog\/wp-content\/uploads\/2020\/03\/artrosis-mano-y-mun\u0303eca-1.jpg\",\"keywords\":[\"artrosis mano y mu\u00f1eca\",\"patolog\u00edas artr\u00f3sicas\"],\"articleSection\":[\"patolog\u00edas artr\u00f3sicas\"],\"inLanguage\":\"es\",\"potentialAction\":[{\"@type\":\"CommentAction\",\"name\":\"Comment\",\"target\":[\"https:\/\/traumaunit.es\/blog\/patologias-artrosicas-artrosis-mano-y-muneca\/#respond\"]}]},{\"@type\":\"WebPage\",\"@id\":\"https:\/\/traumaunit.es\/blog\/patologias-artrosicas-artrosis-mano-y-muneca\/\",\"url\":\"https:\/\/traumaunit.es\/blog\/patologias-artrosicas-artrosis-mano-y-muneca\/\",\"name\":\"Patolog\u00edas artr\u00f3sicas | Blog del Dr Casa\u00f1as - Cirug\u00eda ortop\u00e9dica y traumatolog\u00eda adultos\",\"isPartOf\":{\"@id\":\"https:\/\/traumaunit.es\/blog\/#website\"},\"primaryImageOfPage\":{\"@id\":\"https:\/\/traumaunit.es\/blog\/patologias-artrosicas-artrosis-mano-y-muneca\/#primaryimage\"},\"image\":{\"@id\":\"https:\/\/traumaunit.es\/blog\/patologias-artrosicas-artrosis-mano-y-muneca\/#primaryimage\"},\"thumbnailUrl\":\"https:\/\/traumaunit.es\/blog\/wp-content\/uploads\/2020\/03\/artrosis-mano-y-mun\u0303eca-1.jpg\",\"datePublished\":\"2020-03-17T09:45:53+00:00\",\"dateModified\":\"2020-03-17T09:48:48+00:00\",\"author\":{\"@id\":\"https:\/\/traumaunit.es\/blog\/#\/schema\/person\/811991b2641aa059a18c7c91104ed992\"},\"description\":\"Las patolog\u00edas artr\u00f3sicas a nivel de mano o mu\u00f1eca est\u00e1 aumentando su prevalencia lo que representa una merma en la calidad de vida de los pacientes.\",\"breadcrumb\":{\"@id\":\"https:\/\/traumaunit.es\/blog\/patologias-artrosicas-artrosis-mano-y-muneca\/#breadcrumb\"},\"inLanguage\":\"es\",\"potentialAction\":[{\"@type\":\"ReadAction\",\"target\":[\"https:\/\/traumaunit.es\/blog\/patologias-artrosicas-artrosis-mano-y-muneca\/\"]}]},{\"@type\":\"ImageObject\",\"inLanguage\":\"es\",\"@id\":\"https:\/\/traumaunit.es\/blog\/patologias-artrosicas-artrosis-mano-y-muneca\/#primaryimage\",\"url\":\"https:\/\/traumaunit.es\/blog\/wp-content\/uploads\/2020\/03\/artrosis-mano-y-mun\u0303eca-1.jpg\",\"contentUrl\":\"https:\/\/traumaunit.es\/blog\/wp-content\/uploads\/2020\/03\/artrosis-mano-y-mun\u0303eca-1.jpg\",\"width\":650,\"height\":428,\"caption\":\"patologias artrosicas\"},{\"@type\":\"BreadcrumbList\",\"@id\":\"https:\/\/traumaunit.es\/blog\/patologias-artrosicas-artrosis-mano-y-muneca\/#breadcrumb\",\"itemListElement\":[{\"@type\":\"ListItem\",\"position\":1,\"name\":\"Portada\",\"item\":\"https:\/\/traumaunit.es\/blog\/\"},{\"@type\":\"ListItem\",\"position\":2,\"name\":\"Patolog\u00edas artr\u00f3sicas\"}]},{\"@type\":\"WebSite\",\"@id\":\"https:\/\/traumaunit.es\/blog\/#website\",\"url\":\"https:\/\/traumaunit.es\/blog\/\",\"name\":\"Blog del Dr Casa\u00f1as - Cirug\u00eda ortop\u00e9dica y traumatolog\u00eda adultos\",\"description\":\"Blog del Doctor Joaquim Casa\u00f1as, especialista de gran prestigio en cirug\u00eda ortop\u00e9dica y traumatolog\u00eda adultos.\",\"potentialAction\":[{\"@type\":\"SearchAction\",\"target\":{\"@type\":\"EntryPoint\",\"urlTemplate\":\"https:\/\/traumaunit.es\/blog\/?s={search_term_string}\"},\"query-input\":{\"@type\":\"PropertyValueSpecification\",\"valueRequired\":true,\"valueName\":\"search_term_string\"}}],\"inLanguage\":\"es\"},{\"@type\":\"Person\",\"@id\":\"https:\/\/traumaunit.es\/blog\/#\/schema\/person\/811991b2641aa059a18c7c91104ed992\",\"name\":\"Dr. Joaqu\u00edn Casa\u00f1as\",\"image\":{\"@type\":\"ImageObject\",\"inLanguage\":\"es\",\"@id\":\"https:\/\/secure.gravatar.com\/avatar\/f24a728ebb8ec26b69321ec2d9352559ad2239c36f32c74fefbeb7c6aa42dcb4?s=96&d=mm&r=g\",\"url\":\"https:\/\/secure.gravatar.com\/avatar\/f24a728ebb8ec26b69321ec2d9352559ad2239c36f32c74fefbeb7c6aa42dcb4?s=96&d=mm&r=g\",\"contentUrl\":\"https:\/\/secure.gravatar.com\/avatar\/f24a728ebb8ec26b69321ec2d9352559ad2239c36f32c74fefbeb7c6aa42dcb4?s=96&d=mm&r=g\",\"caption\":\"Dr. Joaqu\u00edn Casa\u00f1as\"},\"description\":\"Dr. Joaqu\u00edn Casa\u00f1as es un especialista destacado en cirug\u00eda ortop\u00e9dica, traumatolog\u00eda, pero sobre todo en nervio perif\u00e9rico, plexo braquial y cirug\u00eda de la mano, de cuyas 3 especialidades atesora un gran prestigio internacional. Licenciado en Medicina y Cirug\u00eda por la Universidad Central de Barcelona en 1988, complet\u00f3 su formaci\u00f3n como m\u00e9dico residente (MIR) en la Ciudad Sanitaria y Universitaria de Bellvitge. Cuenta con el Diplomado Europeo en Cirug\u00eda de la Mano desde el 2000. Ha trabajado en diversas instituciones, incluyendo el Hospital de Meritxell en Andorra y el Hospital Germans Trias i Pujol de Badalona. Desde 1994, es m\u00e9dico adjunto en el servicio de Cirug\u00eda Ortop\u00e9dica y Traumatolog\u00eda de la Ciudad Sanitaria y Universitaria de Bellvitge. Adem\u00e1s de su pr\u00e1ctica cl\u00ednica, ha contribuido con numerosas publicaciones cient\u00edficas y cap\u00edtulos de libros en su campo. En la actualidad da conferencias en diferentes congresos internacionales en relaci\u00f3n a sus principales especialidades, adem\u00e1s de dirigir Traumaunit, la unidad de traumatolog\u00eda de Teknon en Barcelona.\",\"sameAs\":[\"http:\/\/traumaunit.es\",\"https:\/\/www.youtube.com\/channel\/UCDHOGYWyQKaaLl16Q9ln0hQ\"],\"url\":\"https:\/\/traumaunit.es\/blog\/author\/iamacookie\/\"}]}<\/script>\n<!-- \/ Yoast SEO plugin. -->","yoast_head_json":{"title":"Patolog\u00edas artr\u00f3sicas | Blog del Dr Casa\u00f1as - Cirug\u00eda ortop\u00e9dica y traumatolog\u00eda adultos","description":"Las patolog\u00edas artr\u00f3sicas a nivel de mano o mu\u00f1eca est\u00e1 aumentando su prevalencia lo que representa una merma en la calidad de vida de los pacientes.","robots":{"index":"index","follow":"follow","max-snippet":"max-snippet:-1","max-image-preview":"max-image-preview:large","max-video-preview":"max-video-preview:-1"},"canonical":"https:\/\/traumaunit.es\/blog\/patologias-artrosicas-artrosis-mano-y-muneca\/","og_locale":"es_ES","og_type":"article","og_title":"Patolog\u00edas artr\u00f3sicas | Blog del Dr Casa\u00f1as - Cirug\u00eda ortop\u00e9dica y traumatolog\u00eda adultos","og_description":"Las patolog\u00edas artr\u00f3sicas a nivel de mano o mu\u00f1eca est\u00e1 aumentando su prevalencia lo que representa una merma en la calidad de vida de los pacientes.","og_url":"https:\/\/traumaunit.es\/blog\/patologias-artrosicas-artrosis-mano-y-muneca\/","og_site_name":"Blog del Dr Casa\u00f1as - Cirug\u00eda ortop\u00e9dica y traumatolog\u00eda adultos","article_publisher":"https:\/\/www.facebook.com\/Dr.Casanas.Traumaunit\/","article_published_time":"2020-03-17T09:45:53+00:00","article_modified_time":"2020-03-17T09:48:48+00:00","og_image":[{"width":650,"height":428,"url":"https:\/\/traumaunit.es\/blog\/wp-content\/uploads\/2020\/03\/artrosis-mano-y-mun\u0303eca-1.jpg","type":"image\/jpeg"}],"author":"Dr. Joaqu\u00edn Casa\u00f1as","twitter_card":"summary_large_image","twitter_misc":{"Escrito por":"Dr. Joaqu\u00edn Casa\u00f1as","Tiempo de lectura":"3 minutos"},"schema":{"@context":"https:\/\/schema.org","@graph":[{"@type":"Article","@id":"https:\/\/traumaunit.es\/blog\/patologias-artrosicas-artrosis-mano-y-muneca\/#article","isPartOf":{"@id":"https:\/\/traumaunit.es\/blog\/patologias-artrosicas-artrosis-mano-y-muneca\/"},"author":{"name":"Dr. Joaqu\u00edn Casa\u00f1as","@id":"https:\/\/traumaunit.es\/blog\/#\/schema\/person\/811991b2641aa059a18c7c91104ed992"},"headline":"Patolog\u00edas artr\u00f3sicas","datePublished":"2020-03-17T09:45:53+00:00","dateModified":"2020-03-17T09:48:48+00:00","mainEntityOfPage":{"@id":"https:\/\/traumaunit.es\/blog\/patologias-artrosicas-artrosis-mano-y-muneca\/"},"wordCount":673,"commentCount":0,"image":{"@id":"https:\/\/traumaunit.es\/blog\/patologias-artrosicas-artrosis-mano-y-muneca\/#primaryimage"},"thumbnailUrl":"https:\/\/traumaunit.es\/blog\/wp-content\/uploads\/2020\/03\/artrosis-mano-y-mun\u0303eca-1.jpg","keywords":["artrosis mano y mu\u00f1eca","patolog\u00edas artr\u00f3sicas"],"articleSection":["patolog\u00edas artr\u00f3sicas"],"inLanguage":"es","potentialAction":[{"@type":"CommentAction","name":"Comment","target":["https:\/\/traumaunit.es\/blog\/patologias-artrosicas-artrosis-mano-y-muneca\/#respond"]}]},{"@type":"WebPage","@id":"https:\/\/traumaunit.es\/blog\/patologias-artrosicas-artrosis-mano-y-muneca\/","url":"https:\/\/traumaunit.es\/blog\/patologias-artrosicas-artrosis-mano-y-muneca\/","name":"Patolog\u00edas artr\u00f3sicas | Blog del Dr Casa\u00f1as - Cirug\u00eda ortop\u00e9dica y traumatolog\u00eda adultos","isPartOf":{"@id":"https:\/\/traumaunit.es\/blog\/#website"},"primaryImageOfPage":{"@id":"https:\/\/traumaunit.es\/blog\/patologias-artrosicas-artrosis-mano-y-muneca\/#primaryimage"},"image":{"@id":"https:\/\/traumaunit.es\/blog\/patologias-artrosicas-artrosis-mano-y-muneca\/#primaryimage"},"thumbnailUrl":"https:\/\/traumaunit.es\/blog\/wp-content\/uploads\/2020\/03\/artrosis-mano-y-mun\u0303eca-1.jpg","datePublished":"2020-03-17T09:45:53+00:00","dateModified":"2020-03-17T09:48:48+00:00","author":{"@id":"https:\/\/traumaunit.es\/blog\/#\/schema\/person\/811991b2641aa059a18c7c91104ed992"},"description":"Las patolog\u00edas artr\u00f3sicas a nivel de mano o mu\u00f1eca est\u00e1 aumentando su prevalencia lo que representa una merma en la calidad de vida de los pacientes.","breadcrumb":{"@id":"https:\/\/traumaunit.es\/blog\/patologias-artrosicas-artrosis-mano-y-muneca\/#breadcrumb"},"inLanguage":"es","potentialAction":[{"@type":"ReadAction","target":["https:\/\/traumaunit.es\/blog\/patologias-artrosicas-artrosis-mano-y-muneca\/"]}]},{"@type":"ImageObject","inLanguage":"es","@id":"https:\/\/traumaunit.es\/blog\/patologias-artrosicas-artrosis-mano-y-muneca\/#primaryimage","url":"https:\/\/traumaunit.es\/blog\/wp-content\/uploads\/2020\/03\/artrosis-mano-y-mun\u0303eca-1.jpg","contentUrl":"https:\/\/traumaunit.es\/blog\/wp-content\/uploads\/2020\/03\/artrosis-mano-y-mun\u0303eca-1.jpg","width":650,"height":428,"caption":"patologias artrosicas"},{"@type":"BreadcrumbList","@id":"https:\/\/traumaunit.es\/blog\/patologias-artrosicas-artrosis-mano-y-muneca\/#breadcrumb","itemListElement":[{"@type":"ListItem","position":1,"name":"Portada","item":"https:\/\/traumaunit.es\/blog\/"},{"@type":"ListItem","position":2,"name":"Patolog\u00edas artr\u00f3sicas"}]},{"@type":"WebSite","@id":"https:\/\/traumaunit.es\/blog\/#website","url":"https:\/\/traumaunit.es\/blog\/","name":"Blog del Dr Casa\u00f1as - Cirug\u00eda ortop\u00e9dica y traumatolog\u00eda adultos","description":"Blog del Doctor Joaquim Casa\u00f1as, especialista de gran prestigio en cirug\u00eda ortop\u00e9dica y traumatolog\u00eda adultos.","potentialAction":[{"@type":"SearchAction","target":{"@type":"EntryPoint","urlTemplate":"https:\/\/traumaunit.es\/blog\/?s={search_term_string}"},"query-input":{"@type":"PropertyValueSpecification","valueRequired":true,"valueName":"search_term_string"}}],"inLanguage":"es"},{"@type":"Person","@id":"https:\/\/traumaunit.es\/blog\/#\/schema\/person\/811991b2641aa059a18c7c91104ed992","name":"Dr. Joaqu\u00edn Casa\u00f1as","image":{"@type":"ImageObject","inLanguage":"es","@id":"https:\/\/secure.gravatar.com\/avatar\/f24a728ebb8ec26b69321ec2d9352559ad2239c36f32c74fefbeb7c6aa42dcb4?s=96&d=mm&r=g","url":"https:\/\/secure.gravatar.com\/avatar\/f24a728ebb8ec26b69321ec2d9352559ad2239c36f32c74fefbeb7c6aa42dcb4?s=96&d=mm&r=g","contentUrl":"https:\/\/secure.gravatar.com\/avatar\/f24a728ebb8ec26b69321ec2d9352559ad2239c36f32c74fefbeb7c6aa42dcb4?s=96&d=mm&r=g","caption":"Dr. Joaqu\u00edn Casa\u00f1as"},"description":"Dr. Joaqu\u00edn Casa\u00f1as es un especialista destacado en cirug\u00eda ortop\u00e9dica, traumatolog\u00eda, pero sobre todo en nervio perif\u00e9rico, plexo braquial y cirug\u00eda de la mano, de cuyas 3 especialidades atesora un gran prestigio internacional. Licenciado en Medicina y Cirug\u00eda por la Universidad Central de Barcelona en 1988, complet\u00f3 su formaci\u00f3n como m\u00e9dico residente (MIR) en la Ciudad Sanitaria y Universitaria de Bellvitge. Cuenta con el Diplomado Europeo en Cirug\u00eda de la Mano desde el 2000. Ha trabajado en diversas instituciones, incluyendo el Hospital de Meritxell en Andorra y el Hospital Germans Trias i Pujol de Badalona. Desde 1994, es m\u00e9dico adjunto en el servicio de Cirug\u00eda Ortop\u00e9dica y Traumatolog\u00eda de la Ciudad Sanitaria y Universitaria de Bellvitge. Adem\u00e1s de su pr\u00e1ctica cl\u00ednica, ha contribuido con numerosas publicaciones cient\u00edficas y cap\u00edtulos de libros en su campo. En la actualidad da conferencias en diferentes congresos internacionales en relaci\u00f3n a sus principales especialidades, adem\u00e1s de dirigir Traumaunit, la unidad de traumatolog\u00eda de Teknon en Barcelona.","sameAs":["http:\/\/traumaunit.es","https:\/\/www.youtube.com\/channel\/UCDHOGYWyQKaaLl16Q9ln0hQ"],"url":"https:\/\/traumaunit.es\/blog\/author\/iamacookie\/"}]}},"_links":{"self":[{"href":"https:\/\/traumaunit.es\/blog\/wp-json\/wp\/v2\/posts\/1022","targetHints":{"allow":["GET"]}}],"collection":[{"href":"https:\/\/traumaunit.es\/blog\/wp-json\/wp\/v2\/posts"}],"about":[{"href":"https:\/\/traumaunit.es\/blog\/wp-json\/wp\/v2\/types\/post"}],"author":[{"embeddable":true,"href":"https:\/\/traumaunit.es\/blog\/wp-json\/wp\/v2\/users\/5"}],"replies":[{"embeddable":true,"href":"https:\/\/traumaunit.es\/blog\/wp-json\/wp\/v2\/comments?post=1022"}],"version-history":[{"count":8,"href":"https:\/\/traumaunit.es\/blog\/wp-json\/wp\/v2\/posts\/1022\/revisions"}],"predecessor-version":[{"id":1036,"href":"https:\/\/traumaunit.es\/blog\/wp-json\/wp\/v2\/posts\/1022\/revisions\/1036"}],"wp:featuredmedia":[{"embeddable":true,"href":"https:\/\/traumaunit.es\/blog\/wp-json\/wp\/v2\/media\/1030"}],"wp:attachment":[{"href":"https:\/\/traumaunit.es\/blog\/wp-json\/wp\/v2\/media?parent=1022"}],"wp:term":[{"taxonomy":"category","embeddable":true,"href":"https:\/\/traumaunit.es\/blog\/wp-json\/wp\/v2\/categories?post=1022"},{"taxonomy":"post_tag","embeddable":true,"href":"https:\/\/traumaunit.es\/blog\/wp-json\/wp\/v2\/tags?post=1022"}],"curies":[{"name":"wp","href":"https:\/\/api.w.org\/{rel}","templated":true}]}}