{"id":1205,"date":"2020-06-01T18:48:00","date_gmt":"2020-06-01T18:48:00","guid":{"rendered":"https:\/\/traumaunit.es\/blog\/?p=1205"},"modified":"2020-07-07T17:43:42","modified_gmt":"2020-07-07T17:43:42","slug":"paralisis-braquial","status":"publish","type":"post","link":"https:\/\/traumaunit.es\/blog\/paralisis-braquial\/","title":{"rendered":"Lesi\u00f3n del plexo braquial obst\u00e9trico | Par\u00e1lisis braquial obst\u00e9trica"},"content":{"rendered":"\n<h2 class=\"wp-block-heading\">LESI\u00d3N DEL PLEXO BRAQUIAL OBST\u00c9TRICO<\/h2>\n\n\n\n<p><\/p>\n\n\n\n<p><a href=\"https:\/\/traumaunit.es\/nervio-periferico-plexo\/lesiones-plexo-braquial\">El plexo braquial<\/a>&nbsp; es una red nerviosa localizada en la base del cuello y la fosa axilar, responsable de la funci\u00f3n motora y sensitiva de la extremidad superior. El plexo braquial&nbsp; puede quedar lesionado en el momento del parto y por ello hablamos de plexo braquial obst\u00e9trico, refiri\u00e9ndonos, por lo tanto, a la patolog\u00eda que afecta a la par\u00e1lisis del plexo braquial en el reci\u00e9n nacido.<\/p>\n\n\n\n<p><\/p>\n\n\n\n<p><\/p>\n\n\n\n<h2 class=\"wp-block-heading\">PAR\u00c1LISIS BRAQUIAL OBST\u00c9TRICA<\/h2>\n\n\n\n<p><\/p>\n\n\n\n<p>La par\u00e1lisis braquial obst\u00e9trica consiste en la par\u00e1lisis de la extremidad superior (brazos) del reci\u00e9n nacido.&nbsp;<\/p>\n\n\n\n<h2 class=\"wp-block-heading\">CAUSAS DE LA PAR\u00c1LISIS BRAQUIAL OBST\u00c9TRICA<\/h2>\n\n\n\n<p><\/p>\n\n\n\n<p>Esto viene ocasionado por una anomal\u00eda en el canal del parto y el tama\u00f1o del beb\u00e9 o la posici\u00f3n del beb\u00e9 pero a veces puede no haber una relaci\u00f3n directa con esta diferencia de tama\u00f1os.<\/p>\n\n\n\n<div class=\"wp-block-image\"><figure class=\"alignright size-large\"><img loading=\"lazy\" decoding=\"async\" width=\"450\" height=\"300\" src=\"https:\/\/traumaunit.es\/blog\/wp-content\/uploads\/2020\/06\/47623879_s.jpg\" alt=\"plexo braquial obstetrico\" class=\"wp-image-1209\"\/><\/figure><\/div>\n\n\n\n<p>Lo que ocurre es que, desafortunadamente, en el momento del parto (incluso muy raramente en alguna ces\u00e1rea) sucede que se lesionan los nervios del plexo braquial produciendo una par\u00e1lisis de la extremidad superior del reci\u00e9n nacido.<\/p>\n\n\n\n<h2 class=\"wp-block-heading\">TRATAMIENTO DE LA PAR\u00c1LISIS BRAQUIAL OBST\u00c9TRICA<\/h2>\n\n\n\n<p><\/p>\n\n\n\n<p>Esta es una situaci\u00f3n que el abordaje y manejo de esta patolog\u00eda ha cambiado sustancialmente en los \u00faltimos a\u00f1os. Hemos pasado de un abordaje mediante cirug\u00eda muy pronta, muy invasiva y muy agresiva, a un periodo mayor de observaci\u00f3n del beb\u00e9 y los que son operados, no lo son hasta los 3 a 9 meses del nacimiento.<\/p>\n\n\n\n<p>Resumiendo muy brevemente, quienes son los pacientes que se tienen que operar y los que no, es dif\u00edcil en una explicaci\u00f3n breve y en el \u00e1mbito divulgativo. Pero lo que s\u00ed est\u00e1 claro es que la tendencia asociados hoy en d\u00eda a unos manejos de protocolo con una valoraci\u00f3n objetiva muy clara y la cirug\u00eda asistida de registro intraoperatorio como la que realizamos en nuestro grupo d\u00e1 los mejores resultados en el manejo del mismo.<\/p>\n\n\n\n<div class=\"wp-block-image\"><figure class=\"alignleft size-large\"><img loading=\"lazy\" decoding=\"async\" width=\"300\" height=\"450\" src=\"https:\/\/traumaunit.es\/blog\/wp-content\/uploads\/2020\/06\/143738034_s.jpg\" alt=\"plexo braquial cirug\u00eda bebes\" class=\"wp-image-1211\"\/><\/figure><\/div>\n\n\n\n<p>Por ejemplo, en casos de par\u00e1lisis muy severas y con afectaci\u00f3n completa tienen tendencia a cirug\u00eda alrededor de los 3 meses. Cuando la funci\u00f3n del codo se va recuperando, solemos esperar hasta los 9 meses. No obstante, todo ello se debe hacerse en base a una escala que se maneja para saber cual es la funci\u00f3n global de la extremidad.<\/p>\n\n\n\n<p><\/p>\n\n\n\n<h2 class=\"wp-block-heading\">PROBLEMAS ASOCIADOS A LA PAR\u00c1LISIS BRAQUIAL OBST\u00c9TRICA<\/h2>\n\n\n\n<p><\/p>\n\n\n\n<p>Asimismo, muchas veces, el plexo braquial obst\u00e9trico lleva asociados problemas en el crecimiento de la extremidad, incluso esto en fases muy precoces, sobre todo con una afectaci\u00f3n muy importante de deformidades esquel\u00e9ticas en el hombro. Este tambi\u00e9n es un aspecto que debemos contemplar al mismo tiempo que la patolog\u00eda puramente nerviosa que es la que ha ocasionado este da\u00f1o en la funci\u00f3n de la extremidad superior del beb\u00e9.<\/p>\n\n\n\n<p>El equipo de<a href=\"https:\/\/traumaunit.es\/\"> TRAUMAUNIT<\/a>&nbsp; siempre estar\u00e1 a la vanguardia de todas las innovaciones y las \u00faltimas t\u00e9cnicas que surgen en nuestra especialidad&nbsp; para ofrecer la mejor atenci\u00f3n m\u00e9dica a nuestros pacientes.<\/p>\n\n\n\n<p>Si deseas m\u00e1s informaci\u00f3n sobre <a href=\"https:\/\/traumaunit.es\/nervio-periferico-plexo\/cirugia-del-nervio-periferico\">nervio perif\u00e9rico y plexo<\/a>&nbsp; o deseas concertar una primera visita, no dudes en<a href=\"https:\/\/traumaunit.es\/contacto\"> contactar<\/a> con nosotros.<\/p>\n\n\n\n<p>Doctor Joaquim Casa\u00f1as<\/p>\n","protected":false},"excerpt":{"rendered":"<p>LESI\u00d3N DEL PLEXO BRAQUIAL OBST\u00c9TRICO El plexo braquial&nbsp; es una red nerviosa localizada en la base del cuello y la fosa axilar, responsable de la funci\u00f3n motora y sensitiva de la extremidad superior. El plexo braquial&nbsp; puede quedar lesionado en el momento del parto y por ello hablamos de plexo braquial obst\u00e9trico, refiri\u00e9ndonos, por lo tanto, a la patolog\u00eda que afecta a la par\u00e1lisis del plexo braquial en el reci\u00e9n nacido. PAR\u00c1LISIS BRAQUIAL OBST\u00c9TRICA La par\u00e1lisis braquial obst\u00e9trica consiste en la par\u00e1lisis de la extremidad superior (brazos) del reci\u00e9n nacido.&nbsp; CAUSAS DE LA PAR\u00c1LISIS BRAQUIAL OBST\u00c9TRICA Esto viene ocasionado por&#8230;<\/p>\n","protected":false},"author":5,"featured_media":1206,"comment_status":"open","ping_status":"closed","sticky":false,"template":"","format":"standard","meta":{"footnotes":""},"categories":[74,75,39,73],"tags":[19],"class_list":["post-1205","post","type-post","status-publish","format-standard","has-post-thumbnail","hentry","category-paralisis-braquial","category-paralisis-braquial-2","category-patologia-nervio-perfiferico","category-plexo-braquial","tag-nervio-periferico"],"yoast_head":"<!-- This site is optimized with the Yoast SEO plugin v27.2 - https:\/\/yoast.com\/product\/yoast-seo-wordpress\/ -->\n<title>Lesi\u00f3n del plexo braquial obst\u00e9trico | Par\u00e1lisis braquial obst\u00e9trica | Blog del Dr Casa\u00f1as - Cirug\u00eda ortop\u00e9dica y traumatolog\u00eda adultos<\/title>\n<meta name=\"description\" content=\"La lesi\u00f3n del plexo braquial obstetricio se refiere a la patolog\u00eda que afecta a la par\u00e1lisis del plexo braquial en el reci\u00e9n nacido.\" \/>\n<meta name=\"robots\" content=\"index, follow, max-snippet:-1, max-image-preview:large, max-video-preview:-1\" \/>\n<link rel=\"canonical\" href=\"https:\/\/traumaunit.es\/blog\/paralisis-braquial\/\" \/>\n<meta property=\"og:locale\" content=\"es_ES\" \/>\n<meta property=\"og:type\" content=\"article\" \/>\n<meta property=\"og:title\" content=\"Lesi\u00f3n del plexo braquial obst\u00e9trico | Par\u00e1lisis braquial obst\u00e9trica | Blog del Dr Casa\u00f1as - Cirug\u00eda ortop\u00e9dica y traumatolog\u00eda adultos\" \/>\n<meta property=\"og:description\" content=\"La lesi\u00f3n del plexo braquial obstetricio se refiere a la patolog\u00eda que afecta a la par\u00e1lisis del plexo braquial en el reci\u00e9n nacido.\" \/>\n<meta property=\"og:url\" content=\"https:\/\/traumaunit.es\/blog\/paralisis-braquial\/\" \/>\n<meta property=\"og:site_name\" content=\"Blog del Dr Casa\u00f1as - Cirug\u00eda ortop\u00e9dica y traumatolog\u00eda adultos\" \/>\n<meta property=\"article:publisher\" content=\"https:\/\/www.facebook.com\/Dr.Casanas.Traumaunit\/\" \/>\n<meta property=\"article:published_time\" content=\"2020-06-01T18:48:00+00:00\" \/>\n<meta property=\"article:modified_time\" content=\"2020-07-07T17:43:42+00:00\" \/>\n<meta property=\"og:image\" content=\"https:\/\/traumaunit.es\/blog\/wp-content\/uploads\/2020\/06\/plexo-braquial.jpg\" \/>\n\t<meta property=\"og:image:width\" content=\"450\" \/>\n\t<meta property=\"og:image:height\" content=\"353\" \/>\n\t<meta property=\"og:image:type\" content=\"image\/jpeg\" \/>\n<meta name=\"author\" content=\"Dr. Joaqu\u00edn Casa\u00f1as\" \/>\n<meta name=\"twitter:card\" content=\"summary_large_image\" \/>\n<meta name=\"twitter:label1\" content=\"Escrito por\" \/>\n\t<meta name=\"twitter:data1\" content=\"Dr. Joaqu\u00edn Casa\u00f1as\" \/>\n\t<meta name=\"twitter:label2\" content=\"Tiempo de lectura\" \/>\n\t<meta name=\"twitter:data2\" content=\"3 minutos\" \/>\n<script type=\"application\/ld+json\" class=\"yoast-schema-graph\">{\"@context\":\"https:\/\/schema.org\",\"@graph\":[{\"@type\":\"Article\",\"@id\":\"https:\/\/traumaunit.es\/blog\/paralisis-braquial\/#article\",\"isPartOf\":{\"@id\":\"https:\/\/traumaunit.es\/blog\/paralisis-braquial\/\"},\"author\":{\"name\":\"Dr. Joaqu\u00edn Casa\u00f1as\",\"@id\":\"https:\/\/traumaunit.es\/blog\/#\/schema\/person\/811991b2641aa059a18c7c91104ed992\"},\"headline\":\"Lesi\u00f3n del plexo braquial obst\u00e9trico | Par\u00e1lisis braquial obst\u00e9trica\",\"datePublished\":\"2020-06-01T18:48:00+00:00\",\"dateModified\":\"2020-07-07T17:43:42+00:00\",\"mainEntityOfPage\":{\"@id\":\"https:\/\/traumaunit.es\/blog\/paralisis-braquial\/\"},\"wordCount\":566,\"commentCount\":4,\"image\":{\"@id\":\"https:\/\/traumaunit.es\/blog\/paralisis-braquial\/#primaryimage\"},\"thumbnailUrl\":\"https:\/\/traumaunit.es\/blog\/wp-content\/uploads\/2020\/06\/plexo-braquial.jpg\",\"keywords\":[\"Nervio perif\u00e9rico\"],\"articleSection\":[\"paralisis braquial\",\"par\u00e1lisis braquial\",\"patolog\u00eda nervio perfif\u00e9rico\",\"plexo braquial\"],\"inLanguage\":\"es\",\"potentialAction\":[{\"@type\":\"CommentAction\",\"name\":\"Comment\",\"target\":[\"https:\/\/traumaunit.es\/blog\/paralisis-braquial\/#respond\"]}]},{\"@type\":\"WebPage\",\"@id\":\"https:\/\/traumaunit.es\/blog\/paralisis-braquial\/\",\"url\":\"https:\/\/traumaunit.es\/blog\/paralisis-braquial\/\",\"name\":\"Lesi\u00f3n del plexo braquial obst\u00e9trico | Par\u00e1lisis braquial obst\u00e9trica | Blog del Dr Casa\u00f1as - Cirug\u00eda ortop\u00e9dica y traumatolog\u00eda adultos\",\"isPartOf\":{\"@id\":\"https:\/\/traumaunit.es\/blog\/#website\"},\"primaryImageOfPage\":{\"@id\":\"https:\/\/traumaunit.es\/blog\/paralisis-braquial\/#primaryimage\"},\"image\":{\"@id\":\"https:\/\/traumaunit.es\/blog\/paralisis-braquial\/#primaryimage\"},\"thumbnailUrl\":\"https:\/\/traumaunit.es\/blog\/wp-content\/uploads\/2020\/06\/plexo-braquial.jpg\",\"datePublished\":\"2020-06-01T18:48:00+00:00\",\"dateModified\":\"2020-07-07T17:43:42+00:00\",\"author\":{\"@id\":\"https:\/\/traumaunit.es\/blog\/#\/schema\/person\/811991b2641aa059a18c7c91104ed992\"},\"description\":\"La lesi\u00f3n del plexo braquial obstetricio se refiere a la patolog\u00eda que afecta a la par\u00e1lisis del plexo braquial en el reci\u00e9n nacido.\",\"breadcrumb\":{\"@id\":\"https:\/\/traumaunit.es\/blog\/paralisis-braquial\/#breadcrumb\"},\"inLanguage\":\"es\",\"potentialAction\":[{\"@type\":\"ReadAction\",\"target\":[\"https:\/\/traumaunit.es\/blog\/paralisis-braquial\/\"]}]},{\"@type\":\"ImageObject\",\"inLanguage\":\"es\",\"@id\":\"https:\/\/traumaunit.es\/blog\/paralisis-braquial\/#primaryimage\",\"url\":\"https:\/\/traumaunit.es\/blog\/wp-content\/uploads\/2020\/06\/plexo-braquial.jpg\",\"contentUrl\":\"https:\/\/traumaunit.es\/blog\/wp-content\/uploads\/2020\/06\/plexo-braquial.jpg\",\"width\":450,\"height\":353,\"caption\":\"plexo braquial\"},{\"@type\":\"BreadcrumbList\",\"@id\":\"https:\/\/traumaunit.es\/blog\/paralisis-braquial\/#breadcrumb\",\"itemListElement\":[{\"@type\":\"ListItem\",\"position\":1,\"name\":\"Portada\",\"item\":\"https:\/\/traumaunit.es\/blog\/\"},{\"@type\":\"ListItem\",\"position\":2,\"name\":\"Lesi\u00f3n del plexo braquial obst\u00e9trico | Par\u00e1lisis braquial obst\u00e9trica\"}]},{\"@type\":\"WebSite\",\"@id\":\"https:\/\/traumaunit.es\/blog\/#website\",\"url\":\"https:\/\/traumaunit.es\/blog\/\",\"name\":\"Blog del Dr Casa\u00f1as - Cirug\u00eda ortop\u00e9dica y traumatolog\u00eda adultos\",\"description\":\"Blog del Doctor Joaquim Casa\u00f1as, especialista de gran prestigio en cirug\u00eda ortop\u00e9dica y traumatolog\u00eda adultos.\",\"potentialAction\":[{\"@type\":\"SearchAction\",\"target\":{\"@type\":\"EntryPoint\",\"urlTemplate\":\"https:\/\/traumaunit.es\/blog\/?s={search_term_string}\"},\"query-input\":{\"@type\":\"PropertyValueSpecification\",\"valueRequired\":true,\"valueName\":\"search_term_string\"}}],\"inLanguage\":\"es\"},{\"@type\":\"Person\",\"@id\":\"https:\/\/traumaunit.es\/blog\/#\/schema\/person\/811991b2641aa059a18c7c91104ed992\",\"name\":\"Dr. Joaqu\u00edn Casa\u00f1as\",\"image\":{\"@type\":\"ImageObject\",\"inLanguage\":\"es\",\"@id\":\"https:\/\/secure.gravatar.com\/avatar\/f24a728ebb8ec26b69321ec2d9352559ad2239c36f32c74fefbeb7c6aa42dcb4?s=96&d=mm&r=g\",\"url\":\"https:\/\/secure.gravatar.com\/avatar\/f24a728ebb8ec26b69321ec2d9352559ad2239c36f32c74fefbeb7c6aa42dcb4?s=96&d=mm&r=g\",\"contentUrl\":\"https:\/\/secure.gravatar.com\/avatar\/f24a728ebb8ec26b69321ec2d9352559ad2239c36f32c74fefbeb7c6aa42dcb4?s=96&d=mm&r=g\",\"caption\":\"Dr. Joaqu\u00edn Casa\u00f1as\"},\"description\":\"Dr. Joaqu\u00edn Casa\u00f1as es un especialista destacado en cirug\u00eda ortop\u00e9dica, traumatolog\u00eda, pero sobre todo en nervio perif\u00e9rico, plexo braquial y cirug\u00eda de la mano, de cuyas 3 especialidades atesora un gran prestigio internacional. Licenciado en Medicina y Cirug\u00eda por la Universidad Central de Barcelona en 1988, complet\u00f3 su formaci\u00f3n como m\u00e9dico residente (MIR) en la Ciudad Sanitaria y Universitaria de Bellvitge. Cuenta con el Diplomado Europeo en Cirug\u00eda de la Mano desde el 2000. Ha trabajado en diversas instituciones, incluyendo el Hospital de Meritxell en Andorra y el Hospital Germans Trias i Pujol de Badalona. Desde 1994, es m\u00e9dico adjunto en el servicio de Cirug\u00eda Ortop\u00e9dica y Traumatolog\u00eda de la Ciudad Sanitaria y Universitaria de Bellvitge. Adem\u00e1s de su pr\u00e1ctica cl\u00ednica, ha contribuido con numerosas publicaciones cient\u00edficas y cap\u00edtulos de libros en su campo. En la actualidad da conferencias en diferentes congresos internacionales en relaci\u00f3n a sus principales especialidades, adem\u00e1s de dirigir Traumaunit, la unidad de traumatolog\u00eda de Teknon en Barcelona.\",\"sameAs\":[\"http:\/\/traumaunit.es\",\"https:\/\/www.youtube.com\/channel\/UCDHOGYWyQKaaLl16Q9ln0hQ\"],\"url\":\"https:\/\/traumaunit.es\/blog\/author\/iamacookie\/\"}]}<\/script>\n<!-- \/ Yoast SEO plugin. -->","yoast_head_json":{"title":"Lesi\u00f3n del plexo braquial obst\u00e9trico | Par\u00e1lisis braquial obst\u00e9trica | Blog del Dr Casa\u00f1as - Cirug\u00eda ortop\u00e9dica y traumatolog\u00eda adultos","description":"La lesi\u00f3n del plexo braquial obstetricio se refiere a la patolog\u00eda que afecta a la par\u00e1lisis del plexo braquial en el reci\u00e9n nacido.","robots":{"index":"index","follow":"follow","max-snippet":"max-snippet:-1","max-image-preview":"max-image-preview:large","max-video-preview":"max-video-preview:-1"},"canonical":"https:\/\/traumaunit.es\/blog\/paralisis-braquial\/","og_locale":"es_ES","og_type":"article","og_title":"Lesi\u00f3n del plexo braquial obst\u00e9trico | Par\u00e1lisis braquial obst\u00e9trica | Blog del Dr Casa\u00f1as - Cirug\u00eda ortop\u00e9dica y traumatolog\u00eda adultos","og_description":"La lesi\u00f3n del plexo braquial obstetricio se refiere a la patolog\u00eda que afecta a la par\u00e1lisis del plexo braquial en el reci\u00e9n nacido.","og_url":"https:\/\/traumaunit.es\/blog\/paralisis-braquial\/","og_site_name":"Blog del Dr Casa\u00f1as - Cirug\u00eda ortop\u00e9dica y traumatolog\u00eda adultos","article_publisher":"https:\/\/www.facebook.com\/Dr.Casanas.Traumaunit\/","article_published_time":"2020-06-01T18:48:00+00:00","article_modified_time":"2020-07-07T17:43:42+00:00","og_image":[{"width":450,"height":353,"url":"https:\/\/traumaunit.es\/blog\/wp-content\/uploads\/2020\/06\/plexo-braquial.jpg","type":"image\/jpeg"}],"author":"Dr. Joaqu\u00edn Casa\u00f1as","twitter_card":"summary_large_image","twitter_misc":{"Escrito por":"Dr. Joaqu\u00edn Casa\u00f1as","Tiempo de lectura":"3 minutos"},"schema":{"@context":"https:\/\/schema.org","@graph":[{"@type":"Article","@id":"https:\/\/traumaunit.es\/blog\/paralisis-braquial\/#article","isPartOf":{"@id":"https:\/\/traumaunit.es\/blog\/paralisis-braquial\/"},"author":{"name":"Dr. Joaqu\u00edn Casa\u00f1as","@id":"https:\/\/traumaunit.es\/blog\/#\/schema\/person\/811991b2641aa059a18c7c91104ed992"},"headline":"Lesi\u00f3n del plexo braquial obst\u00e9trico | Par\u00e1lisis braquial obst\u00e9trica","datePublished":"2020-06-01T18:48:00+00:00","dateModified":"2020-07-07T17:43:42+00:00","mainEntityOfPage":{"@id":"https:\/\/traumaunit.es\/blog\/paralisis-braquial\/"},"wordCount":566,"commentCount":4,"image":{"@id":"https:\/\/traumaunit.es\/blog\/paralisis-braquial\/#primaryimage"},"thumbnailUrl":"https:\/\/traumaunit.es\/blog\/wp-content\/uploads\/2020\/06\/plexo-braquial.jpg","keywords":["Nervio perif\u00e9rico"],"articleSection":["paralisis braquial","par\u00e1lisis braquial","patolog\u00eda nervio perfif\u00e9rico","plexo braquial"],"inLanguage":"es","potentialAction":[{"@type":"CommentAction","name":"Comment","target":["https:\/\/traumaunit.es\/blog\/paralisis-braquial\/#respond"]}]},{"@type":"WebPage","@id":"https:\/\/traumaunit.es\/blog\/paralisis-braquial\/","url":"https:\/\/traumaunit.es\/blog\/paralisis-braquial\/","name":"Lesi\u00f3n del plexo braquial obst\u00e9trico | Par\u00e1lisis braquial obst\u00e9trica | Blog del Dr Casa\u00f1as - Cirug\u00eda ortop\u00e9dica y traumatolog\u00eda adultos","isPartOf":{"@id":"https:\/\/traumaunit.es\/blog\/#website"},"primaryImageOfPage":{"@id":"https:\/\/traumaunit.es\/blog\/paralisis-braquial\/#primaryimage"},"image":{"@id":"https:\/\/traumaunit.es\/blog\/paralisis-braquial\/#primaryimage"},"thumbnailUrl":"https:\/\/traumaunit.es\/blog\/wp-content\/uploads\/2020\/06\/plexo-braquial.jpg","datePublished":"2020-06-01T18:48:00+00:00","dateModified":"2020-07-07T17:43:42+00:00","author":{"@id":"https:\/\/traumaunit.es\/blog\/#\/schema\/person\/811991b2641aa059a18c7c91104ed992"},"description":"La lesi\u00f3n del plexo braquial obstetricio se refiere a la patolog\u00eda que afecta a la par\u00e1lisis del plexo braquial en el reci\u00e9n nacido.","breadcrumb":{"@id":"https:\/\/traumaunit.es\/blog\/paralisis-braquial\/#breadcrumb"},"inLanguage":"es","potentialAction":[{"@type":"ReadAction","target":["https:\/\/traumaunit.es\/blog\/paralisis-braquial\/"]}]},{"@type":"ImageObject","inLanguage":"es","@id":"https:\/\/traumaunit.es\/blog\/paralisis-braquial\/#primaryimage","url":"https:\/\/traumaunit.es\/blog\/wp-content\/uploads\/2020\/06\/plexo-braquial.jpg","contentUrl":"https:\/\/traumaunit.es\/blog\/wp-content\/uploads\/2020\/06\/plexo-braquial.jpg","width":450,"height":353,"caption":"plexo braquial"},{"@type":"BreadcrumbList","@id":"https:\/\/traumaunit.es\/blog\/paralisis-braquial\/#breadcrumb","itemListElement":[{"@type":"ListItem","position":1,"name":"Portada","item":"https:\/\/traumaunit.es\/blog\/"},{"@type":"ListItem","position":2,"name":"Lesi\u00f3n del plexo braquial obst\u00e9trico | Par\u00e1lisis braquial obst\u00e9trica"}]},{"@type":"WebSite","@id":"https:\/\/traumaunit.es\/blog\/#website","url":"https:\/\/traumaunit.es\/blog\/","name":"Blog del Dr Casa\u00f1as - Cirug\u00eda ortop\u00e9dica y traumatolog\u00eda adultos","description":"Blog del Doctor Joaquim Casa\u00f1as, especialista de gran prestigio en cirug\u00eda ortop\u00e9dica y traumatolog\u00eda adultos.","potentialAction":[{"@type":"SearchAction","target":{"@type":"EntryPoint","urlTemplate":"https:\/\/traumaunit.es\/blog\/?s={search_term_string}"},"query-input":{"@type":"PropertyValueSpecification","valueRequired":true,"valueName":"search_term_string"}}],"inLanguage":"es"},{"@type":"Person","@id":"https:\/\/traumaunit.es\/blog\/#\/schema\/person\/811991b2641aa059a18c7c91104ed992","name":"Dr. Joaqu\u00edn Casa\u00f1as","image":{"@type":"ImageObject","inLanguage":"es","@id":"https:\/\/secure.gravatar.com\/avatar\/f24a728ebb8ec26b69321ec2d9352559ad2239c36f32c74fefbeb7c6aa42dcb4?s=96&d=mm&r=g","url":"https:\/\/secure.gravatar.com\/avatar\/f24a728ebb8ec26b69321ec2d9352559ad2239c36f32c74fefbeb7c6aa42dcb4?s=96&d=mm&r=g","contentUrl":"https:\/\/secure.gravatar.com\/avatar\/f24a728ebb8ec26b69321ec2d9352559ad2239c36f32c74fefbeb7c6aa42dcb4?s=96&d=mm&r=g","caption":"Dr. Joaqu\u00edn Casa\u00f1as"},"description":"Dr. Joaqu\u00edn Casa\u00f1as es un especialista destacado en cirug\u00eda ortop\u00e9dica, traumatolog\u00eda, pero sobre todo en nervio perif\u00e9rico, plexo braquial y cirug\u00eda de la mano, de cuyas 3 especialidades atesora un gran prestigio internacional. Licenciado en Medicina y Cirug\u00eda por la Universidad Central de Barcelona en 1988, complet\u00f3 su formaci\u00f3n como m\u00e9dico residente (MIR) en la Ciudad Sanitaria y Universitaria de Bellvitge. Cuenta con el Diplomado Europeo en Cirug\u00eda de la Mano desde el 2000. Ha trabajado en diversas instituciones, incluyendo el Hospital de Meritxell en Andorra y el Hospital Germans Trias i Pujol de Badalona. Desde 1994, es m\u00e9dico adjunto en el servicio de Cirug\u00eda Ortop\u00e9dica y Traumatolog\u00eda de la Ciudad Sanitaria y Universitaria de Bellvitge. Adem\u00e1s de su pr\u00e1ctica cl\u00ednica, ha contribuido con numerosas publicaciones cient\u00edficas y cap\u00edtulos de libros en su campo. En la actualidad da conferencias en diferentes congresos internacionales en relaci\u00f3n a sus principales especialidades, adem\u00e1s de dirigir Traumaunit, la unidad de traumatolog\u00eda de Teknon en Barcelona.","sameAs":["http:\/\/traumaunit.es","https:\/\/www.youtube.com\/channel\/UCDHOGYWyQKaaLl16Q9ln0hQ"],"url":"https:\/\/traumaunit.es\/blog\/author\/iamacookie\/"}]}},"_links":{"self":[{"href":"https:\/\/traumaunit.es\/blog\/wp-json\/wp\/v2\/posts\/1205","targetHints":{"allow":["GET"]}}],"collection":[{"href":"https:\/\/traumaunit.es\/blog\/wp-json\/wp\/v2\/posts"}],"about":[{"href":"https:\/\/traumaunit.es\/blog\/wp-json\/wp\/v2\/types\/post"}],"author":[{"embeddable":true,"href":"https:\/\/traumaunit.es\/blog\/wp-json\/wp\/v2\/users\/5"}],"replies":[{"embeddable":true,"href":"https:\/\/traumaunit.es\/blog\/wp-json\/wp\/v2\/comments?post=1205"}],"version-history":[{"count":8,"href":"https:\/\/traumaunit.es\/blog\/wp-json\/wp\/v2\/posts\/1205\/revisions"}],"predecessor-version":[{"id":1295,"href":"https:\/\/traumaunit.es\/blog\/wp-json\/wp\/v2\/posts\/1205\/revisions\/1295"}],"wp:featuredmedia":[{"embeddable":true,"href":"https:\/\/traumaunit.es\/blog\/wp-json\/wp\/v2\/media\/1206"}],"wp:attachment":[{"href":"https:\/\/traumaunit.es\/blog\/wp-json\/wp\/v2\/media?parent=1205"}],"wp:term":[{"taxonomy":"category","embeddable":true,"href":"https:\/\/traumaunit.es\/blog\/wp-json\/wp\/v2\/categories?post=1205"},{"taxonomy":"post_tag","embeddable":true,"href":"https:\/\/traumaunit.es\/blog\/wp-json\/wp\/v2\/tags?post=1205"}],"curies":[{"name":"wp","href":"https:\/\/api.w.org\/{rel}","templated":true}]}}