{"id":1844,"date":"2021-10-29T15:47:00","date_gmt":"2021-10-29T15:47:00","guid":{"rendered":"https:\/\/traumaunit.es\/blog\/?p=1844"},"modified":"2021-11-21T15:49:50","modified_gmt":"2021-11-21T15:49:50","slug":"cirugia-de-cadera-y-rodilla-cadera-en-resorte","status":"publish","type":"post","link":"https:\/\/traumaunit.es\/blog\/cirugia-de-cadera-y-rodilla-cadera-en-resorte\/","title":{"rendered":"Cirug\u00eda de cadera y rodilla | Cadera en Resorte"},"content":{"rendered":"\n<p><meta charset=\"utf-8\">El equipo de<a href=\"https:\/\/traumaunit.es\/\"> TRAUMAUNIT<\/a>&nbsp; abarca todo tipo de especialidades estando estar\u00e1 a la vanguardia de todas las innovaciones y las \u00faltimas t\u00e9cnicas que surgen en nuestra especialidad&nbsp; para ofrecer la mejor atenci\u00f3n m\u00e9dica a nuestros pacientes.<\/p>\n\n\n\n<p>Los pacientes que atendemos en nuestras consultas abarcan todo tipo de edades. Hoy queremos mostrar  el caso de una de las visitas realizadas recientemente con una paciente joven que refiere dolor en la cadera y rodilla. Refiere tambi\u00e9n que, en ocasiones, oye un chasquido cuando anda.<\/p>\n\n\n\n<div class=\"wp-block-image\"><figure class=\"alignright size-full\"><a href=\"https:\/\/traumaunit.es\/blog\/wp-content\/uploads\/2021\/11\/especialista-en-rodilla-y-cadera.jpg\"><img loading=\"lazy\" decoding=\"async\" width=\"350\" height=\"209\" src=\"https:\/\/traumaunit.es\/blog\/wp-content\/uploads\/2021\/11\/especialista-en-rodilla-y-cadera.jpg\" alt=\"\" class=\"wp-image-1851\"\/><\/a><\/figure><\/div>\n\n\n\n<p>El Doctor Salvador Pedrero, especialista en rodilla y cadera, recibe a la paciente y analiza las pruebas realizadas que previamente se hab\u00edan realizado. El objetivo de esta visita es diagnosticar a partir de las pruebas realizadas, resonancia y radiograf\u00eda.<\/p>\n\n\n\n<p>Del resultado de las pruebas se determina :<\/p>\n\n\n\n<ol class=\"wp-block-list\"><li>Peque\u00f1o quiste intra\u00f3seo. Se contempla la posibilidad de extraer mediante artroscopia de cadera en funci\u00f3n del dolor que la paciente refiera.<\/li><li>Tambi\u00e9n se contempla la  cadera en resorte. La cadera en resorte  es una patolog\u00eda en la cual se siente y\/o se&nbsp;oye un \u201cchasquido\u201d&nbsp;a nivel de la cadera causada por el resalte producido al deslizarse un m\u00fasculo o tend\u00f3n sobre un saliente \u00f3seo a nivel de la articulaci\u00f3n de la cadera. <\/li><li>A nivel de rodilla no se observan alteraciones, \u00fanicamente elongaci\u00f3n  del ligamento cruzado anterior.<\/li><\/ol>\n\n\n\n<div class=\"wp-block-image\"><figure class=\"alignleft size-full\"><a href=\"https:\/\/traumaunit.es\/blog\/wp-content\/uploads\/2021\/11\/pruebas-rodilla.jpg\"><img loading=\"lazy\" decoding=\"async\" width=\"400\" height=\"219\" src=\"https:\/\/traumaunit.es\/blog\/wp-content\/uploads\/2021\/11\/pruebas-rodilla.jpg\" alt=\"\" class=\"wp-image-1853\"\/><\/a><\/figure><\/div>\n\n\n\n<p>Con respecto a la cadera en resorte, aunque puede no ser doloroso al principio, con el paso del tiempo puede acabar causando una degeneraci\u00f3n del tend\u00f3n afecto.<\/p>\n\n\n\n<p>Es m\u00e1s frecuente en mujeres y deportistas, sobre todo, en aquellos deportes que requieren movimientos repetitivos de flexi\u00f3n, extensi\u00f3n y separaci\u00f3n de la cadera.<\/p>\n\n\n\n<p>En el caso de este paciente, no refiere dolor alguno, no obstante, en ocasiones pude producirse dolor que en caso de persistencia tras rehabilitaci\u00f3n, se puede plantear tratamiento quir\u00fargico.<\/p>\n\n\n\n<p>Por lo tanto, al inicio el tratamiento ser\u00e1 conservador y si fracasa el tratamiento conservador est\u00e1 indicado el tratamiento quir\u00fargico  de cadera en resorte.<\/p>\n\n\n\n<p>Con respecto a la cadera, se prescribe realizar 20 sesiones de rehabilitaci\u00f3n para reforzar la musculatura de los gl\u00fateos y muslo para analizar la mejor\u00eda y seg\u00fan \u00e9sta, valorar una intervenci\u00f3n quir\u00fargica.<\/p>\n\n\n\n<p>Con respecto a la rodilla se prescribe tambi\u00e9n rehabilitaci\u00f3n para reforzar el cu\u00e1driceps.<\/p>\n\n\n\n<p>En definitiva, se recomienda trabajar conjuntamente la musculatura .<\/p>\n\n\n\n<p><meta charset=\"utf-8\">Si deseas m\u00e1s informaci\u00f3n sobre  problemas de <a href=\"https:\/\/traumaunit.es\/cadera\">cadera <\/a>y\/o <a href=\"https:\/\/traumaunit.es\/rodilla\">rodilla <\/a> o deseas concertar una primera visita, no dudes en<a href=\"https:\/\/traumaunit.es\/contacto\"> contactar<\/a> con nosotros.<\/p>\n\n\n\n<p>Os dejamos aqu\u00ed el video de la visita.<\/p>\n\n\n\n<figure class=\"wp-block-embed is-type-video is-provider-youtube wp-block-embed-youtube wp-embed-aspect-16-9 wp-has-aspect-ratio\"><div class=\"wp-block-embed__wrapper\">\n<iframe loading=\"lazy\" title=\"Cirujano de cadera y rodilla | la visita de Laura con su traumat\u00f3logo, el Dr. Pedrero | Traumaunit\" width=\"960\" height=\"540\" src=\"https:\/\/www.youtube.com\/embed\/EDhOz4e_5YI?feature=oembed\" frameborder=\"0\" allow=\"accelerometer; autoplay; clipboard-write; encrypted-media; gyroscope; picture-in-picture\" allowfullscreen><\/iframe>\n<\/div><\/figure>\n\n\n\n<p><\/p>\n","protected":false},"excerpt":{"rendered":"<p>El equipo de TRAUMAUNIT&nbsp; abarca todo tipo de especialidades estando estar\u00e1 a la vanguardia de todas las innovaciones y las \u00faltimas t\u00e9cnicas que surgen en nuestra especialidad&nbsp; para ofrecer la mejor atenci\u00f3n m\u00e9dica a nuestros pacientes. Los pacientes que atendemos en nuestras consultas abarcan todo tipo de edades. Hoy queremos mostrar el caso de una de las visitas realizadas recientemente con una paciente joven que refiere dolor en la cadera y rodilla. Refiere tambi\u00e9n que, en ocasiones, oye un chasquido cuando anda. El Doctor Salvador Pedrero, especialista en rodilla y cadera, recibe a la paciente y analiza las pruebas realizadas&#8230;<\/p>\n","protected":false},"author":5,"featured_media":1850,"comment_status":"open","ping_status":"closed","sticky":false,"template":"","format":"standard","meta":{"footnotes":""},"categories":[120,54],"tags":[],"class_list":["post-1844","post","type-post","status-publish","format-standard","has-post-thumbnail","hentry","category-cadera-en-resorte","category-dolor-de-rodilla"],"yoast_head":"<!-- This site is optimized with the Yoast SEO plugin v27.2 - https:\/\/yoast.com\/product\/yoast-seo-wordpress\/ -->\n<title>Cirug\u00eda de cadera y rodilla | Cadera en Resorte | Blog del Dr Casa\u00f1as - Cirug\u00eda ortop\u00e9dica y traumatolog\u00eda adultos<\/title>\n<meta name=\"description\" content=\"La cadera en resorte, aunque puede no ser doloroso, con el paso del tiempo puede acabar causando una degeneraci\u00f3n del tend\u00f3n afecto.\" \/>\n<meta name=\"robots\" content=\"index, follow, max-snippet:-1, max-image-preview:large, max-video-preview:-1\" \/>\n<link rel=\"canonical\" href=\"https:\/\/traumaunit.es\/blog\/cirugia-de-cadera-y-rodilla-cadera-en-resorte\/\" \/>\n<meta property=\"og:locale\" content=\"es_ES\" \/>\n<meta property=\"og:type\" content=\"article\" \/>\n<meta property=\"og:title\" content=\"Cirug\u00eda de cadera y rodilla | Cadera en Resorte | Blog del Dr Casa\u00f1as - Cirug\u00eda ortop\u00e9dica y traumatolog\u00eda adultos\" \/>\n<meta property=\"og:description\" content=\"La cadera en resorte, aunque puede no ser doloroso, con el paso del tiempo puede acabar causando una degeneraci\u00f3n del tend\u00f3n afecto.\" \/>\n<meta property=\"og:url\" content=\"https:\/\/traumaunit.es\/blog\/cirugia-de-cadera-y-rodilla-cadera-en-resorte\/\" \/>\n<meta property=\"og:site_name\" content=\"Blog del Dr Casa\u00f1as - Cirug\u00eda ortop\u00e9dica y traumatolog\u00eda adultos\" \/>\n<meta property=\"article:publisher\" content=\"https:\/\/www.facebook.com\/Dr.Casanas.Traumaunit\/\" \/>\n<meta property=\"article:published_time\" content=\"2021-10-29T15:47:00+00:00\" \/>\n<meta property=\"article:modified_time\" content=\"2021-11-21T15:49:50+00:00\" \/>\n<meta property=\"og:image\" content=\"https:\/\/traumaunit.es\/blog\/wp-content\/uploads\/2021\/11\/cadera-en-resorte-1.jpg\" \/>\n\t<meta property=\"og:image:width\" content=\"623\" \/>\n\t<meta property=\"og:image:height\" content=\"358\" \/>\n\t<meta property=\"og:image:type\" content=\"image\/jpeg\" \/>\n<meta name=\"author\" content=\"Dr. Joaqu\u00edn Casa\u00f1as\" \/>\n<meta name=\"twitter:card\" content=\"summary_large_image\" \/>\n<meta name=\"twitter:label1\" content=\"Escrito por\" \/>\n\t<meta name=\"twitter:data1\" content=\"Dr. Joaqu\u00edn Casa\u00f1as\" \/>\n\t<meta name=\"twitter:label2\" content=\"Tiempo de lectura\" \/>\n\t<meta name=\"twitter:data2\" content=\"3 minutos\" \/>\n<script type=\"application\/ld+json\" class=\"yoast-schema-graph\">{\"@context\":\"https:\/\/schema.org\",\"@graph\":[{\"@type\":\"Article\",\"@id\":\"https:\/\/traumaunit.es\/blog\/cirugia-de-cadera-y-rodilla-cadera-en-resorte\/#article\",\"isPartOf\":{\"@id\":\"https:\/\/traumaunit.es\/blog\/cirugia-de-cadera-y-rodilla-cadera-en-resorte\/\"},\"author\":{\"name\":\"Dr. Joaqu\u00edn Casa\u00f1as\",\"@id\":\"https:\/\/traumaunit.es\/blog\/#\/schema\/person\/811991b2641aa059a18c7c91104ed992\"},\"headline\":\"Cirug\u00eda de cadera y rodilla | Cadera en Resorte\",\"datePublished\":\"2021-10-29T15:47:00+00:00\",\"dateModified\":\"2021-11-21T15:49:50+00:00\",\"mainEntityOfPage\":{\"@id\":\"https:\/\/traumaunit.es\/blog\/cirugia-de-cadera-y-rodilla-cadera-en-resorte\/\"},\"wordCount\":460,\"commentCount\":0,\"image\":{\"@id\":\"https:\/\/traumaunit.es\/blog\/cirugia-de-cadera-y-rodilla-cadera-en-resorte\/#primaryimage\"},\"thumbnailUrl\":\"https:\/\/traumaunit.es\/blog\/wp-content\/uploads\/2021\/11\/cadera-en-resorte-1.jpg\",\"articleSection\":[\"cadera en resorte\",\"Dolor de rodilla\"],\"inLanguage\":\"es\",\"potentialAction\":[{\"@type\":\"CommentAction\",\"name\":\"Comment\",\"target\":[\"https:\/\/traumaunit.es\/blog\/cirugia-de-cadera-y-rodilla-cadera-en-resorte\/#respond\"]}]},{\"@type\":\"WebPage\",\"@id\":\"https:\/\/traumaunit.es\/blog\/cirugia-de-cadera-y-rodilla-cadera-en-resorte\/\",\"url\":\"https:\/\/traumaunit.es\/blog\/cirugia-de-cadera-y-rodilla-cadera-en-resorte\/\",\"name\":\"Cirug\u00eda de cadera y rodilla | Cadera en Resorte | Blog del Dr Casa\u00f1as - Cirug\u00eda ortop\u00e9dica y traumatolog\u00eda adultos\",\"isPartOf\":{\"@id\":\"https:\/\/traumaunit.es\/blog\/#website\"},\"primaryImageOfPage\":{\"@id\":\"https:\/\/traumaunit.es\/blog\/cirugia-de-cadera-y-rodilla-cadera-en-resorte\/#primaryimage\"},\"image\":{\"@id\":\"https:\/\/traumaunit.es\/blog\/cirugia-de-cadera-y-rodilla-cadera-en-resorte\/#primaryimage\"},\"thumbnailUrl\":\"https:\/\/traumaunit.es\/blog\/wp-content\/uploads\/2021\/11\/cadera-en-resorte-1.jpg\",\"datePublished\":\"2021-10-29T15:47:00+00:00\",\"dateModified\":\"2021-11-21T15:49:50+00:00\",\"author\":{\"@id\":\"https:\/\/traumaunit.es\/blog\/#\/schema\/person\/811991b2641aa059a18c7c91104ed992\"},\"description\":\"La cadera en resorte, aunque puede no ser doloroso, con el paso del tiempo puede acabar causando una degeneraci\u00f3n del tend\u00f3n afecto.\",\"breadcrumb\":{\"@id\":\"https:\/\/traumaunit.es\/blog\/cirugia-de-cadera-y-rodilla-cadera-en-resorte\/#breadcrumb\"},\"inLanguage\":\"es\",\"potentialAction\":[{\"@type\":\"ReadAction\",\"target\":[\"https:\/\/traumaunit.es\/blog\/cirugia-de-cadera-y-rodilla-cadera-en-resorte\/\"]}]},{\"@type\":\"ImageObject\",\"inLanguage\":\"es\",\"@id\":\"https:\/\/traumaunit.es\/blog\/cirugia-de-cadera-y-rodilla-cadera-en-resorte\/#primaryimage\",\"url\":\"https:\/\/traumaunit.es\/blog\/wp-content\/uploads\/2021\/11\/cadera-en-resorte-1.jpg\",\"contentUrl\":\"https:\/\/traumaunit.es\/blog\/wp-content\/uploads\/2021\/11\/cadera-en-resorte-1.jpg\",\"width\":623,\"height\":358},{\"@type\":\"BreadcrumbList\",\"@id\":\"https:\/\/traumaunit.es\/blog\/cirugia-de-cadera-y-rodilla-cadera-en-resorte\/#breadcrumb\",\"itemListElement\":[{\"@type\":\"ListItem\",\"position\":1,\"name\":\"Portada\",\"item\":\"https:\/\/traumaunit.es\/blog\/\"},{\"@type\":\"ListItem\",\"position\":2,\"name\":\"Cirug\u00eda de cadera y rodilla | Cadera en Resorte\"}]},{\"@type\":\"WebSite\",\"@id\":\"https:\/\/traumaunit.es\/blog\/#website\",\"url\":\"https:\/\/traumaunit.es\/blog\/\",\"name\":\"Blog del Dr Casa\u00f1as - Cirug\u00eda ortop\u00e9dica y traumatolog\u00eda adultos\",\"description\":\"Blog del Doctor Joaquim Casa\u00f1as, especialista de gran prestigio en cirug\u00eda ortop\u00e9dica y traumatolog\u00eda adultos.\",\"potentialAction\":[{\"@type\":\"SearchAction\",\"target\":{\"@type\":\"EntryPoint\",\"urlTemplate\":\"https:\/\/traumaunit.es\/blog\/?s={search_term_string}\"},\"query-input\":{\"@type\":\"PropertyValueSpecification\",\"valueRequired\":true,\"valueName\":\"search_term_string\"}}],\"inLanguage\":\"es\"},{\"@type\":\"Person\",\"@id\":\"https:\/\/traumaunit.es\/blog\/#\/schema\/person\/811991b2641aa059a18c7c91104ed992\",\"name\":\"Dr. Joaqu\u00edn Casa\u00f1as\",\"image\":{\"@type\":\"ImageObject\",\"inLanguage\":\"es\",\"@id\":\"https:\/\/secure.gravatar.com\/avatar\/f24a728ebb8ec26b69321ec2d9352559ad2239c36f32c74fefbeb7c6aa42dcb4?s=96&d=mm&r=g\",\"url\":\"https:\/\/secure.gravatar.com\/avatar\/f24a728ebb8ec26b69321ec2d9352559ad2239c36f32c74fefbeb7c6aa42dcb4?s=96&d=mm&r=g\",\"contentUrl\":\"https:\/\/secure.gravatar.com\/avatar\/f24a728ebb8ec26b69321ec2d9352559ad2239c36f32c74fefbeb7c6aa42dcb4?s=96&d=mm&r=g\",\"caption\":\"Dr. Joaqu\u00edn Casa\u00f1as\"},\"description\":\"Dr. Joaqu\u00edn Casa\u00f1as es un especialista destacado en cirug\u00eda ortop\u00e9dica, traumatolog\u00eda, pero sobre todo en nervio perif\u00e9rico, plexo braquial y cirug\u00eda de la mano, de cuyas 3 especialidades atesora un gran prestigio internacional. Licenciado en Medicina y Cirug\u00eda por la Universidad Central de Barcelona en 1988, complet\u00f3 su formaci\u00f3n como m\u00e9dico residente (MIR) en la Ciudad Sanitaria y Universitaria de Bellvitge. Cuenta con el Diplomado Europeo en Cirug\u00eda de la Mano desde el 2000. Ha trabajado en diversas instituciones, incluyendo el Hospital de Meritxell en Andorra y el Hospital Germans Trias i Pujol de Badalona. Desde 1994, es m\u00e9dico adjunto en el servicio de Cirug\u00eda Ortop\u00e9dica y Traumatolog\u00eda de la Ciudad Sanitaria y Universitaria de Bellvitge. Adem\u00e1s de su pr\u00e1ctica cl\u00ednica, ha contribuido con numerosas publicaciones cient\u00edficas y cap\u00edtulos de libros en su campo. En la actualidad da conferencias en diferentes congresos internacionales en relaci\u00f3n a sus principales especialidades, adem\u00e1s de dirigir Traumaunit, la unidad de traumatolog\u00eda de Teknon en Barcelona.\",\"sameAs\":[\"http:\/\/traumaunit.es\",\"https:\/\/www.youtube.com\/channel\/UCDHOGYWyQKaaLl16Q9ln0hQ\"],\"url\":\"https:\/\/traumaunit.es\/blog\/author\/iamacookie\/\"}]}<\/script>\n<!-- \/ Yoast SEO plugin. -->","yoast_head_json":{"title":"Cirug\u00eda de cadera y rodilla | Cadera en Resorte | Blog del Dr Casa\u00f1as - Cirug\u00eda ortop\u00e9dica y traumatolog\u00eda adultos","description":"La cadera en resorte, aunque puede no ser doloroso, con el paso del tiempo puede acabar causando una degeneraci\u00f3n del tend\u00f3n afecto.","robots":{"index":"index","follow":"follow","max-snippet":"max-snippet:-1","max-image-preview":"max-image-preview:large","max-video-preview":"max-video-preview:-1"},"canonical":"https:\/\/traumaunit.es\/blog\/cirugia-de-cadera-y-rodilla-cadera-en-resorte\/","og_locale":"es_ES","og_type":"article","og_title":"Cirug\u00eda de cadera y rodilla | Cadera en Resorte | Blog del Dr Casa\u00f1as - Cirug\u00eda ortop\u00e9dica y traumatolog\u00eda adultos","og_description":"La cadera en resorte, aunque puede no ser doloroso, con el paso del tiempo puede acabar causando una degeneraci\u00f3n del tend\u00f3n afecto.","og_url":"https:\/\/traumaunit.es\/blog\/cirugia-de-cadera-y-rodilla-cadera-en-resorte\/","og_site_name":"Blog del Dr Casa\u00f1as - Cirug\u00eda ortop\u00e9dica y traumatolog\u00eda adultos","article_publisher":"https:\/\/www.facebook.com\/Dr.Casanas.Traumaunit\/","article_published_time":"2021-10-29T15:47:00+00:00","article_modified_time":"2021-11-21T15:49:50+00:00","og_image":[{"width":623,"height":358,"url":"https:\/\/traumaunit.es\/blog\/wp-content\/uploads\/2021\/11\/cadera-en-resorte-1.jpg","type":"image\/jpeg"}],"author":"Dr. Joaqu\u00edn Casa\u00f1as","twitter_card":"summary_large_image","twitter_misc":{"Escrito por":"Dr. Joaqu\u00edn Casa\u00f1as","Tiempo de lectura":"3 minutos"},"schema":{"@context":"https:\/\/schema.org","@graph":[{"@type":"Article","@id":"https:\/\/traumaunit.es\/blog\/cirugia-de-cadera-y-rodilla-cadera-en-resorte\/#article","isPartOf":{"@id":"https:\/\/traumaunit.es\/blog\/cirugia-de-cadera-y-rodilla-cadera-en-resorte\/"},"author":{"name":"Dr. Joaqu\u00edn Casa\u00f1as","@id":"https:\/\/traumaunit.es\/blog\/#\/schema\/person\/811991b2641aa059a18c7c91104ed992"},"headline":"Cirug\u00eda de cadera y rodilla | Cadera en Resorte","datePublished":"2021-10-29T15:47:00+00:00","dateModified":"2021-11-21T15:49:50+00:00","mainEntityOfPage":{"@id":"https:\/\/traumaunit.es\/blog\/cirugia-de-cadera-y-rodilla-cadera-en-resorte\/"},"wordCount":460,"commentCount":0,"image":{"@id":"https:\/\/traumaunit.es\/blog\/cirugia-de-cadera-y-rodilla-cadera-en-resorte\/#primaryimage"},"thumbnailUrl":"https:\/\/traumaunit.es\/blog\/wp-content\/uploads\/2021\/11\/cadera-en-resorte-1.jpg","articleSection":["cadera en resorte","Dolor de rodilla"],"inLanguage":"es","potentialAction":[{"@type":"CommentAction","name":"Comment","target":["https:\/\/traumaunit.es\/blog\/cirugia-de-cadera-y-rodilla-cadera-en-resorte\/#respond"]}]},{"@type":"WebPage","@id":"https:\/\/traumaunit.es\/blog\/cirugia-de-cadera-y-rodilla-cadera-en-resorte\/","url":"https:\/\/traumaunit.es\/blog\/cirugia-de-cadera-y-rodilla-cadera-en-resorte\/","name":"Cirug\u00eda de cadera y rodilla | Cadera en Resorte | Blog del Dr Casa\u00f1as - Cirug\u00eda ortop\u00e9dica y traumatolog\u00eda adultos","isPartOf":{"@id":"https:\/\/traumaunit.es\/blog\/#website"},"primaryImageOfPage":{"@id":"https:\/\/traumaunit.es\/blog\/cirugia-de-cadera-y-rodilla-cadera-en-resorte\/#primaryimage"},"image":{"@id":"https:\/\/traumaunit.es\/blog\/cirugia-de-cadera-y-rodilla-cadera-en-resorte\/#primaryimage"},"thumbnailUrl":"https:\/\/traumaunit.es\/blog\/wp-content\/uploads\/2021\/11\/cadera-en-resorte-1.jpg","datePublished":"2021-10-29T15:47:00+00:00","dateModified":"2021-11-21T15:49:50+00:00","author":{"@id":"https:\/\/traumaunit.es\/blog\/#\/schema\/person\/811991b2641aa059a18c7c91104ed992"},"description":"La cadera en resorte, aunque puede no ser doloroso, con el paso del tiempo puede acabar causando una degeneraci\u00f3n del tend\u00f3n afecto.","breadcrumb":{"@id":"https:\/\/traumaunit.es\/blog\/cirugia-de-cadera-y-rodilla-cadera-en-resorte\/#breadcrumb"},"inLanguage":"es","potentialAction":[{"@type":"ReadAction","target":["https:\/\/traumaunit.es\/blog\/cirugia-de-cadera-y-rodilla-cadera-en-resorte\/"]}]},{"@type":"ImageObject","inLanguage":"es","@id":"https:\/\/traumaunit.es\/blog\/cirugia-de-cadera-y-rodilla-cadera-en-resorte\/#primaryimage","url":"https:\/\/traumaunit.es\/blog\/wp-content\/uploads\/2021\/11\/cadera-en-resorte-1.jpg","contentUrl":"https:\/\/traumaunit.es\/blog\/wp-content\/uploads\/2021\/11\/cadera-en-resorte-1.jpg","width":623,"height":358},{"@type":"BreadcrumbList","@id":"https:\/\/traumaunit.es\/blog\/cirugia-de-cadera-y-rodilla-cadera-en-resorte\/#breadcrumb","itemListElement":[{"@type":"ListItem","position":1,"name":"Portada","item":"https:\/\/traumaunit.es\/blog\/"},{"@type":"ListItem","position":2,"name":"Cirug\u00eda de cadera y rodilla | Cadera en Resorte"}]},{"@type":"WebSite","@id":"https:\/\/traumaunit.es\/blog\/#website","url":"https:\/\/traumaunit.es\/blog\/","name":"Blog del Dr Casa\u00f1as - Cirug\u00eda ortop\u00e9dica y traumatolog\u00eda adultos","description":"Blog del Doctor Joaquim Casa\u00f1as, especialista de gran prestigio en cirug\u00eda ortop\u00e9dica y traumatolog\u00eda adultos.","potentialAction":[{"@type":"SearchAction","target":{"@type":"EntryPoint","urlTemplate":"https:\/\/traumaunit.es\/blog\/?s={search_term_string}"},"query-input":{"@type":"PropertyValueSpecification","valueRequired":true,"valueName":"search_term_string"}}],"inLanguage":"es"},{"@type":"Person","@id":"https:\/\/traumaunit.es\/blog\/#\/schema\/person\/811991b2641aa059a18c7c91104ed992","name":"Dr. Joaqu\u00edn Casa\u00f1as","image":{"@type":"ImageObject","inLanguage":"es","@id":"https:\/\/secure.gravatar.com\/avatar\/f24a728ebb8ec26b69321ec2d9352559ad2239c36f32c74fefbeb7c6aa42dcb4?s=96&d=mm&r=g","url":"https:\/\/secure.gravatar.com\/avatar\/f24a728ebb8ec26b69321ec2d9352559ad2239c36f32c74fefbeb7c6aa42dcb4?s=96&d=mm&r=g","contentUrl":"https:\/\/secure.gravatar.com\/avatar\/f24a728ebb8ec26b69321ec2d9352559ad2239c36f32c74fefbeb7c6aa42dcb4?s=96&d=mm&r=g","caption":"Dr. Joaqu\u00edn Casa\u00f1as"},"description":"Dr. Joaqu\u00edn Casa\u00f1as es un especialista destacado en cirug\u00eda ortop\u00e9dica, traumatolog\u00eda, pero sobre todo en nervio perif\u00e9rico, plexo braquial y cirug\u00eda de la mano, de cuyas 3 especialidades atesora un gran prestigio internacional. Licenciado en Medicina y Cirug\u00eda por la Universidad Central de Barcelona en 1988, complet\u00f3 su formaci\u00f3n como m\u00e9dico residente (MIR) en la Ciudad Sanitaria y Universitaria de Bellvitge. Cuenta con el Diplomado Europeo en Cirug\u00eda de la Mano desde el 2000. Ha trabajado en diversas instituciones, incluyendo el Hospital de Meritxell en Andorra y el Hospital Germans Trias i Pujol de Badalona. Desde 1994, es m\u00e9dico adjunto en el servicio de Cirug\u00eda Ortop\u00e9dica y Traumatolog\u00eda de la Ciudad Sanitaria y Universitaria de Bellvitge. Adem\u00e1s de su pr\u00e1ctica cl\u00ednica, ha contribuido con numerosas publicaciones cient\u00edficas y cap\u00edtulos de libros en su campo. En la actualidad da conferencias en diferentes congresos internacionales en relaci\u00f3n a sus principales especialidades, adem\u00e1s de dirigir Traumaunit, la unidad de traumatolog\u00eda de Teknon en Barcelona.","sameAs":["http:\/\/traumaunit.es","https:\/\/www.youtube.com\/channel\/UCDHOGYWyQKaaLl16Q9ln0hQ"],"url":"https:\/\/traumaunit.es\/blog\/author\/iamacookie\/"}]}},"_links":{"self":[{"href":"https:\/\/traumaunit.es\/blog\/wp-json\/wp\/v2\/posts\/1844","targetHints":{"allow":["GET"]}}],"collection":[{"href":"https:\/\/traumaunit.es\/blog\/wp-json\/wp\/v2\/posts"}],"about":[{"href":"https:\/\/traumaunit.es\/blog\/wp-json\/wp\/v2\/types\/post"}],"author":[{"embeddable":true,"href":"https:\/\/traumaunit.es\/blog\/wp-json\/wp\/v2\/users\/5"}],"replies":[{"embeddable":true,"href":"https:\/\/traumaunit.es\/blog\/wp-json\/wp\/v2\/comments?post=1844"}],"version-history":[{"count":6,"href":"https:\/\/traumaunit.es\/blog\/wp-json\/wp\/v2\/posts\/1844\/revisions"}],"predecessor-version":[{"id":1854,"href":"https:\/\/traumaunit.es\/blog\/wp-json\/wp\/v2\/posts\/1844\/revisions\/1854"}],"wp:featuredmedia":[{"embeddable":true,"href":"https:\/\/traumaunit.es\/blog\/wp-json\/wp\/v2\/media\/1850"}],"wp:attachment":[{"href":"https:\/\/traumaunit.es\/blog\/wp-json\/wp\/v2\/media?parent=1844"}],"wp:term":[{"taxonomy":"category","embeddable":true,"href":"https:\/\/traumaunit.es\/blog\/wp-json\/wp\/v2\/categories?post=1844"},{"taxonomy":"post_tag","embeddable":true,"href":"https:\/\/traumaunit.es\/blog\/wp-json\/wp\/v2\/tags?post=1844"}],"curies":[{"name":"wp","href":"https:\/\/api.w.org\/{rel}","templated":true}]}}