{"id":1994,"date":"2023-02-13T21:45:31","date_gmt":"2023-02-13T21:45:31","guid":{"rendered":"https:\/\/traumaunit.es\/blog\/?p=1994"},"modified":"2023-01-29T21:46:49","modified_gmt":"2023-01-29T21:46:49","slug":"artroscopia-de-cadera","status":"publish","type":"post","link":"https:\/\/traumaunit.es\/blog\/artroscopia-de-cadera\/","title":{"rendered":"Artroscopia de cadera | Parte 3 de 3"},"content":{"rendered":"\n<p>En este post recogemos la visita de control realizada por el Dr. Garcia Medina, doctor especialista en cirug\u00eda de cadera que ha realizado una artroscopia de cadera a un paciente joven y deportista que acudi\u00f3 a <a href=\"https:\/\/traumaunit.es\/\">Traumaunit <\/a>por un dolor constante&nbsp; y punzante en la cadera.<\/p>\n\n\n\n<h2 class=\"wp-block-heading\"><strong>Tras la artroscopia de cadera<\/strong><\/h2>\n\n\n\n<p>Tras la cirug\u00eda, una de las cuestiones que presentan los&nbsp; pacientes se refiere a las sensaciones que sienten tras una cirug\u00eda de artroscopia de&nbsp; cadera.<\/p>\n\n\n\n<p>En el testimonial que presentamos, el paciente refiere que sent\u00eda un cosquilleo en la zona inguinal tras unas semanas de la artroscopia de cadera.<\/p>\n\n\n<div class=\"wp-block-image\">\n<figure class=\"alignleft size-full\"><a href=\"https:\/\/traumaunit.es\/blog\/wp-content\/uploads\/2023\/01\/artroscopia-de-cadera-1.jpg\"><img loading=\"lazy\" decoding=\"async\" width=\"350\" height=\"202\" src=\"https:\/\/traumaunit.es\/blog\/wp-content\/uploads\/2023\/01\/artroscopia-de-cadera-1.jpg\" alt=\"\" class=\"wp-image-1999\"\/><\/a><\/figure>\n<\/div>\n\n\n<p>Al realizar una artroscopia de cadera y para poder trabajar en la zona es necesario luxar la cadera, esto es, efectuar una tracci\u00f3n para separar el f\u00e9mur de la cadera. Ello provoca que tras la cirug\u00eda, se sienta un cosquilleo en la zona inguinal que pueda tardar unos d\u00edas en desaparecer. Por lo tanto, las sensaciones que se tienen tras la cirug\u00eda son consecuencia de la tracci\u00f3n y no por la anestesia, como a veces los pacientes pueden pensar.<\/p>\n\n\n\n<h2 class=\"wp-block-heading\"><strong>Revisi\u00f3n tras la artroscopia de cadera<\/strong><\/h2>\n\n\n\n<p>Cuando se realiza una artroscopia de cadera, se recogen im\u00e1genes de la cirug\u00eda. Por ello, tras la cirug\u00eda se le puede explicar al paciente todos los detalles de la misma.&nbsp;<\/p>\n\n\n\n<p>Con la c\u00e1mara se pudo comprobar que el labrum estaba roto por la parte de atr\u00e1s y que deb\u00eda ser reparado. Se hizo una reparaci\u00f3n parcial porque el labrum estaba muy debilitado en la parte media. Lo que se hizo es reparar la parte anterior sutur\u00e1ndola para que cicatrice. Tras ello, se procedi\u00f3 a reparar la deformidad de la cabeza femoral y se fres\u00f3 hasta que qued\u00f3 el cuello bien recogido.<\/p>\n\n\n\n<h2 class=\"wp-block-heading\"><strong>Rehabilitaci\u00f3n tras la artroscopia de cadera<\/strong><\/h2>\n\n\n\n<p>Tras tres semanas de evoluci\u00f3n las tres heridas para generar los tres puntos de entrada (entrada de la c\u00e1mara, entrada para trabajar y entrada para introducir la suturas), ya est\u00e1n cicatrizadas .Por otro lado,\u00a0 el cu\u00e1driceps, tras tres semanas en descarga, est\u00e1 algo atrofiado y se deber\u00e1 ir recuperando mediante rehabilitaci\u00f3n. Si bien el paciente ten\u00eda instrucciones de movilizar la cadera, la rehabilitaci\u00f3n es necesaria para\u00a0recuperar la musculatura que tambi\u00e9n se tens\u00f3 con la tracci\u00f3n.<\/p>\n\n\n<div class=\"wp-block-image\">\n<figure class=\"alignright size-full\"><a href=\"https:\/\/traumaunit.es\/blog\/wp-content\/uploads\/2023\/01\/rehabioitacion-artroscopia-de-cadera.jpg\"><img loading=\"lazy\" decoding=\"async\" width=\"350\" height=\"189\" src=\"https:\/\/traumaunit.es\/blog\/wp-content\/uploads\/2023\/01\/rehabioitacion-artroscopia-de-cadera.jpg\" alt=\"\" class=\"wp-image-2000\"\/><\/a><\/figure>\n<\/div>\n\n\n<p>Por lo tanto, la rehabilitaci\u00f3n se inicia tras tres semanas de la artroscopia de cadera. En la rehabilitaci\u00f3n se deber\u00e1 ir ganando rotaci\u00f3n externa e interna y la flexi\u00f3n. Para evitar calambres, se recomienda realizar estiramientos.<\/p>\n\n\n\n<p>Los masajes tambi\u00e9n pueden ayudar a fortalecer algo m\u00e1s el cu\u00e1driceps pero lo m\u00e1s importante va a ser&nbsp; esta rehabilitaci\u00f3n para ir empezando a apoyar poco a poco y conseguir con el peso que se le d\u00e9 fortaleza al cu\u00e1driceps.<\/p>\n\n\n\n<p>En caso de molestias durante la rehabilitaci\u00f3n, unos simples analg\u00e9sicos ser\u00e1n suficiente.<\/p>\n\n\n\n<p>El equipo de<a href=\"https:\/\/traumaunit.es\/\"> TRAUMAUNIT<\/a>&nbsp; siempre estar\u00e1 a la vanguardia de todas las innovaciones y las \u00faltimas t\u00e9cnicas que surgen en nuestra especialidad&nbsp; para ofrecer la mejor atenci\u00f3n m\u00e9dica a nuestros pacientes.<\/p>\n\n\n\n<p>Si deseas m\u00e1s informaci\u00f3n sobre<a href=\"https:\/\/traumaunit.es\/nervio-periferico-plexo\/cirugia-del-nervio-periferico\"> <\/a><a href=\"https:\/\/traumaunit.es\/cadera\/artroscopia-de-cadera\">artroscopia de cadera<\/a>\u00a0 o deseas concertar una primera visita, no dudes en<a href=\"https:\/\/traumaunit.es\/contacto\"> contactar<\/a> con nosotros.<\/p>\n\n\n\n<figure class=\"wp-block-embed is-type-video is-provider-youtube wp-block-embed-youtube wp-embed-aspect-16-9 wp-has-aspect-ratio\"><div class=\"wp-block-embed__wrapper\">\n<iframe loading=\"lazy\" title=\"Artroscopia de cadera | Dr  Garci\u0301a Medina | Testimonial parte 3 de 3\" width=\"960\" height=\"540\" src=\"https:\/\/www.youtube.com\/embed\/otxIh2OGV4Q?feature=oembed\" frameborder=\"0\" allow=\"accelerometer; autoplay; clipboard-write; encrypted-media; gyroscope; picture-in-picture; web-share\" allowfullscreen><\/iframe>\n<\/div><\/figure>\n","protected":false},"excerpt":{"rendered":"<p>En este post recogemos la visita de control realizada por el Dr. Garcia Medina, doctor especialista en cirug\u00eda de cadera que ha realizado una artroscopia de cadera a un paciente joven y deportista que acudi\u00f3 a Traumaunit por un dolor constante&nbsp; y punzante en la cadera. Tras la artroscopia de cadera Tras la cirug\u00eda, una de las cuestiones que presentan los&nbsp; pacientes se refiere a las sensaciones que sienten tras una cirug\u00eda de artroscopia de&nbsp; cadera. En el testimonial que presentamos, el paciente refiere que sent\u00eda un cosquilleo en la zona inguinal tras unas semanas de la artroscopia de cadera&#8230;.<\/p>\n","protected":false},"author":5,"featured_media":1996,"comment_status":"open","ping_status":"closed","sticky":false,"template":"","format":"standard","meta":{"footnotes":""},"categories":[123,124],"tags":[125],"class_list":["post-1994","post","type-post","status-publish","format-standard","has-post-thumbnail","hentry","category-artroscopia","category-artroscopia-de-cadera","tag-artroscopia-de-cadera"],"yoast_head":"<!-- This site is optimized with the Yoast SEO plugin v27.2 - https:\/\/yoast.com\/product\/yoast-seo-wordpress\/ -->\n<title>Artroscopia de cadera | Parte 3 de 3 | Blog del Dr Casa\u00f1as - Cirug\u00eda ortop\u00e9dica y traumatolog\u00eda adultos<\/title>\n<meta name=\"description\" content=\"Cuando se realiza una artroscopia de cadera, se recogen im\u00e1genes de la cirug\u00eda y se puede explicar al paciente los detalles de la misma.\u00a0\" \/>\n<meta name=\"robots\" content=\"index, follow, max-snippet:-1, max-image-preview:large, max-video-preview:-1\" \/>\n<link rel=\"canonical\" href=\"https:\/\/traumaunit.es\/blog\/artroscopia-de-cadera\/\" \/>\n<meta property=\"og:locale\" content=\"es_ES\" \/>\n<meta property=\"og:type\" content=\"article\" \/>\n<meta property=\"og:title\" content=\"Artroscopia de cadera | Parte 3 de 3 | Blog del Dr Casa\u00f1as - Cirug\u00eda ortop\u00e9dica y traumatolog\u00eda adultos\" \/>\n<meta property=\"og:description\" content=\"Cuando se realiza una artroscopia de cadera, se recogen im\u00e1genes de la cirug\u00eda y se puede explicar al paciente los detalles de la misma.\u00a0\" \/>\n<meta property=\"og:url\" content=\"https:\/\/traumaunit.es\/blog\/artroscopia-de-cadera\/\" \/>\n<meta property=\"og:site_name\" content=\"Blog del Dr Casa\u00f1as - Cirug\u00eda ortop\u00e9dica y traumatolog\u00eda adultos\" \/>\n<meta property=\"article:publisher\" content=\"https:\/\/www.facebook.com\/Dr.Casanas.Traumaunit\/\" \/>\n<meta property=\"article:published_time\" content=\"2023-02-13T21:45:31+00:00\" \/>\n<meta property=\"og:image\" content=\"https:\/\/traumaunit.es\/blog\/wp-content\/uploads\/2023\/01\/doctor-garcia-medina.jpg\" \/>\n\t<meta property=\"og:image:width\" content=\"650\" \/>\n\t<meta property=\"og:image:height\" content=\"293\" \/>\n\t<meta property=\"og:image:type\" content=\"image\/jpeg\" \/>\n<meta name=\"author\" content=\"Dr. Joaqu\u00edn Casa\u00f1as\" \/>\n<meta name=\"twitter:card\" content=\"summary_large_image\" \/>\n<meta name=\"twitter:label1\" content=\"Escrito por\" \/>\n\t<meta name=\"twitter:data1\" content=\"Dr. Joaqu\u00edn Casa\u00f1as\" \/>\n\t<meta name=\"twitter:label2\" content=\"Tiempo de lectura\" \/>\n\t<meta name=\"twitter:data2\" content=\"3 minutos\" \/>\n<script type=\"application\/ld+json\" class=\"yoast-schema-graph\">{\"@context\":\"https:\/\/schema.org\",\"@graph\":[{\"@type\":\"Article\",\"@id\":\"https:\/\/traumaunit.es\/blog\/artroscopia-de-cadera\/#article\",\"isPartOf\":{\"@id\":\"https:\/\/traumaunit.es\/blog\/artroscopia-de-cadera\/\"},\"author\":{\"name\":\"Dr. Joaqu\u00edn Casa\u00f1as\",\"@id\":\"https:\/\/traumaunit.es\/blog\/#\/schema\/person\/811991b2641aa059a18c7c91104ed992\"},\"headline\":\"Artroscopia de cadera | Parte 3 de 3\",\"datePublished\":\"2023-02-13T21:45:31+00:00\",\"mainEntityOfPage\":{\"@id\":\"https:\/\/traumaunit.es\/blog\/artroscopia-de-cadera\/\"},\"wordCount\":575,\"commentCount\":0,\"image\":{\"@id\":\"https:\/\/traumaunit.es\/blog\/artroscopia-de-cadera\/#primaryimage\"},\"thumbnailUrl\":\"https:\/\/traumaunit.es\/blog\/wp-content\/uploads\/2023\/01\/doctor-garcia-medina.jpg\",\"keywords\":[\"artroscopia de cadera\"],\"articleSection\":[\"artroscopia\",\"artroscopia de cadera\"],\"inLanguage\":\"es\",\"potentialAction\":[{\"@type\":\"CommentAction\",\"name\":\"Comment\",\"target\":[\"https:\/\/traumaunit.es\/blog\/artroscopia-de-cadera\/#respond\"]}]},{\"@type\":\"WebPage\",\"@id\":\"https:\/\/traumaunit.es\/blog\/artroscopia-de-cadera\/\",\"url\":\"https:\/\/traumaunit.es\/blog\/artroscopia-de-cadera\/\",\"name\":\"Artroscopia de cadera | Parte 3 de 3 | Blog del Dr Casa\u00f1as - Cirug\u00eda ortop\u00e9dica y traumatolog\u00eda adultos\",\"isPartOf\":{\"@id\":\"https:\/\/traumaunit.es\/blog\/#website\"},\"primaryImageOfPage\":{\"@id\":\"https:\/\/traumaunit.es\/blog\/artroscopia-de-cadera\/#primaryimage\"},\"image\":{\"@id\":\"https:\/\/traumaunit.es\/blog\/artroscopia-de-cadera\/#primaryimage\"},\"thumbnailUrl\":\"https:\/\/traumaunit.es\/blog\/wp-content\/uploads\/2023\/01\/doctor-garcia-medina.jpg\",\"datePublished\":\"2023-02-13T21:45:31+00:00\",\"author\":{\"@id\":\"https:\/\/traumaunit.es\/blog\/#\/schema\/person\/811991b2641aa059a18c7c91104ed992\"},\"description\":\"Cuando se realiza una artroscopia de cadera, se recogen im\u00e1genes de la cirug\u00eda y se puede explicar al paciente los detalles de la misma.\u00a0\",\"breadcrumb\":{\"@id\":\"https:\/\/traumaunit.es\/blog\/artroscopia-de-cadera\/#breadcrumb\"},\"inLanguage\":\"es\",\"potentialAction\":[{\"@type\":\"ReadAction\",\"target\":[\"https:\/\/traumaunit.es\/blog\/artroscopia-de-cadera\/\"]}]},{\"@type\":\"ImageObject\",\"inLanguage\":\"es\",\"@id\":\"https:\/\/traumaunit.es\/blog\/artroscopia-de-cadera\/#primaryimage\",\"url\":\"https:\/\/traumaunit.es\/blog\/wp-content\/uploads\/2023\/01\/doctor-garcia-medina.jpg\",\"contentUrl\":\"https:\/\/traumaunit.es\/blog\/wp-content\/uploads\/2023\/01\/doctor-garcia-medina.jpg\",\"width\":650,\"height\":293,\"caption\":\"artroscopia de cadera\"},{\"@type\":\"BreadcrumbList\",\"@id\":\"https:\/\/traumaunit.es\/blog\/artroscopia-de-cadera\/#breadcrumb\",\"itemListElement\":[{\"@type\":\"ListItem\",\"position\":1,\"name\":\"Portada\",\"item\":\"https:\/\/traumaunit.es\/blog\/\"},{\"@type\":\"ListItem\",\"position\":2,\"name\":\"Artroscopia de cadera | Parte 3 de 3\"}]},{\"@type\":\"WebSite\",\"@id\":\"https:\/\/traumaunit.es\/blog\/#website\",\"url\":\"https:\/\/traumaunit.es\/blog\/\",\"name\":\"Blog del Dr Casa\u00f1as - Cirug\u00eda ortop\u00e9dica y traumatolog\u00eda adultos\",\"description\":\"Blog del Doctor Joaquim Casa\u00f1as, especialista de gran prestigio en cirug\u00eda ortop\u00e9dica y traumatolog\u00eda adultos.\",\"potentialAction\":[{\"@type\":\"SearchAction\",\"target\":{\"@type\":\"EntryPoint\",\"urlTemplate\":\"https:\/\/traumaunit.es\/blog\/?s={search_term_string}\"},\"query-input\":{\"@type\":\"PropertyValueSpecification\",\"valueRequired\":true,\"valueName\":\"search_term_string\"}}],\"inLanguage\":\"es\"},{\"@type\":\"Person\",\"@id\":\"https:\/\/traumaunit.es\/blog\/#\/schema\/person\/811991b2641aa059a18c7c91104ed992\",\"name\":\"Dr. Joaqu\u00edn Casa\u00f1as\",\"image\":{\"@type\":\"ImageObject\",\"inLanguage\":\"es\",\"@id\":\"https:\/\/secure.gravatar.com\/avatar\/f24a728ebb8ec26b69321ec2d9352559ad2239c36f32c74fefbeb7c6aa42dcb4?s=96&d=mm&r=g\",\"url\":\"https:\/\/secure.gravatar.com\/avatar\/f24a728ebb8ec26b69321ec2d9352559ad2239c36f32c74fefbeb7c6aa42dcb4?s=96&d=mm&r=g\",\"contentUrl\":\"https:\/\/secure.gravatar.com\/avatar\/f24a728ebb8ec26b69321ec2d9352559ad2239c36f32c74fefbeb7c6aa42dcb4?s=96&d=mm&r=g\",\"caption\":\"Dr. Joaqu\u00edn Casa\u00f1as\"},\"description\":\"Dr. Joaqu\u00edn Casa\u00f1as es un especialista destacado en cirug\u00eda ortop\u00e9dica, traumatolog\u00eda, pero sobre todo en nervio perif\u00e9rico, plexo braquial y cirug\u00eda de la mano, de cuyas 3 especialidades atesora un gran prestigio internacional. Licenciado en Medicina y Cirug\u00eda por la Universidad Central de Barcelona en 1988, complet\u00f3 su formaci\u00f3n como m\u00e9dico residente (MIR) en la Ciudad Sanitaria y Universitaria de Bellvitge. Cuenta con el Diplomado Europeo en Cirug\u00eda de la Mano desde el 2000. Ha trabajado en diversas instituciones, incluyendo el Hospital de Meritxell en Andorra y el Hospital Germans Trias i Pujol de Badalona. Desde 1994, es m\u00e9dico adjunto en el servicio de Cirug\u00eda Ortop\u00e9dica y Traumatolog\u00eda de la Ciudad Sanitaria y Universitaria de Bellvitge. Adem\u00e1s de su pr\u00e1ctica cl\u00ednica, ha contribuido con numerosas publicaciones cient\u00edficas y cap\u00edtulos de libros en su campo. En la actualidad da conferencias en diferentes congresos internacionales en relaci\u00f3n a sus principales especialidades, adem\u00e1s de dirigir Traumaunit, la unidad de traumatolog\u00eda de Teknon en Barcelona.\",\"sameAs\":[\"http:\/\/traumaunit.es\",\"https:\/\/www.youtube.com\/channel\/UCDHOGYWyQKaaLl16Q9ln0hQ\"],\"url\":\"https:\/\/traumaunit.es\/blog\/author\/iamacookie\/\"}]}<\/script>\n<!-- \/ Yoast SEO plugin. -->","yoast_head_json":{"title":"Artroscopia de cadera | Parte 3 de 3 | Blog del Dr Casa\u00f1as - Cirug\u00eda ortop\u00e9dica y traumatolog\u00eda adultos","description":"Cuando se realiza una artroscopia de cadera, se recogen im\u00e1genes de la cirug\u00eda y se puede explicar al paciente los detalles de la misma.\u00a0","robots":{"index":"index","follow":"follow","max-snippet":"max-snippet:-1","max-image-preview":"max-image-preview:large","max-video-preview":"max-video-preview:-1"},"canonical":"https:\/\/traumaunit.es\/blog\/artroscopia-de-cadera\/","og_locale":"es_ES","og_type":"article","og_title":"Artroscopia de cadera | Parte 3 de 3 | Blog del Dr Casa\u00f1as - Cirug\u00eda ortop\u00e9dica y traumatolog\u00eda adultos","og_description":"Cuando se realiza una artroscopia de cadera, se recogen im\u00e1genes de la cirug\u00eda y se puede explicar al paciente los detalles de la misma.\u00a0","og_url":"https:\/\/traumaunit.es\/blog\/artroscopia-de-cadera\/","og_site_name":"Blog del Dr Casa\u00f1as - Cirug\u00eda ortop\u00e9dica y traumatolog\u00eda adultos","article_publisher":"https:\/\/www.facebook.com\/Dr.Casanas.Traumaunit\/","article_published_time":"2023-02-13T21:45:31+00:00","og_image":[{"width":650,"height":293,"url":"https:\/\/traumaunit.es\/blog\/wp-content\/uploads\/2023\/01\/doctor-garcia-medina.jpg","type":"image\/jpeg"}],"author":"Dr. Joaqu\u00edn Casa\u00f1as","twitter_card":"summary_large_image","twitter_misc":{"Escrito por":"Dr. Joaqu\u00edn Casa\u00f1as","Tiempo de lectura":"3 minutos"},"schema":{"@context":"https:\/\/schema.org","@graph":[{"@type":"Article","@id":"https:\/\/traumaunit.es\/blog\/artroscopia-de-cadera\/#article","isPartOf":{"@id":"https:\/\/traumaunit.es\/blog\/artroscopia-de-cadera\/"},"author":{"name":"Dr. Joaqu\u00edn Casa\u00f1as","@id":"https:\/\/traumaunit.es\/blog\/#\/schema\/person\/811991b2641aa059a18c7c91104ed992"},"headline":"Artroscopia de cadera | Parte 3 de 3","datePublished":"2023-02-13T21:45:31+00:00","mainEntityOfPage":{"@id":"https:\/\/traumaunit.es\/blog\/artroscopia-de-cadera\/"},"wordCount":575,"commentCount":0,"image":{"@id":"https:\/\/traumaunit.es\/blog\/artroscopia-de-cadera\/#primaryimage"},"thumbnailUrl":"https:\/\/traumaunit.es\/blog\/wp-content\/uploads\/2023\/01\/doctor-garcia-medina.jpg","keywords":["artroscopia de cadera"],"articleSection":["artroscopia","artroscopia de cadera"],"inLanguage":"es","potentialAction":[{"@type":"CommentAction","name":"Comment","target":["https:\/\/traumaunit.es\/blog\/artroscopia-de-cadera\/#respond"]}]},{"@type":"WebPage","@id":"https:\/\/traumaunit.es\/blog\/artroscopia-de-cadera\/","url":"https:\/\/traumaunit.es\/blog\/artroscopia-de-cadera\/","name":"Artroscopia de cadera | Parte 3 de 3 | Blog del Dr Casa\u00f1as - Cirug\u00eda ortop\u00e9dica y traumatolog\u00eda adultos","isPartOf":{"@id":"https:\/\/traumaunit.es\/blog\/#website"},"primaryImageOfPage":{"@id":"https:\/\/traumaunit.es\/blog\/artroscopia-de-cadera\/#primaryimage"},"image":{"@id":"https:\/\/traumaunit.es\/blog\/artroscopia-de-cadera\/#primaryimage"},"thumbnailUrl":"https:\/\/traumaunit.es\/blog\/wp-content\/uploads\/2023\/01\/doctor-garcia-medina.jpg","datePublished":"2023-02-13T21:45:31+00:00","author":{"@id":"https:\/\/traumaunit.es\/blog\/#\/schema\/person\/811991b2641aa059a18c7c91104ed992"},"description":"Cuando se realiza una artroscopia de cadera, se recogen im\u00e1genes de la cirug\u00eda y se puede explicar al paciente los detalles de la misma.\u00a0","breadcrumb":{"@id":"https:\/\/traumaunit.es\/blog\/artroscopia-de-cadera\/#breadcrumb"},"inLanguage":"es","potentialAction":[{"@type":"ReadAction","target":["https:\/\/traumaunit.es\/blog\/artroscopia-de-cadera\/"]}]},{"@type":"ImageObject","inLanguage":"es","@id":"https:\/\/traumaunit.es\/blog\/artroscopia-de-cadera\/#primaryimage","url":"https:\/\/traumaunit.es\/blog\/wp-content\/uploads\/2023\/01\/doctor-garcia-medina.jpg","contentUrl":"https:\/\/traumaunit.es\/blog\/wp-content\/uploads\/2023\/01\/doctor-garcia-medina.jpg","width":650,"height":293,"caption":"artroscopia de cadera"},{"@type":"BreadcrumbList","@id":"https:\/\/traumaunit.es\/blog\/artroscopia-de-cadera\/#breadcrumb","itemListElement":[{"@type":"ListItem","position":1,"name":"Portada","item":"https:\/\/traumaunit.es\/blog\/"},{"@type":"ListItem","position":2,"name":"Artroscopia de cadera | Parte 3 de 3"}]},{"@type":"WebSite","@id":"https:\/\/traumaunit.es\/blog\/#website","url":"https:\/\/traumaunit.es\/blog\/","name":"Blog del Dr Casa\u00f1as - Cirug\u00eda ortop\u00e9dica y traumatolog\u00eda adultos","description":"Blog del Doctor Joaquim Casa\u00f1as, especialista de gran prestigio en cirug\u00eda ortop\u00e9dica y traumatolog\u00eda adultos.","potentialAction":[{"@type":"SearchAction","target":{"@type":"EntryPoint","urlTemplate":"https:\/\/traumaunit.es\/blog\/?s={search_term_string}"},"query-input":{"@type":"PropertyValueSpecification","valueRequired":true,"valueName":"search_term_string"}}],"inLanguage":"es"},{"@type":"Person","@id":"https:\/\/traumaunit.es\/blog\/#\/schema\/person\/811991b2641aa059a18c7c91104ed992","name":"Dr. Joaqu\u00edn Casa\u00f1as","image":{"@type":"ImageObject","inLanguage":"es","@id":"https:\/\/secure.gravatar.com\/avatar\/f24a728ebb8ec26b69321ec2d9352559ad2239c36f32c74fefbeb7c6aa42dcb4?s=96&d=mm&r=g","url":"https:\/\/secure.gravatar.com\/avatar\/f24a728ebb8ec26b69321ec2d9352559ad2239c36f32c74fefbeb7c6aa42dcb4?s=96&d=mm&r=g","contentUrl":"https:\/\/secure.gravatar.com\/avatar\/f24a728ebb8ec26b69321ec2d9352559ad2239c36f32c74fefbeb7c6aa42dcb4?s=96&d=mm&r=g","caption":"Dr. Joaqu\u00edn Casa\u00f1as"},"description":"Dr. Joaqu\u00edn Casa\u00f1as es un especialista destacado en cirug\u00eda ortop\u00e9dica, traumatolog\u00eda, pero sobre todo en nervio perif\u00e9rico, plexo braquial y cirug\u00eda de la mano, de cuyas 3 especialidades atesora un gran prestigio internacional. Licenciado en Medicina y Cirug\u00eda por la Universidad Central de Barcelona en 1988, complet\u00f3 su formaci\u00f3n como m\u00e9dico residente (MIR) en la Ciudad Sanitaria y Universitaria de Bellvitge. Cuenta con el Diplomado Europeo en Cirug\u00eda de la Mano desde el 2000. Ha trabajado en diversas instituciones, incluyendo el Hospital de Meritxell en Andorra y el Hospital Germans Trias i Pujol de Badalona. Desde 1994, es m\u00e9dico adjunto en el servicio de Cirug\u00eda Ortop\u00e9dica y Traumatolog\u00eda de la Ciudad Sanitaria y Universitaria de Bellvitge. Adem\u00e1s de su pr\u00e1ctica cl\u00ednica, ha contribuido con numerosas publicaciones cient\u00edficas y cap\u00edtulos de libros en su campo. En la actualidad da conferencias en diferentes congresos internacionales en relaci\u00f3n a sus principales especialidades, adem\u00e1s de dirigir Traumaunit, la unidad de traumatolog\u00eda de Teknon en Barcelona.","sameAs":["http:\/\/traumaunit.es","https:\/\/www.youtube.com\/channel\/UCDHOGYWyQKaaLl16Q9ln0hQ"],"url":"https:\/\/traumaunit.es\/blog\/author\/iamacookie\/"}]}},"_links":{"self":[{"href":"https:\/\/traumaunit.es\/blog\/wp-json\/wp\/v2\/posts\/1994","targetHints":{"allow":["GET"]}}],"collection":[{"href":"https:\/\/traumaunit.es\/blog\/wp-json\/wp\/v2\/posts"}],"about":[{"href":"https:\/\/traumaunit.es\/blog\/wp-json\/wp\/v2\/types\/post"}],"author":[{"embeddable":true,"href":"https:\/\/traumaunit.es\/blog\/wp-json\/wp\/v2\/users\/5"}],"replies":[{"embeddable":true,"href":"https:\/\/traumaunit.es\/blog\/wp-json\/wp\/v2\/comments?post=1994"}],"version-history":[{"count":4,"href":"https:\/\/traumaunit.es\/blog\/wp-json\/wp\/v2\/posts\/1994\/revisions"}],"predecessor-version":[{"id":2001,"href":"https:\/\/traumaunit.es\/blog\/wp-json\/wp\/v2\/posts\/1994\/revisions\/2001"}],"wp:featuredmedia":[{"embeddable":true,"href":"https:\/\/traumaunit.es\/blog\/wp-json\/wp\/v2\/media\/1996"}],"wp:attachment":[{"href":"https:\/\/traumaunit.es\/blog\/wp-json\/wp\/v2\/media?parent=1994"}],"wp:term":[{"taxonomy":"category","embeddable":true,"href":"https:\/\/traumaunit.es\/blog\/wp-json\/wp\/v2\/categories?post=1994"},{"taxonomy":"post_tag","embeddable":true,"href":"https:\/\/traumaunit.es\/blog\/wp-json\/wp\/v2\/tags?post=1994"}],"curies":[{"name":"wp","href":"https:\/\/api.w.org\/{rel}","templated":true}]}}