{"id":2057,"date":"2023-05-13T22:01:37","date_gmt":"2023-05-13T22:01:37","guid":{"rendered":"https:\/\/traumaunit.es\/blog\/?p=2057"},"modified":"2023-08-21T10:09:42","modified_gmt":"2023-08-21T10:09:42","slug":"congreso-internacionalreconstruccion-compleja-de-hombro-y-transferencias","status":"publish","type":"post","link":"https:\/\/traumaunit.es\/blog\/congreso-internacionalreconstruccion-compleja-de-hombro-y-transferencias\/","title":{"rendered":"Congreso Internacional:Reconstrucci\u00f3n Compleja de Hombro y Transferencias"},"content":{"rendered":"\n<p>El Dr. Joaquim Casa\u00f1as ha sido invitado como profesor internacional al <a href=\"https:\/\/congresoplexobraquial.com\/mx\/\">Congreso Internacional <\/a>celebrado en Guadalajara (M\u00e9jico) durante los d\u00edas 3 al 6 de Mayo.<\/p>\n\n\n\n<p>El Dr. Casa\u00f1as es un m\u00e9dico reconocido internacionalmente por ser especialista en las cirug\u00eda de plexo braquial expuestas en el Congreso.<\/p>\n\n\n\n<h2 class=\"wp-block-heading\">Intervinientes del Congreso<\/h2>\n\n\n\n<p>La intervenci\u00f3n del Dr Casa\u00f1as en la exposici\u00f3n de la tem\u00e1tica relativa a las lesiones nerviosas en el hombro y plexo es una gran oportunidad para compartir los conocimientos y las experiencias de las trayectorias profesionales de un gran elenco de doctores, entre los que cabe destacar al Dr. Alexander Shin, el Dr. Idris Gharbaoui o el Dr. Anill Bathia.<\/p>\n\n\n\n<p>Se han reunido un gran n\u00famero de doctores especialistas en cirug\u00eda del hombro y del plexo braquial de toda Europa, Estados Unidos, Sudam\u00e9rica, India &#8230;. que ha permitido este encuentro multidisciplinario sobre cirug\u00eda del hombro y cirug\u00eda del plexo con exploraci\u00f3n de pacientes <\/p>\n\n\n\n<h2 class=\"wp-block-heading\">La reconstrucci\u00f3n compleja de hombro<\/h2>\n\n\n\n<p>La reconstrucci\u00f3n compleja de hombro y las transferencias son procedimientos quir\u00fargicos que se realizan para tratar lesiones graves en el hombro que no pueden ser tratadas con m\u00e9todos no quir\u00fargicos.<\/p>\n\n\n<div class=\"wp-block-image\">\n<figure class=\"alignright size-full\"><a href=\"https:\/\/traumaunit.es\/blog\/wp-content\/uploads\/2023\/05\/Congreso-Internacion-Mejico.jpg\"><img loading=\"lazy\" decoding=\"async\" width=\"350\" height=\"449\" src=\"https:\/\/traumaunit.es\/blog\/wp-content\/uploads\/2023\/05\/Congreso-Internacion-Mejico.jpg\" alt=\"\" class=\"wp-image-2060\"\/><\/a><\/figure>\n<\/div>\n\n\n<p>La reconstrucci\u00f3n compleja de hombro es un procedimiento quir\u00fargico en el que se reparan o reemplazan estructuras da\u00f1adas en el hombro, como el manguito rotador, los ligamentos y la c\u00e1psula articular. <\/p>\n\n\n\n<p>Este tipo de cirug\u00eda se realiza cuando la lesi\u00f3n en el hombro es tan grave que no puede ser tratada con fisioterapia o medicamentos, y puede implicar la reparaci\u00f3n o el reemplazo de una o m\u00e1s estructuras del hombro. <\/p>\n\n\n\n<p>Las transferencias en el hombro son un tipo de cirug\u00eda en la que se mueve un m\u00fasculo o tend\u00f3n de una parte del cuerpo a otra parte del cuerpo para mejorar la funci\u00f3n del hombro. <\/p>\n\n\n\n<p>Estas transferencias se realizan cuando un m\u00fasculo o tend\u00f3n en el hombro est\u00e1 gravemente da\u00f1ado y no se puede reparar, o cuando el m\u00fasculo o tend\u00f3n no est\u00e1 funcionando correctamente. <\/p>\n\n\n\n<p>La transferencia de m\u00fasculos o tendones puede ayudar a restaurar la funci\u00f3n del hombro y reducir el dolor. <\/p>\n\n\n\n<h2 class=\"wp-block-heading\">Recuperaci\u00f3n y rehabilitaci\u00f3n<\/h2>\n\n\n\n<p>El proceso de recuperaci\u00f3n y rehabilitaci\u00f3n despu\u00e9s de una transferencia en el hombro puede ser similar al de la reconstrucci\u00f3n compleja de hombro.<\/p>\n\n\n\n<p>La recuperaci\u00f3n despu\u00e9s de la cirug\u00eda puede ser prolongada y puede requerir fisioterapia para recuperar la fuerza y el movimiento del hombro.<\/p>\n\n\n\n<p>En general, tanto la reconstrucci\u00f3n compleja de hombro como las transferencias en el hombro son procedimientos quir\u00fargicos complejos que requieren una cuidadosa evaluaci\u00f3n y planificaci\u00f3n para determinar la mejor opci\u00f3n de tratamiento para cada paciente individual.<\/p>\n\n\n\n<p><a href=\"https:\/\/traumaunit.es\/equipo\">El equipo de TRAUMAUNIT<\/a>&nbsp;&nbsp;esta formado por grandes profesionales especializados en las diferentes cirug\u00edas traumatol\u00f3gicas.<\/p>\n\n\n\n<p>Todo nuestro equipo est\u00e1 altamente comprometido en estar siempre a la vanguardia de todas las innovaciones y las \u00faltimas t\u00e9cnicas que surgen en nuestra especialidad &nbsp;para ofrecer la mejor atenci\u00f3n m\u00e9dica a nuestros pacientes.<\/p>\n\n\n\n<p>Si deseas m\u00e1s informaci\u00f3n&nbsp;o deseas concertar una primera visita, no dudes en&nbsp;<a href=\"https:\/\/traumaunit.es\/contacto\">contactar<\/a>&nbsp;con nosotros.<\/p>\n","protected":false},"excerpt":{"rendered":"<p>El Dr. Joaquim Casa\u00f1as ha sido invitado como profesor internacional al Congreso Internacional celebrado en Guadalajara (M\u00e9jico) durante los d\u00edas 3 al 6 de Mayo. El Dr. Casa\u00f1as es un m\u00e9dico reconocido internacionalmente por ser especialista en las cirug\u00eda de plexo braquial expuestas en el Congreso. Intervinientes del Congreso La intervenci\u00f3n del Dr Casa\u00f1as en la exposici\u00f3n de la tem\u00e1tica relativa a las lesiones nerviosas en el hombro y plexo es una gran oportunidad para compartir los conocimientos y las experiencias de las trayectorias profesionales de un gran elenco de doctores, entre los que cabe destacar al Dr. Alexander Shin,&#8230;<\/p>\n","protected":false},"author":5,"featured_media":2058,"comment_status":"open","ping_status":"closed","sticky":false,"template":"","format":"standard","meta":{"footnotes":""},"categories":[7,105,73],"tags":[13],"class_list":["post-2057","post","type-post","status-publish","format-standard","has-post-thumbnail","hentry","category-cursos-y-conferencias","category-patologia-del-hombro","category-plexo-braquial","tag-dr-joaquim-casanas"],"yoast_head":"<!-- This site is optimized with the Yoast SEO plugin v27.2 - https:\/\/yoast.com\/product\/yoast-seo-wordpress\/ -->\n<title>Congreso Internacional:Reconstrucci\u00f3n Compleja de Hombro y Transferencias | Blog del Dr Casa\u00f1as - Cirug\u00eda ortop\u00e9dica y traumatolog\u00eda adultos<\/title>\n<meta name=\"description\" content=\"El Dr. Joaquim Casa\u00f1as ha sido invitado como profesor internacional al Congreso Internacional celebrado en Guadalajara (M\u00e9jico).\" \/>\n<meta name=\"robots\" content=\"index, follow, max-snippet:-1, max-image-preview:large, max-video-preview:-1\" \/>\n<link rel=\"canonical\" href=\"https:\/\/traumaunit.es\/blog\/congreso-internacionalreconstruccion-compleja-de-hombro-y-transferencias\/\" \/>\n<meta property=\"og:locale\" content=\"es_ES\" \/>\n<meta property=\"og:type\" content=\"article\" \/>\n<meta property=\"og:title\" content=\"Congreso Internacional:Reconstrucci\u00f3n Compleja de Hombro y Transferencias | Blog del Dr Casa\u00f1as - Cirug\u00eda ortop\u00e9dica y traumatolog\u00eda adultos\" \/>\n<meta property=\"og:description\" content=\"El Dr. Joaquim Casa\u00f1as ha sido invitado como profesor internacional al Congreso Internacional celebrado en Guadalajara (M\u00e9jico).\" \/>\n<meta property=\"og:url\" content=\"https:\/\/traumaunit.es\/blog\/congreso-internacionalreconstruccion-compleja-de-hombro-y-transferencias\/\" \/>\n<meta property=\"og:site_name\" content=\"Blog del Dr Casa\u00f1as - Cirug\u00eda ortop\u00e9dica y traumatolog\u00eda adultos\" \/>\n<meta property=\"article:publisher\" content=\"https:\/\/www.facebook.com\/Dr.Casanas.Traumaunit\/\" \/>\n<meta property=\"article:published_time\" content=\"2023-05-13T22:01:37+00:00\" \/>\n<meta property=\"article:modified_time\" content=\"2023-08-21T10:09:42+00:00\" \/>\n<meta property=\"og:image\" content=\"https:\/\/traumaunit.es\/blog\/wp-content\/uploads\/2023\/05\/Congreso-hombro-y-plexo.jpg\" \/>\n\t<meta property=\"og:image:width\" content=\"650\" \/>\n\t<meta property=\"og:image:height\" content=\"341\" \/>\n\t<meta property=\"og:image:type\" content=\"image\/jpeg\" \/>\n<meta name=\"author\" content=\"Dr. Joaqu\u00edn Casa\u00f1as\" \/>\n<meta name=\"twitter:card\" content=\"summary_large_image\" \/>\n<meta name=\"twitter:label1\" content=\"Escrito por\" \/>\n\t<meta name=\"twitter:data1\" content=\"Dr. Joaqu\u00edn Casa\u00f1as\" \/>\n\t<meta name=\"twitter:label2\" content=\"Tiempo de lectura\" \/>\n\t<meta name=\"twitter:data2\" content=\"3 minutos\" \/>\n<script type=\"application\/ld+json\" class=\"yoast-schema-graph\">{\"@context\":\"https:\/\/schema.org\",\"@graph\":[{\"@type\":\"Article\",\"@id\":\"https:\/\/traumaunit.es\/blog\/congreso-internacionalreconstruccion-compleja-de-hombro-y-transferencias\/#article\",\"isPartOf\":{\"@id\":\"https:\/\/traumaunit.es\/blog\/congreso-internacionalreconstruccion-compleja-de-hombro-y-transferencias\/\"},\"author\":{\"name\":\"Dr. Joaqu\u00edn Casa\u00f1as\",\"@id\":\"https:\/\/traumaunit.es\/blog\/#\/schema\/person\/811991b2641aa059a18c7c91104ed992\"},\"headline\":\"Congreso Internacional:Reconstrucci\u00f3n Compleja de Hombro y Transferencias\",\"datePublished\":\"2023-05-13T22:01:37+00:00\",\"dateModified\":\"2023-08-21T10:09:42+00:00\",\"mainEntityOfPage\":{\"@id\":\"https:\/\/traumaunit.es\/blog\/congreso-internacionalreconstruccion-compleja-de-hombro-y-transferencias\/\"},\"wordCount\":562,\"commentCount\":0,\"image\":{\"@id\":\"https:\/\/traumaunit.es\/blog\/congreso-internacionalreconstruccion-compleja-de-hombro-y-transferencias\/#primaryimage\"},\"thumbnailUrl\":\"https:\/\/traumaunit.es\/blog\/wp-content\/uploads\/2023\/05\/Congreso-hombro-y-plexo.jpg\",\"keywords\":[\"Dr. Joaquim Casa\u00f1as\"],\"articleSection\":[\"cursos y conferencias\",\"patolog\u00eda del hombro\",\"plexo braquial\"],\"inLanguage\":\"es\",\"potentialAction\":[{\"@type\":\"CommentAction\",\"name\":\"Comment\",\"target\":[\"https:\/\/traumaunit.es\/blog\/congreso-internacionalreconstruccion-compleja-de-hombro-y-transferencias\/#respond\"]}]},{\"@type\":\"WebPage\",\"@id\":\"https:\/\/traumaunit.es\/blog\/congreso-internacionalreconstruccion-compleja-de-hombro-y-transferencias\/\",\"url\":\"https:\/\/traumaunit.es\/blog\/congreso-internacionalreconstruccion-compleja-de-hombro-y-transferencias\/\",\"name\":\"Congreso Internacional:Reconstrucci\u00f3n Compleja de Hombro y Transferencias | Blog del Dr Casa\u00f1as - Cirug\u00eda ortop\u00e9dica y traumatolog\u00eda adultos\",\"isPartOf\":{\"@id\":\"https:\/\/traumaunit.es\/blog\/#website\"},\"primaryImageOfPage\":{\"@id\":\"https:\/\/traumaunit.es\/blog\/congreso-internacionalreconstruccion-compleja-de-hombro-y-transferencias\/#primaryimage\"},\"image\":{\"@id\":\"https:\/\/traumaunit.es\/blog\/congreso-internacionalreconstruccion-compleja-de-hombro-y-transferencias\/#primaryimage\"},\"thumbnailUrl\":\"https:\/\/traumaunit.es\/blog\/wp-content\/uploads\/2023\/05\/Congreso-hombro-y-plexo.jpg\",\"datePublished\":\"2023-05-13T22:01:37+00:00\",\"dateModified\":\"2023-08-21T10:09:42+00:00\",\"author\":{\"@id\":\"https:\/\/traumaunit.es\/blog\/#\/schema\/person\/811991b2641aa059a18c7c91104ed992\"},\"description\":\"El Dr. Joaquim Casa\u00f1as ha sido invitado como profesor internacional al Congreso Internacional celebrado en Guadalajara (M\u00e9jico).\",\"breadcrumb\":{\"@id\":\"https:\/\/traumaunit.es\/blog\/congreso-internacionalreconstruccion-compleja-de-hombro-y-transferencias\/#breadcrumb\"},\"inLanguage\":\"es\",\"potentialAction\":[{\"@type\":\"ReadAction\",\"target\":[\"https:\/\/traumaunit.es\/blog\/congreso-internacionalreconstruccion-compleja-de-hombro-y-transferencias\/\"]}]},{\"@type\":\"ImageObject\",\"inLanguage\":\"es\",\"@id\":\"https:\/\/traumaunit.es\/blog\/congreso-internacionalreconstruccion-compleja-de-hombro-y-transferencias\/#primaryimage\",\"url\":\"https:\/\/traumaunit.es\/blog\/wp-content\/uploads\/2023\/05\/Congreso-hombro-y-plexo.jpg\",\"contentUrl\":\"https:\/\/traumaunit.es\/blog\/wp-content\/uploads\/2023\/05\/Congreso-hombro-y-plexo.jpg\",\"width\":650,\"height\":341},{\"@type\":\"BreadcrumbList\",\"@id\":\"https:\/\/traumaunit.es\/blog\/congreso-internacionalreconstruccion-compleja-de-hombro-y-transferencias\/#breadcrumb\",\"itemListElement\":[{\"@type\":\"ListItem\",\"position\":1,\"name\":\"Portada\",\"item\":\"https:\/\/traumaunit.es\/blog\/\"},{\"@type\":\"ListItem\",\"position\":2,\"name\":\"Congreso Internacional:Reconstrucci\u00f3n Compleja de Hombro y Transferencias\"}]},{\"@type\":\"WebSite\",\"@id\":\"https:\/\/traumaunit.es\/blog\/#website\",\"url\":\"https:\/\/traumaunit.es\/blog\/\",\"name\":\"Blog del Dr Casa\u00f1as - Cirug\u00eda ortop\u00e9dica y traumatolog\u00eda adultos\",\"description\":\"Blog del Doctor Joaquim Casa\u00f1as, especialista de gran prestigio en cirug\u00eda ortop\u00e9dica y traumatolog\u00eda adultos.\",\"potentialAction\":[{\"@type\":\"SearchAction\",\"target\":{\"@type\":\"EntryPoint\",\"urlTemplate\":\"https:\/\/traumaunit.es\/blog\/?s={search_term_string}\"},\"query-input\":{\"@type\":\"PropertyValueSpecification\",\"valueRequired\":true,\"valueName\":\"search_term_string\"}}],\"inLanguage\":\"es\"},{\"@type\":\"Person\",\"@id\":\"https:\/\/traumaunit.es\/blog\/#\/schema\/person\/811991b2641aa059a18c7c91104ed992\",\"name\":\"Dr. Joaqu\u00edn Casa\u00f1as\",\"image\":{\"@type\":\"ImageObject\",\"inLanguage\":\"es\",\"@id\":\"https:\/\/secure.gravatar.com\/avatar\/f24a728ebb8ec26b69321ec2d9352559ad2239c36f32c74fefbeb7c6aa42dcb4?s=96&d=mm&r=g\",\"url\":\"https:\/\/secure.gravatar.com\/avatar\/f24a728ebb8ec26b69321ec2d9352559ad2239c36f32c74fefbeb7c6aa42dcb4?s=96&d=mm&r=g\",\"contentUrl\":\"https:\/\/secure.gravatar.com\/avatar\/f24a728ebb8ec26b69321ec2d9352559ad2239c36f32c74fefbeb7c6aa42dcb4?s=96&d=mm&r=g\",\"caption\":\"Dr. Joaqu\u00edn Casa\u00f1as\"},\"description\":\"Dr. Joaqu\u00edn Casa\u00f1as es un especialista destacado en cirug\u00eda ortop\u00e9dica, traumatolog\u00eda, pero sobre todo en nervio perif\u00e9rico, plexo braquial y cirug\u00eda de la mano, de cuyas 3 especialidades atesora un gran prestigio internacional. Licenciado en Medicina y Cirug\u00eda por la Universidad Central de Barcelona en 1988, complet\u00f3 su formaci\u00f3n como m\u00e9dico residente (MIR) en la Ciudad Sanitaria y Universitaria de Bellvitge. Cuenta con el Diplomado Europeo en Cirug\u00eda de la Mano desde el 2000. Ha trabajado en diversas instituciones, incluyendo el Hospital de Meritxell en Andorra y el Hospital Germans Trias i Pujol de Badalona. Desde 1994, es m\u00e9dico adjunto en el servicio de Cirug\u00eda Ortop\u00e9dica y Traumatolog\u00eda de la Ciudad Sanitaria y Universitaria de Bellvitge. Adem\u00e1s de su pr\u00e1ctica cl\u00ednica, ha contribuido con numerosas publicaciones cient\u00edficas y cap\u00edtulos de libros en su campo. En la actualidad da conferencias en diferentes congresos internacionales en relaci\u00f3n a sus principales especialidades, adem\u00e1s de dirigir Traumaunit, la unidad de traumatolog\u00eda de Teknon en Barcelona.\",\"sameAs\":[\"http:\/\/traumaunit.es\",\"https:\/\/www.youtube.com\/channel\/UCDHOGYWyQKaaLl16Q9ln0hQ\"],\"url\":\"https:\/\/traumaunit.es\/blog\/author\/iamacookie\/\"}]}<\/script>\n<!-- \/ Yoast SEO plugin. -->","yoast_head_json":{"title":"Congreso Internacional:Reconstrucci\u00f3n Compleja de Hombro y Transferencias | Blog del Dr Casa\u00f1as - Cirug\u00eda ortop\u00e9dica y traumatolog\u00eda adultos","description":"El Dr. Joaquim Casa\u00f1as ha sido invitado como profesor internacional al Congreso Internacional celebrado en Guadalajara (M\u00e9jico).","robots":{"index":"index","follow":"follow","max-snippet":"max-snippet:-1","max-image-preview":"max-image-preview:large","max-video-preview":"max-video-preview:-1"},"canonical":"https:\/\/traumaunit.es\/blog\/congreso-internacionalreconstruccion-compleja-de-hombro-y-transferencias\/","og_locale":"es_ES","og_type":"article","og_title":"Congreso Internacional:Reconstrucci\u00f3n Compleja de Hombro y Transferencias | Blog del Dr Casa\u00f1as - Cirug\u00eda ortop\u00e9dica y traumatolog\u00eda adultos","og_description":"El Dr. Joaquim Casa\u00f1as ha sido invitado como profesor internacional al Congreso Internacional celebrado en Guadalajara (M\u00e9jico).","og_url":"https:\/\/traumaunit.es\/blog\/congreso-internacionalreconstruccion-compleja-de-hombro-y-transferencias\/","og_site_name":"Blog del Dr Casa\u00f1as - Cirug\u00eda ortop\u00e9dica y traumatolog\u00eda adultos","article_publisher":"https:\/\/www.facebook.com\/Dr.Casanas.Traumaunit\/","article_published_time":"2023-05-13T22:01:37+00:00","article_modified_time":"2023-08-21T10:09:42+00:00","og_image":[{"width":650,"height":341,"url":"https:\/\/traumaunit.es\/blog\/wp-content\/uploads\/2023\/05\/Congreso-hombro-y-plexo.jpg","type":"image\/jpeg"}],"author":"Dr. Joaqu\u00edn Casa\u00f1as","twitter_card":"summary_large_image","twitter_misc":{"Escrito por":"Dr. Joaqu\u00edn Casa\u00f1as","Tiempo de lectura":"3 minutos"},"schema":{"@context":"https:\/\/schema.org","@graph":[{"@type":"Article","@id":"https:\/\/traumaunit.es\/blog\/congreso-internacionalreconstruccion-compleja-de-hombro-y-transferencias\/#article","isPartOf":{"@id":"https:\/\/traumaunit.es\/blog\/congreso-internacionalreconstruccion-compleja-de-hombro-y-transferencias\/"},"author":{"name":"Dr. Joaqu\u00edn Casa\u00f1as","@id":"https:\/\/traumaunit.es\/blog\/#\/schema\/person\/811991b2641aa059a18c7c91104ed992"},"headline":"Congreso Internacional:Reconstrucci\u00f3n Compleja de Hombro y Transferencias","datePublished":"2023-05-13T22:01:37+00:00","dateModified":"2023-08-21T10:09:42+00:00","mainEntityOfPage":{"@id":"https:\/\/traumaunit.es\/blog\/congreso-internacionalreconstruccion-compleja-de-hombro-y-transferencias\/"},"wordCount":562,"commentCount":0,"image":{"@id":"https:\/\/traumaunit.es\/blog\/congreso-internacionalreconstruccion-compleja-de-hombro-y-transferencias\/#primaryimage"},"thumbnailUrl":"https:\/\/traumaunit.es\/blog\/wp-content\/uploads\/2023\/05\/Congreso-hombro-y-plexo.jpg","keywords":["Dr. Joaquim Casa\u00f1as"],"articleSection":["cursos y conferencias","patolog\u00eda del hombro","plexo braquial"],"inLanguage":"es","potentialAction":[{"@type":"CommentAction","name":"Comment","target":["https:\/\/traumaunit.es\/blog\/congreso-internacionalreconstruccion-compleja-de-hombro-y-transferencias\/#respond"]}]},{"@type":"WebPage","@id":"https:\/\/traumaunit.es\/blog\/congreso-internacionalreconstruccion-compleja-de-hombro-y-transferencias\/","url":"https:\/\/traumaunit.es\/blog\/congreso-internacionalreconstruccion-compleja-de-hombro-y-transferencias\/","name":"Congreso Internacional:Reconstrucci\u00f3n Compleja de Hombro y Transferencias | Blog del Dr Casa\u00f1as - Cirug\u00eda ortop\u00e9dica y traumatolog\u00eda adultos","isPartOf":{"@id":"https:\/\/traumaunit.es\/blog\/#website"},"primaryImageOfPage":{"@id":"https:\/\/traumaunit.es\/blog\/congreso-internacionalreconstruccion-compleja-de-hombro-y-transferencias\/#primaryimage"},"image":{"@id":"https:\/\/traumaunit.es\/blog\/congreso-internacionalreconstruccion-compleja-de-hombro-y-transferencias\/#primaryimage"},"thumbnailUrl":"https:\/\/traumaunit.es\/blog\/wp-content\/uploads\/2023\/05\/Congreso-hombro-y-plexo.jpg","datePublished":"2023-05-13T22:01:37+00:00","dateModified":"2023-08-21T10:09:42+00:00","author":{"@id":"https:\/\/traumaunit.es\/blog\/#\/schema\/person\/811991b2641aa059a18c7c91104ed992"},"description":"El Dr. Joaquim Casa\u00f1as ha sido invitado como profesor internacional al Congreso Internacional celebrado en Guadalajara (M\u00e9jico).","breadcrumb":{"@id":"https:\/\/traumaunit.es\/blog\/congreso-internacionalreconstruccion-compleja-de-hombro-y-transferencias\/#breadcrumb"},"inLanguage":"es","potentialAction":[{"@type":"ReadAction","target":["https:\/\/traumaunit.es\/blog\/congreso-internacionalreconstruccion-compleja-de-hombro-y-transferencias\/"]}]},{"@type":"ImageObject","inLanguage":"es","@id":"https:\/\/traumaunit.es\/blog\/congreso-internacionalreconstruccion-compleja-de-hombro-y-transferencias\/#primaryimage","url":"https:\/\/traumaunit.es\/blog\/wp-content\/uploads\/2023\/05\/Congreso-hombro-y-plexo.jpg","contentUrl":"https:\/\/traumaunit.es\/blog\/wp-content\/uploads\/2023\/05\/Congreso-hombro-y-plexo.jpg","width":650,"height":341},{"@type":"BreadcrumbList","@id":"https:\/\/traumaunit.es\/blog\/congreso-internacionalreconstruccion-compleja-de-hombro-y-transferencias\/#breadcrumb","itemListElement":[{"@type":"ListItem","position":1,"name":"Portada","item":"https:\/\/traumaunit.es\/blog\/"},{"@type":"ListItem","position":2,"name":"Congreso Internacional:Reconstrucci\u00f3n Compleja de Hombro y Transferencias"}]},{"@type":"WebSite","@id":"https:\/\/traumaunit.es\/blog\/#website","url":"https:\/\/traumaunit.es\/blog\/","name":"Blog del Dr Casa\u00f1as - Cirug\u00eda ortop\u00e9dica y traumatolog\u00eda adultos","description":"Blog del Doctor Joaquim Casa\u00f1as, especialista de gran prestigio en cirug\u00eda ortop\u00e9dica y traumatolog\u00eda adultos.","potentialAction":[{"@type":"SearchAction","target":{"@type":"EntryPoint","urlTemplate":"https:\/\/traumaunit.es\/blog\/?s={search_term_string}"},"query-input":{"@type":"PropertyValueSpecification","valueRequired":true,"valueName":"search_term_string"}}],"inLanguage":"es"},{"@type":"Person","@id":"https:\/\/traumaunit.es\/blog\/#\/schema\/person\/811991b2641aa059a18c7c91104ed992","name":"Dr. Joaqu\u00edn Casa\u00f1as","image":{"@type":"ImageObject","inLanguage":"es","@id":"https:\/\/secure.gravatar.com\/avatar\/f24a728ebb8ec26b69321ec2d9352559ad2239c36f32c74fefbeb7c6aa42dcb4?s=96&d=mm&r=g","url":"https:\/\/secure.gravatar.com\/avatar\/f24a728ebb8ec26b69321ec2d9352559ad2239c36f32c74fefbeb7c6aa42dcb4?s=96&d=mm&r=g","contentUrl":"https:\/\/secure.gravatar.com\/avatar\/f24a728ebb8ec26b69321ec2d9352559ad2239c36f32c74fefbeb7c6aa42dcb4?s=96&d=mm&r=g","caption":"Dr. Joaqu\u00edn Casa\u00f1as"},"description":"Dr. Joaqu\u00edn Casa\u00f1as es un especialista destacado en cirug\u00eda ortop\u00e9dica, traumatolog\u00eda, pero sobre todo en nervio perif\u00e9rico, plexo braquial y cirug\u00eda de la mano, de cuyas 3 especialidades atesora un gran prestigio internacional. Licenciado en Medicina y Cirug\u00eda por la Universidad Central de Barcelona en 1988, complet\u00f3 su formaci\u00f3n como m\u00e9dico residente (MIR) en la Ciudad Sanitaria y Universitaria de Bellvitge. Cuenta con el Diplomado Europeo en Cirug\u00eda de la Mano desde el 2000. Ha trabajado en diversas instituciones, incluyendo el Hospital de Meritxell en Andorra y el Hospital Germans Trias i Pujol de Badalona. Desde 1994, es m\u00e9dico adjunto en el servicio de Cirug\u00eda Ortop\u00e9dica y Traumatolog\u00eda de la Ciudad Sanitaria y Universitaria de Bellvitge. Adem\u00e1s de su pr\u00e1ctica cl\u00ednica, ha contribuido con numerosas publicaciones cient\u00edficas y cap\u00edtulos de libros en su campo. En la actualidad da conferencias en diferentes congresos internacionales en relaci\u00f3n a sus principales especialidades, adem\u00e1s de dirigir Traumaunit, la unidad de traumatolog\u00eda de Teknon en Barcelona.","sameAs":["http:\/\/traumaunit.es","https:\/\/www.youtube.com\/channel\/UCDHOGYWyQKaaLl16Q9ln0hQ"],"url":"https:\/\/traumaunit.es\/blog\/author\/iamacookie\/"}]}},"_links":{"self":[{"href":"https:\/\/traumaunit.es\/blog\/wp-json\/wp\/v2\/posts\/2057","targetHints":{"allow":["GET"]}}],"collection":[{"href":"https:\/\/traumaunit.es\/blog\/wp-json\/wp\/v2\/posts"}],"about":[{"href":"https:\/\/traumaunit.es\/blog\/wp-json\/wp\/v2\/types\/post"}],"author":[{"embeddable":true,"href":"https:\/\/traumaunit.es\/blog\/wp-json\/wp\/v2\/users\/5"}],"replies":[{"embeddable":true,"href":"https:\/\/traumaunit.es\/blog\/wp-json\/wp\/v2\/comments?post=2057"}],"version-history":[{"count":6,"href":"https:\/\/traumaunit.es\/blog\/wp-json\/wp\/v2\/posts\/2057\/revisions"}],"predecessor-version":[{"id":2201,"href":"https:\/\/traumaunit.es\/blog\/wp-json\/wp\/v2\/posts\/2057\/revisions\/2201"}],"wp:featuredmedia":[{"embeddable":true,"href":"https:\/\/traumaunit.es\/blog\/wp-json\/wp\/v2\/media\/2058"}],"wp:attachment":[{"href":"https:\/\/traumaunit.es\/blog\/wp-json\/wp\/v2\/media?parent=2057"}],"wp:term":[{"taxonomy":"category","embeddable":true,"href":"https:\/\/traumaunit.es\/blog\/wp-json\/wp\/v2\/categories?post=2057"},{"taxonomy":"post_tag","embeddable":true,"href":"https:\/\/traumaunit.es\/blog\/wp-json\/wp\/v2\/tags?post=2057"}],"curies":[{"name":"wp","href":"https:\/\/api.w.org\/{rel}","templated":true}]}}