{"id":2280,"date":"2023-10-27T21:10:03","date_gmt":"2023-10-27T21:10:03","guid":{"rendered":"https:\/\/traumaunit.es\/blog\/?p=2280"},"modified":"2023-10-25T09:50:47","modified_gmt":"2023-10-25T09:50:47","slug":"dano-cerebral-adquirido","status":"publish","type":"post","link":"https:\/\/traumaunit.es\/blog\/dano-cerebral-adquirido\/","title":{"rendered":"Da\u00f1o cerebral adquirido"},"content":{"rendered":"\n<h2 class=\"wp-block-heading\">El impacto del da\u00f1o cerebral adquirido: causas, secuelas y rehabilitaci\u00f3n&#8217;<\/h2>\n\n\n\n<p><br>El da\u00f1o cerebral adquirido puede afectar s\u00fabitamente a personas sin alteraciones cerebrales previas debido a accidentes o enfermedades. Las causas pueden ser externas, como traumatismos craneoencef\u00e1licos por accidentes, o internas, como ictus y tumores cerebrales. Estas lesiones suelen dejar secuelas en el \u00e1mbito motor, cognitivo, funcional y social. La rehabilitaci\u00f3n es esencial para mejorar la calidad de vida, con el objetivo de prevenir complicaciones, preservar funciones cerebrales y recuperar capacidades f\u00edsicas, funcionales y sociales. Cl\u00ednicas especializadas, como la Unidad de Neuropat\u00eda del HGC (Hospital General de Catalunya), coordinada por el<strong> Dr. Joaquim Casa\u00f1as Sintes, <\/strong>ofrecen programas y tecnolog\u00eda avanzada para la rehabilitaci\u00f3n cerebral. Adem\u00e1s, existen recursos disponibles para las personas y familias afectadas, como apoyo psicol\u00f3gico y proyectos de inclusi\u00f3n social.<\/p>\n\n\n\n<p>El Dr. Joaquim Casa\u00f1as es adem\u00e1s el director de <a href=\"https:\/\/traumaunit.es\/traumaunit\">Traumaunit<\/a>, ubicada en el Centro M\u00e9dico Teknon.<\/p>\n\n\n\n<h2 class=\"wp-block-heading\">Definici\u00f3n y causas del da\u00f1o cerebral adquirido<\/h2>\n\n\n\n<p>El da\u00f1o cerebral adquirido es una lesi\u00f3n que afecta a personas que, sin presentar alteraciones cerebrales desde su nacimiento, adquieren una lesi\u00f3n en alg\u00fan momento de su vida debido a accidentes o enfermedades. Dicha lesi\u00f3n puede tener una variedad de causas, ya sean externas o internas.<\/p>\n\n\n<div class=\"wp-block-image\">\n<figure class=\"alignright size-full\"><a href=\"https:\/\/traumaunit.es\/blog\/wp-content\/uploads\/2023\/10\/dano-cerebral.jpg\"><img loading=\"lazy\" decoding=\"async\" width=\"400\" height=\"275\" src=\"https:\/\/traumaunit.es\/blog\/wp-content\/uploads\/2023\/10\/dano-cerebral.jpg\" alt=\"\" class=\"wp-image-2284\"\/><\/a><figcaption class=\"wp-element-caption\"> <\/figcaption><\/figure>\n<\/div>\n\n\n<h3 class=\"wp-block-heading\"><strong>Causas externas del da\u00f1o cerebral adquirido<\/strong><\/h3>\n\n\n\n<ul class=\"wp-block-list\">\n<li>Traumatismos craneoencef\u00e1licos: Los traumatismos en la cabeza causados por diversos factores externos, como los accidentes de tr\u00e1fico, pueden provocar da\u00f1o cerebral adquirido.<\/li>\n<\/ul>\n\n\n\n<h3 class=\"wp-block-heading\"><strong>Causas internas del da\u00f1o cerebral adquirido<\/strong><\/h3>\n\n\n\n<ul class=\"wp-block-list\">\n<li>Ictus: Los accidentes cerebrovasculares, tambi\u00e9n conocidos como ictus, pueden interrumpir el flujo sangu\u00edneo al cerebro, lo que ocasiona da\u00f1o cerebral adquirido.<\/li>\n\n\n\n<li>Tumores cerebrales: El crecimiento anormal de c\u00e9lulas en el cerebro puede generar da\u00f1o cerebral adquirido debido a la presi\u00f3n ejercida en el tejido cerebral circundante.<\/li>\n\n\n\n<li>Accidentes cerebrovasculares: Los accidentes cerebrovasculares, como los infartos cerebrales, son otra causa interna de da\u00f1o cerebral adquirido, ya que impiden el flujo de sangre hacia el cerebro.<\/li>\n<\/ul>\n\n\n\n<p>El da\u00f1o cerebral adquirido puede tener consecuencias devastadoras en la vida de las personas afectadas. Por ello, es fundamental comprender las causas subyacentes de esta condici\u00f3n, permitiendo as\u00ed abordar adecuadamente su prevenci\u00f3n y tratamiento.<\/p>\n\n\n\n<h2 class=\"wp-block-heading\">Secuelas y manifestaciones del da\u00f1o cerebral adquirido<\/h2>\n\n\n\n<p>El da\u00f1o cerebral adquirido puede tener diversas secuelas y manifestaciones en las personas afectadas. Estas dificultades pueden manifestarse en diferentes aspectos de la vida, como las habilidades motoras, cognitivas, funcionales y sociales.<\/p>\n\n\n<div class=\"wp-block-image\">\n<figure class=\"alignleft size-full\"><a href=\"https:\/\/traumaunit.es\/blog\/wp-content\/uploads\/2023\/10\/impacto-dano-cerebral.jpg\"><img loading=\"lazy\" decoding=\"async\" width=\"400\" height=\"267\" src=\"https:\/\/traumaunit.es\/blog\/wp-content\/uploads\/2023\/10\/impacto-dano-cerebral.jpg\" alt=\"\" class=\"wp-image-2285\"\/><\/a><\/figure>\n<\/div>\n\n\n<h3 class=\"wp-block-heading\"><strong>Dificultades motoras<\/strong><\/h3>\n\n\n\n<p>Las dificultades motoras son una de las secuelas m\u00e1s comunes del da\u00f1o cerebral adquirido. Los individuos pueden experimentar cambios en la coordinaci\u00f3n y el equilibrio, as\u00ed como debilidad muscular. Esto puede dificultar la realizaci\u00f3n de actividades b\u00e1sicas como caminar, moverse o sostener objetos.<\/p>\n\n\n\n<h3 class=\"wp-block-heading\"><strong>Dificultades cognitivas<\/strong><\/h3>\n\n\n\n<p>El da\u00f1o cerebral adquirido tambi\u00e9n puede dar lugar a dificultades cognitivas. Esto incluye problemas de memoria, atenci\u00f3n, concentraci\u00f3n y velocidad de procesamiento de la informaci\u00f3n. Las tareas cotidianas y la resoluci\u00f3n de problemas pueden ser m\u00e1s desafiantes para las personas con estas dificultades.<\/p>\n\n\n\n<h3 class=\"wp-block-heading\"><strong>Dificultades funcionales<\/strong><\/h3>\n\n\n\n<p>Las dificultades funcionales se refieren a las dificultades que pueden surgir en las actividades de la vida diaria. Estas pueden incluir dificultades en la comunicaci\u00f3n, la planificaci\u00f3n y organizaci\u00f3n, la gesti\u00f3n del tiempo y la realizaci\u00f3n de tareas rutinarias como vestirse, cocinar o manejar el dinero.<\/p>\n\n\n<div class=\"wp-block-image\">\n<figure class=\"alignright size-full\"><a href=\"https:\/\/traumaunit.es\/blog\/wp-content\/uploads\/2023\/10\/rehabilitacion-dano-cerebral.jpg\"><img loading=\"lazy\" decoding=\"async\" width=\"400\" height=\"267\" src=\"https:\/\/traumaunit.es\/blog\/wp-content\/uploads\/2023\/10\/rehabilitacion-dano-cerebral.jpg\" alt=\"\" class=\"wp-image-2286\"\/><\/a><\/figure>\n<\/div>\n\n\n<h3 class=\"wp-block-heading\"><strong>Dificultades sociales<\/strong><\/h3>\n\n\n\n<p>El da\u00f1o cerebral adquirido tambi\u00e9n puede tener un impacto en las habilidades sociales de la persona afectada. Pueden experimentar dificultades en la interacci\u00f3n social, la empat\u00eda, el reconocimiento de emociones y la adaptaci\u00f3n a diferentes situaciones sociales. Esto puede afectar las relaciones interpersonales y la integraci\u00f3n en la sociedad.<\/p>\n\n\n\n<p><\/p>\n\n\n\n<h2 class=\"wp-block-heading\">Importancia de la rehabilitaci\u00f3n en el da\u00f1o cerebral adquirido<\/h2>\n\n\n\n<ul class=\"wp-block-list\">\n<li>Objetivos de la rehabilitaci\u00f3n<\/li>\n<\/ul>\n\n\n\n<p>La rehabilitaci\u00f3n en el da\u00f1o cerebral adquirido tiene como objetivo prevenir complicaciones secundarias, preservar las funciones cerebrales y fomentar la recuperaci\u00f3n m\u00e1xima de las capacidades del paciente. Algunos de los objetivos espec\u00edficos incluyen:<\/p>\n\n\n\n<ul class=\"wp-block-list\">\n<li>Promover la independencia y autonom\u00eda en las actividades de la vida diaria.<\/li>\n\n\n\n<li>Restablecer las habilidades motoras afectadas, como la coordinaci\u00f3n y el equilibrio.<\/li>\n\n\n\n<li>Mejorar las funciones cognitivas, como la memoria, la atenci\u00f3n y la resoluci\u00f3n de problemas.<\/li>\n\n\n\n<li>Favorecer la adaptaci\u00f3n y la reintegraci\u00f3n social, facilitando la participaci\u00f3n en actividades sociales y laborales.<\/li>\n\n\n\n<li>Tratamientos y terapias de rehabilitaci\u00f3n<\/li>\n<\/ul>\n\n\n\n<p>La rehabilitaci\u00f3n del da\u00f1o cerebral adquirido se lleva a cabo a trav\u00e9s de un enfoque multidisciplinario, donde intervienen diferentes profesionales de la salud. Algunas de las terapias y tratamientos utilizados son:<\/p>\n\n\n<div class=\"wp-block-image\">\n<figure class=\"alignleft size-full\"><a href=\"https:\/\/traumaunit.es\/blog\/wp-content\/uploads\/2023\/10\/secuelas-dano-cerebral-1.jpg\"><img loading=\"lazy\" decoding=\"async\" width=\"400\" height=\"225\" src=\"https:\/\/traumaunit.es\/blog\/wp-content\/uploads\/2023\/10\/secuelas-dano-cerebral-1.jpg\" alt=\"\" class=\"wp-image-2291\"\/><\/a><\/figure>\n<\/div>\n\n\n<ul class=\"wp-block-list\">\n<li>Terapia f\u00edsica Se enfoca en mejorar la fuerza, la movilidad y la coordinaci\u00f3n mediante ejercicios y t\u00e9cnicas espec\u00edficas.<\/li>\n\n\n\n<li>Terapia ocupacional Se centra en mejorar la capacidad de realizar actividades cotidianas y fomentar la independencia funcional.<\/li>\n\n\n\n<li>Terapia del habla y del lenguaje Busca mejorar la comunicaci\u00f3n verbal y no verbal, as\u00ed como la degluci\u00f3n y la alimentaci\u00f3n.<\/li>\n\n\n\n<li>Terapia cognitiva Se orienta a fortalecer las habilidades cognitivas afectadas, como la memoria, la atenci\u00f3n y la concentraci\u00f3n.<\/li>\n\n\n\n<li>Terapia psicol\u00f3gica Brinda apoyo emocional y ayuda a afrontar los cambios y desaf\u00edos emocionales asociados al da\u00f1o cerebral.<\/li>\n\n\n\n<li>Terapias complementarias Como la realidad virtual, pueden ser utilizadas para potenciar la rehabilitaci\u00f3n de forma innovadora.<\/li>\n<\/ul>\n\n\n\n<p>Es importante destacar que cada plan de rehabilitaci\u00f3n ser\u00e1 personalizado seg\u00fan las necesidades y caracter\u00edsticas de cada individuo. La constancia y el compromiso tanto del equipo de rehabilitaci\u00f3n como del paciente y su entorno son fundamentales para lograr los mejores resultados.<\/p>\n\n\n\n<h2 class=\"wp-block-heading\">Especializaci\u00f3n en rehabilitaci\u00f3n de da\u00f1o cerebral adquirido: Unidad de Neuropat\u00eda del HGC<\/h2>\n\n\n\n<p>La Unidad de Neuropat\u00eda del HGC se destaca por su especializaci\u00f3n en la rehabilitaci\u00f3n intensiva de personas con da\u00f1o cerebral adquirido en todas las etapas de su recuperaci\u00f3n.<\/p>\n\n\n\n<h3 class=\"wp-block-heading\"><strong>Programas de rehabilitaci\u00f3n<\/strong><\/h3>\n\n\n\n<p>En la Unidad de Neuropat\u00eda del HGC, se ofrecen programas de rehabilitaci\u00f3n personalizados, adaptados a las necesidades espec\u00edficas de cada paciente. Estos programas se desarrollan a trav\u00e9s de un enfoque multidisciplinar, en el que intervienen distintos profesionales especializados en terapias f\u00edsicas, ocupacionales y cognitivas.<\/p>\n\n\n\n<p>Los programas de rehabilitaci\u00f3n se centran en mejorar la funci\u00f3n motora, cognitiva y funcional de los pacientes, as\u00ed como en fomentar su integraci\u00f3n social. Se establecen metas terap\u00e9uticas claras y se dise\u00f1a un plan de tratamiento individualizado para cada persona, con el objetivo de maximizar su capacidad f\u00edsica y funcional.<\/p>\n\n\n\n<h3 class=\"wp-block-heading\"><strong>Equipo profesional multidisciplinar<\/strong><\/h3>\n\n\n\n<p>En la Unidad de Neuropat\u00eda del HGC se cuenta con un equipo profesional altamente cualificado y multidisciplinar, compuesto por m\u00e9dicos especialistas en neurorehabilitaci\u00f3n, fisioterapeutas, terapeutas ocupacionales, logopedas y neuropsic\u00f3logos, entre otros. Este equipo trabaja de manera coordinada, compartiendo conocimientos y experiencias para proporcionar una atenci\u00f3n integral y personalizada.<\/p>\n\n\n\n<p>El abordaje multidisciplinar permite evaluar de manera global las necesidades del paciente, establecer un plan de tratamiento individualizado y monitorizar su progreso a lo largo de la rehabilitaci\u00f3n. Adem\u00e1s, se promueve la participaci\u00f3n activa del paciente y se brinda apoyo a sus familias durante todo el proceso.<\/p>\n\n\n\n<h3 class=\"wp-block-heading\"><strong>Tecnolog\u00eda avanzada en rehabilitaci\u00f3n<\/strong><\/h3>\n\n\n\n<p>La Unidad de Neuropat\u00eda del HGC utiliza tecnolog\u00eda avanzada en sus procesos de rehabilitaci\u00f3n, incluyendo herramientas basadas en realidad virtual aplicada a la rehabilitaci\u00f3n cerebral. Estas t\u00e9cnicas innovadoras permiten realizar terapias m\u00e1s precisas, reproducir situaciones de la vida real y estimular de manera m\u00e1s efectiva las capacidades cognitivas y motoras de los pacientes.<\/p>\n\n\n<div class=\"wp-block-image\">\n<figure class=\"alignright size-full\"><a href=\"https:\/\/traumaunit.es\/blog\/wp-content\/uploads\/2023\/10\/dano-cerebral-adquirido.jpg\"><img loading=\"lazy\" decoding=\"async\" width=\"400\" height=\"200\" src=\"https:\/\/traumaunit.es\/blog\/wp-content\/uploads\/2023\/10\/dano-cerebral-adquirido.jpg\" alt=\"\" class=\"wp-image-2290\"\/><\/a><\/figure>\n<\/div>\n\n\n<p>El uso de la tecnolog\u00eda avanzada no solo mejora la calidad y eficacia de la rehabilitaci\u00f3n, sino que tambi\u00e9n motiva a los pacientes, haciendo que el proceso de recuperaci\u00f3n sea m\u00e1s din\u00e1mico y estimulante. Esta combinaci\u00f3n de terapias convencionales y tecnolog\u00eda de vanguardia ofrece mayores posibilidades de rehabilitaci\u00f3n y recuperaci\u00f3n funcional.<\/p>\n\n\n\n<h2 class=\"wp-block-heading\">Recursos disponibles para las personas con da\u00f1o cerebral adquirido y sus familias<\/h2>\n\n\n\n<p>El da\u00f1o cerebral adquirido puede tener un impacto significativo en la vida de las personas y sus familias. Es crucial contar con recursos disponibles para brindar apoyo y mejorar la calidad de vida de quienes han sufrido esta lesi\u00f3n. A continuaci\u00f3n, se presentan algunos de los recursos que est\u00e1n al alcance de personas con da\u00f1o cerebral adquirido y sus familias:<\/p>\n\n\n\n<h3 class=\"wp-block-heading\"><strong>Programas informativos y de apoyo familiar<\/strong><\/h3>\n\n\n\n<p>Existen programas especializados que brindan informaci\u00f3n y apoyo a las familias afectadas por el da\u00f1o cerebral adquirido. Estos programas se enfocan en educar a las familias sobre las caracter\u00edsticas de la lesi\u00f3n, las posibles secuelas y c\u00f3mo enfrentar los desaf\u00edos diarios. Adem\u00e1s, ofrecen consejos pr\u00e1cticos para el cuidado y la adaptaci\u00f3n al nuevo estilo de vida. Estos programas tambi\u00e9n promueven el intercambio de experiencias entre las familias, creando una red de apoyo mutuo.<\/p>\n\n\n\n<h3 class=\"wp-block-heading\"><strong>Atenci\u00f3n psicol\u00f3gica y servicios de inclusi\u00f3n social<\/strong><\/h3>\n\n\n\n<p>Es normal que las personas y sus familias experimenten dificultades emocionales despu\u00e9s de un da\u00f1o cerebral adquirido. Por eso, es fundamental contar con servicios de atenci\u00f3n psicol\u00f3gica que ayuden a manejar el estr\u00e9s, la ansiedad y las emociones relacionadas. Estos servicios ofrecen terapia individual y grupal, brindando un espacio seguro para expresar los sentimientos y recibir el apoyo necesario.<\/p>\n\n\n\n<p>Asimismo, los servicios de inclusi\u00f3n social son clave para facilitar la integraci\u00f3n de las personas con da\u00f1o cerebral adquirido en la comunidad. Estos servicios promueven la participaci\u00f3n en actividades recreativas, culturales y deportivas adaptadas a las necesidades de cada persona. Adem\u00e1s, fomentan la formaci\u00f3n de habilidades sociales y la creaci\u00f3n de v\u00ednculos sociales, lo que contribuye a mejorar la calidad de vida y la autoestima.<\/p>\n\n\n\n<h3 class=\"wp-block-heading\"><strong>Proyectos de prevenci\u00f3n y talleres espec\u00edficos<\/strong><\/h3>\n\n\n\n<p>La prevenci\u00f3n del da\u00f1o cerebral adquirido es fundamental para reducir su incidencia. Por ello, existen proyectos espec\u00edficos dirigidos a concienciar sobre las causas m\u00e1s comunes de esta lesi\u00f3n y ofrecer pautas de prevenci\u00f3n en diferentes \u00e1mbitos, como la seguridad vial y los cuidados de la salud.<\/p>\n\n\n\n<p>Adem\u00e1s, se imparten talleres con enfoque terap\u00e9utico para ayudar a las personas con da\u00f1o cerebral adquirido a desarrollar habilidades espec\u00edficas. Estos talleres pueden incluir entrenamiento en habilidades cognitivas, rehabilitaci\u00f3n psicomotora, terapia ocupacional y entrenamiento en actividades de la vida diaria. De esta manera, se busca potenciar la autonom\u00eda y la independencia de las personas afectadas.<\/p>\n\n\n\n<ul class=\"wp-block-list\">\n<li>Programas informativos y de apoyo familiar<\/li>\n\n\n\n<li>Atenci\u00f3n psicol\u00f3gica y servicios de inclusi\u00f3n social<\/li>\n\n\n\n<li>Proyectos de prevenci\u00f3n y talleres espec\u00edficos.  <\/li>\n<\/ul>\n\n\n\n<p>Os dejamos tambi\u00e9n un link de un <a href=\"https:\/\/cronicaglobal.elespanol.com\/global-content\/20231023\/como-tratar-dano-cerebral-adquirido-sufrir-ictus\/804169757_0.html\">art\u00edculo<\/a> recientemente publicado de la entrevista realizada al Doctor Casa\u00f1as en relaci\u00f3n al da\u00f1o cerebral.<\/p>\n\n\n\n<p>Todo nuestro equipo est\u00e1 altamente comprometido en estar siempre a la vanguardia de todas las innovaciones y las \u00faltimas t\u00e9cnicas que surgen en nuestra especialidad &nbsp;para ofrecer la mejor atenci\u00f3n m\u00e9dica a nuestros pacientes.<\/p>\n\n\n\n<p>Por ello, <a href=\"https:\/\/traumaunit.es\/equipo\">el equipo de TRAUMAUNIT<\/a>&nbsp;&nbsp;participa de forma activa en los m\u00faltiples Congresos y Symposiums que se celebran a nivel Europeo e Internacional al haberse ganado con su alta profesionalidad el reconocimiento de toda la Comunidad cient\u00edfica.<\/p>\n","protected":false},"excerpt":{"rendered":"<p>El impacto del da\u00f1o cerebral adquirido: causas, secuelas y rehabilitaci\u00f3n&#8217; El da\u00f1o cerebral adquirido puede afectar s\u00fabitamente a personas sin alteraciones cerebrales previas debido a accidentes o enfermedades. Las causas pueden ser externas, como traumatismos craneoencef\u00e1licos por accidentes, o internas, como ictus y tumores cerebrales. Estas lesiones suelen dejar secuelas en el \u00e1mbito motor, cognitivo, funcional y social. La rehabilitaci\u00f3n es esencial para mejorar la calidad de vida, con el objetivo de prevenir complicaciones, preservar funciones cerebrales y recuperar capacidades f\u00edsicas, funcionales y sociales. Cl\u00ednicas especializadas, como la Unidad de Neuropat\u00eda del HGC (Hospital General de Catalunya), coordinada por el&#8230;<\/p>\n","protected":false},"author":5,"featured_media":2283,"comment_status":"open","ping_status":"closed","sticky":false,"template":"","format":"standard","meta":{"footnotes":""},"categories":[145],"tags":[],"class_list":["post-2280","post","type-post","status-publish","format-standard","has-post-thumbnail","hentry","category-dano-cerebral"],"yoast_head":"<!-- This site is optimized with the Yoast SEO plugin v27.2 - https:\/\/yoast.com\/product\/yoast-seo-wordpress\/ -->\n<title>Da\u00f1o cerebral adquirido | Blog del Dr Casa\u00f1as - Cirug\u00eda ortop\u00e9dica y traumatolog\u00eda adultos<\/title>\n<meta name=\"description\" content=\"El da\u00f1o cerebral adquirido puede afectar s\u00fabitamente a personas sin alteraciones cerebrales previas debido a accidentes o enfermedades.\" \/>\n<meta name=\"robots\" content=\"index, follow, max-snippet:-1, max-image-preview:large, max-video-preview:-1\" \/>\n<link rel=\"canonical\" href=\"https:\/\/traumaunit.es\/blog\/dano-cerebral-adquirido\/\" \/>\n<meta property=\"og:locale\" content=\"es_ES\" \/>\n<meta property=\"og:type\" content=\"article\" \/>\n<meta property=\"og:title\" content=\"Da\u00f1o cerebral adquirido | Blog del Dr Casa\u00f1as - Cirug\u00eda ortop\u00e9dica y traumatolog\u00eda adultos\" \/>\n<meta property=\"og:description\" content=\"El da\u00f1o cerebral adquirido puede afectar s\u00fabitamente a personas sin alteraciones cerebrales previas debido a accidentes o enfermedades.\" \/>\n<meta property=\"og:url\" content=\"https:\/\/traumaunit.es\/blog\/dano-cerebral-adquirido\/\" \/>\n<meta property=\"og:site_name\" content=\"Blog del Dr Casa\u00f1as - Cirug\u00eda ortop\u00e9dica y traumatolog\u00eda adultos\" \/>\n<meta property=\"article:publisher\" content=\"https:\/\/www.facebook.com\/Dr.Casanas.Traumaunit\/\" \/>\n<meta property=\"article:published_time\" content=\"2023-10-27T21:10:03+00:00\" \/>\n<meta property=\"og:image\" content=\"https:\/\/traumaunit.es\/blog\/wp-content\/uploads\/2023\/10\/danos-cerebrales.jpg\" \/>\n\t<meta property=\"og:image:width\" content=\"650\" \/>\n\t<meta property=\"og:image:height\" content=\"371\" \/>\n\t<meta property=\"og:image:type\" content=\"image\/jpeg\" \/>\n<meta name=\"author\" content=\"Dr. Joaqu\u00edn Casa\u00f1as\" \/>\n<meta name=\"twitter:card\" content=\"summary_large_image\" \/>\n<meta name=\"twitter:label1\" content=\"Escrito por\" \/>\n\t<meta name=\"twitter:data1\" content=\"Dr. Joaqu\u00edn Casa\u00f1as\" \/>\n\t<meta name=\"twitter:label2\" content=\"Tiempo de lectura\" \/>\n\t<meta name=\"twitter:data2\" content=\"9 minutos\" \/>\n<script type=\"application\/ld+json\" class=\"yoast-schema-graph\">{\"@context\":\"https:\/\/schema.org\",\"@graph\":[{\"@type\":\"Article\",\"@id\":\"https:\/\/traumaunit.es\/blog\/dano-cerebral-adquirido\/#article\",\"isPartOf\":{\"@id\":\"https:\/\/traumaunit.es\/blog\/dano-cerebral-adquirido\/\"},\"author\":{\"name\":\"Dr. Joaqu\u00edn Casa\u00f1as\",\"@id\":\"https:\/\/traumaunit.es\/blog\/#\/schema\/person\/811991b2641aa059a18c7c91104ed992\"},\"headline\":\"Da\u00f1o cerebral adquirido\",\"datePublished\":\"2023-10-27T21:10:03+00:00\",\"mainEntityOfPage\":{\"@id\":\"https:\/\/traumaunit.es\/blog\/dano-cerebral-adquirido\/\"},\"wordCount\":1914,\"commentCount\":0,\"image\":{\"@id\":\"https:\/\/traumaunit.es\/blog\/dano-cerebral-adquirido\/#primaryimage\"},\"thumbnailUrl\":\"https:\/\/traumaunit.es\/blog\/wp-content\/uploads\/2023\/10\/danos-cerebrales.jpg\",\"articleSection\":[\"da\u00f1o cerebral\"],\"inLanguage\":\"es\",\"potentialAction\":[{\"@type\":\"CommentAction\",\"name\":\"Comment\",\"target\":[\"https:\/\/traumaunit.es\/blog\/dano-cerebral-adquirido\/#respond\"]}]},{\"@type\":\"WebPage\",\"@id\":\"https:\/\/traumaunit.es\/blog\/dano-cerebral-adquirido\/\",\"url\":\"https:\/\/traumaunit.es\/blog\/dano-cerebral-adquirido\/\",\"name\":\"Da\u00f1o cerebral adquirido | Blog del Dr Casa\u00f1as - Cirug\u00eda ortop\u00e9dica y traumatolog\u00eda adultos\",\"isPartOf\":{\"@id\":\"https:\/\/traumaunit.es\/blog\/#website\"},\"primaryImageOfPage\":{\"@id\":\"https:\/\/traumaunit.es\/blog\/dano-cerebral-adquirido\/#primaryimage\"},\"image\":{\"@id\":\"https:\/\/traumaunit.es\/blog\/dano-cerebral-adquirido\/#primaryimage\"},\"thumbnailUrl\":\"https:\/\/traumaunit.es\/blog\/wp-content\/uploads\/2023\/10\/danos-cerebrales.jpg\",\"datePublished\":\"2023-10-27T21:10:03+00:00\",\"author\":{\"@id\":\"https:\/\/traumaunit.es\/blog\/#\/schema\/person\/811991b2641aa059a18c7c91104ed992\"},\"description\":\"El da\u00f1o cerebral adquirido puede afectar s\u00fabitamente a personas sin alteraciones cerebrales previas debido a accidentes o enfermedades.\",\"breadcrumb\":{\"@id\":\"https:\/\/traumaunit.es\/blog\/dano-cerebral-adquirido\/#breadcrumb\"},\"inLanguage\":\"es\",\"potentialAction\":[{\"@type\":\"ReadAction\",\"target\":[\"https:\/\/traumaunit.es\/blog\/dano-cerebral-adquirido\/\"]}]},{\"@type\":\"ImageObject\",\"inLanguage\":\"es\",\"@id\":\"https:\/\/traumaunit.es\/blog\/dano-cerebral-adquirido\/#primaryimage\",\"url\":\"https:\/\/traumaunit.es\/blog\/wp-content\/uploads\/2023\/10\/danos-cerebrales.jpg\",\"contentUrl\":\"https:\/\/traumaunit.es\/blog\/wp-content\/uploads\/2023\/10\/danos-cerebrales.jpg\",\"width\":650,\"height\":371,\"caption\":\"intelligence\"},{\"@type\":\"BreadcrumbList\",\"@id\":\"https:\/\/traumaunit.es\/blog\/dano-cerebral-adquirido\/#breadcrumb\",\"itemListElement\":[{\"@type\":\"ListItem\",\"position\":1,\"name\":\"Portada\",\"item\":\"https:\/\/traumaunit.es\/blog\/\"},{\"@type\":\"ListItem\",\"position\":2,\"name\":\"Da\u00f1o cerebral adquirido\"}]},{\"@type\":\"WebSite\",\"@id\":\"https:\/\/traumaunit.es\/blog\/#website\",\"url\":\"https:\/\/traumaunit.es\/blog\/\",\"name\":\"Blog del Dr Casa\u00f1as - Cirug\u00eda ortop\u00e9dica y traumatolog\u00eda adultos\",\"description\":\"Blog del Doctor Joaquim Casa\u00f1as, especialista de gran prestigio en cirug\u00eda ortop\u00e9dica y traumatolog\u00eda adultos.\",\"potentialAction\":[{\"@type\":\"SearchAction\",\"target\":{\"@type\":\"EntryPoint\",\"urlTemplate\":\"https:\/\/traumaunit.es\/blog\/?s={search_term_string}\"},\"query-input\":{\"@type\":\"PropertyValueSpecification\",\"valueRequired\":true,\"valueName\":\"search_term_string\"}}],\"inLanguage\":\"es\"},{\"@type\":\"Person\",\"@id\":\"https:\/\/traumaunit.es\/blog\/#\/schema\/person\/811991b2641aa059a18c7c91104ed992\",\"name\":\"Dr. Joaqu\u00edn Casa\u00f1as\",\"image\":{\"@type\":\"ImageObject\",\"inLanguage\":\"es\",\"@id\":\"https:\/\/secure.gravatar.com\/avatar\/f24a728ebb8ec26b69321ec2d9352559ad2239c36f32c74fefbeb7c6aa42dcb4?s=96&d=mm&r=g\",\"url\":\"https:\/\/secure.gravatar.com\/avatar\/f24a728ebb8ec26b69321ec2d9352559ad2239c36f32c74fefbeb7c6aa42dcb4?s=96&d=mm&r=g\",\"contentUrl\":\"https:\/\/secure.gravatar.com\/avatar\/f24a728ebb8ec26b69321ec2d9352559ad2239c36f32c74fefbeb7c6aa42dcb4?s=96&d=mm&r=g\",\"caption\":\"Dr. Joaqu\u00edn Casa\u00f1as\"},\"description\":\"Dr. Joaqu\u00edn Casa\u00f1as es un especialista destacado en cirug\u00eda ortop\u00e9dica, traumatolog\u00eda, pero sobre todo en nervio perif\u00e9rico, plexo braquial y cirug\u00eda de la mano, de cuyas 3 especialidades atesora un gran prestigio internacional. Licenciado en Medicina y Cirug\u00eda por la Universidad Central de Barcelona en 1988, complet\u00f3 su formaci\u00f3n como m\u00e9dico residente (MIR) en la Ciudad Sanitaria y Universitaria de Bellvitge. Cuenta con el Diplomado Europeo en Cirug\u00eda de la Mano desde el 2000. Ha trabajado en diversas instituciones, incluyendo el Hospital de Meritxell en Andorra y el Hospital Germans Trias i Pujol de Badalona. Desde 1994, es m\u00e9dico adjunto en el servicio de Cirug\u00eda Ortop\u00e9dica y Traumatolog\u00eda de la Ciudad Sanitaria y Universitaria de Bellvitge. Adem\u00e1s de su pr\u00e1ctica cl\u00ednica, ha contribuido con numerosas publicaciones cient\u00edficas y cap\u00edtulos de libros en su campo. En la actualidad da conferencias en diferentes congresos internacionales en relaci\u00f3n a sus principales especialidades, adem\u00e1s de dirigir Traumaunit, la unidad de traumatolog\u00eda de Teknon en Barcelona.\",\"sameAs\":[\"http:\/\/traumaunit.es\",\"https:\/\/www.youtube.com\/channel\/UCDHOGYWyQKaaLl16Q9ln0hQ\"],\"url\":\"https:\/\/traumaunit.es\/blog\/author\/iamacookie\/\"}]}<\/script>\n<!-- \/ Yoast SEO plugin. -->","yoast_head_json":{"title":"Da\u00f1o cerebral adquirido | Blog del Dr Casa\u00f1as - Cirug\u00eda ortop\u00e9dica y traumatolog\u00eda adultos","description":"El da\u00f1o cerebral adquirido puede afectar s\u00fabitamente a personas sin alteraciones cerebrales previas debido a accidentes o enfermedades.","robots":{"index":"index","follow":"follow","max-snippet":"max-snippet:-1","max-image-preview":"max-image-preview:large","max-video-preview":"max-video-preview:-1"},"canonical":"https:\/\/traumaunit.es\/blog\/dano-cerebral-adquirido\/","og_locale":"es_ES","og_type":"article","og_title":"Da\u00f1o cerebral adquirido | Blog del Dr Casa\u00f1as - Cirug\u00eda ortop\u00e9dica y traumatolog\u00eda adultos","og_description":"El da\u00f1o cerebral adquirido puede afectar s\u00fabitamente a personas sin alteraciones cerebrales previas debido a accidentes o enfermedades.","og_url":"https:\/\/traumaunit.es\/blog\/dano-cerebral-adquirido\/","og_site_name":"Blog del Dr Casa\u00f1as - Cirug\u00eda ortop\u00e9dica y traumatolog\u00eda adultos","article_publisher":"https:\/\/www.facebook.com\/Dr.Casanas.Traumaunit\/","article_published_time":"2023-10-27T21:10:03+00:00","og_image":[{"width":650,"height":371,"url":"https:\/\/traumaunit.es\/blog\/wp-content\/uploads\/2023\/10\/danos-cerebrales.jpg","type":"image\/jpeg"}],"author":"Dr. Joaqu\u00edn Casa\u00f1as","twitter_card":"summary_large_image","twitter_misc":{"Escrito por":"Dr. Joaqu\u00edn Casa\u00f1as","Tiempo de lectura":"9 minutos"},"schema":{"@context":"https:\/\/schema.org","@graph":[{"@type":"Article","@id":"https:\/\/traumaunit.es\/blog\/dano-cerebral-adquirido\/#article","isPartOf":{"@id":"https:\/\/traumaunit.es\/blog\/dano-cerebral-adquirido\/"},"author":{"name":"Dr. Joaqu\u00edn Casa\u00f1as","@id":"https:\/\/traumaunit.es\/blog\/#\/schema\/person\/811991b2641aa059a18c7c91104ed992"},"headline":"Da\u00f1o cerebral adquirido","datePublished":"2023-10-27T21:10:03+00:00","mainEntityOfPage":{"@id":"https:\/\/traumaunit.es\/blog\/dano-cerebral-adquirido\/"},"wordCount":1914,"commentCount":0,"image":{"@id":"https:\/\/traumaunit.es\/blog\/dano-cerebral-adquirido\/#primaryimage"},"thumbnailUrl":"https:\/\/traumaunit.es\/blog\/wp-content\/uploads\/2023\/10\/danos-cerebrales.jpg","articleSection":["da\u00f1o cerebral"],"inLanguage":"es","potentialAction":[{"@type":"CommentAction","name":"Comment","target":["https:\/\/traumaunit.es\/blog\/dano-cerebral-adquirido\/#respond"]}]},{"@type":"WebPage","@id":"https:\/\/traumaunit.es\/blog\/dano-cerebral-adquirido\/","url":"https:\/\/traumaunit.es\/blog\/dano-cerebral-adquirido\/","name":"Da\u00f1o cerebral adquirido | Blog del Dr Casa\u00f1as - Cirug\u00eda ortop\u00e9dica y traumatolog\u00eda adultos","isPartOf":{"@id":"https:\/\/traumaunit.es\/blog\/#website"},"primaryImageOfPage":{"@id":"https:\/\/traumaunit.es\/blog\/dano-cerebral-adquirido\/#primaryimage"},"image":{"@id":"https:\/\/traumaunit.es\/blog\/dano-cerebral-adquirido\/#primaryimage"},"thumbnailUrl":"https:\/\/traumaunit.es\/blog\/wp-content\/uploads\/2023\/10\/danos-cerebrales.jpg","datePublished":"2023-10-27T21:10:03+00:00","author":{"@id":"https:\/\/traumaunit.es\/blog\/#\/schema\/person\/811991b2641aa059a18c7c91104ed992"},"description":"El da\u00f1o cerebral adquirido puede afectar s\u00fabitamente a personas sin alteraciones cerebrales previas debido a accidentes o enfermedades.","breadcrumb":{"@id":"https:\/\/traumaunit.es\/blog\/dano-cerebral-adquirido\/#breadcrumb"},"inLanguage":"es","potentialAction":[{"@type":"ReadAction","target":["https:\/\/traumaunit.es\/blog\/dano-cerebral-adquirido\/"]}]},{"@type":"ImageObject","inLanguage":"es","@id":"https:\/\/traumaunit.es\/blog\/dano-cerebral-adquirido\/#primaryimage","url":"https:\/\/traumaunit.es\/blog\/wp-content\/uploads\/2023\/10\/danos-cerebrales.jpg","contentUrl":"https:\/\/traumaunit.es\/blog\/wp-content\/uploads\/2023\/10\/danos-cerebrales.jpg","width":650,"height":371,"caption":"intelligence"},{"@type":"BreadcrumbList","@id":"https:\/\/traumaunit.es\/blog\/dano-cerebral-adquirido\/#breadcrumb","itemListElement":[{"@type":"ListItem","position":1,"name":"Portada","item":"https:\/\/traumaunit.es\/blog\/"},{"@type":"ListItem","position":2,"name":"Da\u00f1o cerebral adquirido"}]},{"@type":"WebSite","@id":"https:\/\/traumaunit.es\/blog\/#website","url":"https:\/\/traumaunit.es\/blog\/","name":"Blog del Dr Casa\u00f1as - Cirug\u00eda ortop\u00e9dica y traumatolog\u00eda adultos","description":"Blog del Doctor Joaquim Casa\u00f1as, especialista de gran prestigio en cirug\u00eda ortop\u00e9dica y traumatolog\u00eda adultos.","potentialAction":[{"@type":"SearchAction","target":{"@type":"EntryPoint","urlTemplate":"https:\/\/traumaunit.es\/blog\/?s={search_term_string}"},"query-input":{"@type":"PropertyValueSpecification","valueRequired":true,"valueName":"search_term_string"}}],"inLanguage":"es"},{"@type":"Person","@id":"https:\/\/traumaunit.es\/blog\/#\/schema\/person\/811991b2641aa059a18c7c91104ed992","name":"Dr. Joaqu\u00edn Casa\u00f1as","image":{"@type":"ImageObject","inLanguage":"es","@id":"https:\/\/secure.gravatar.com\/avatar\/f24a728ebb8ec26b69321ec2d9352559ad2239c36f32c74fefbeb7c6aa42dcb4?s=96&d=mm&r=g","url":"https:\/\/secure.gravatar.com\/avatar\/f24a728ebb8ec26b69321ec2d9352559ad2239c36f32c74fefbeb7c6aa42dcb4?s=96&d=mm&r=g","contentUrl":"https:\/\/secure.gravatar.com\/avatar\/f24a728ebb8ec26b69321ec2d9352559ad2239c36f32c74fefbeb7c6aa42dcb4?s=96&d=mm&r=g","caption":"Dr. Joaqu\u00edn Casa\u00f1as"},"description":"Dr. Joaqu\u00edn Casa\u00f1as es un especialista destacado en cirug\u00eda ortop\u00e9dica, traumatolog\u00eda, pero sobre todo en nervio perif\u00e9rico, plexo braquial y cirug\u00eda de la mano, de cuyas 3 especialidades atesora un gran prestigio internacional. Licenciado en Medicina y Cirug\u00eda por la Universidad Central de Barcelona en 1988, complet\u00f3 su formaci\u00f3n como m\u00e9dico residente (MIR) en la Ciudad Sanitaria y Universitaria de Bellvitge. Cuenta con el Diplomado Europeo en Cirug\u00eda de la Mano desde el 2000. Ha trabajado en diversas instituciones, incluyendo el Hospital de Meritxell en Andorra y el Hospital Germans Trias i Pujol de Badalona. Desde 1994, es m\u00e9dico adjunto en el servicio de Cirug\u00eda Ortop\u00e9dica y Traumatolog\u00eda de la Ciudad Sanitaria y Universitaria de Bellvitge. Adem\u00e1s de su pr\u00e1ctica cl\u00ednica, ha contribuido con numerosas publicaciones cient\u00edficas y cap\u00edtulos de libros en su campo. En la actualidad da conferencias en diferentes congresos internacionales en relaci\u00f3n a sus principales especialidades, adem\u00e1s de dirigir Traumaunit, la unidad de traumatolog\u00eda de Teknon en Barcelona.","sameAs":["http:\/\/traumaunit.es","https:\/\/www.youtube.com\/channel\/UCDHOGYWyQKaaLl16Q9ln0hQ"],"url":"https:\/\/traumaunit.es\/blog\/author\/iamacookie\/"}]}},"_links":{"self":[{"href":"https:\/\/traumaunit.es\/blog\/wp-json\/wp\/v2\/posts\/2280","targetHints":{"allow":["GET"]}}],"collection":[{"href":"https:\/\/traumaunit.es\/blog\/wp-json\/wp\/v2\/posts"}],"about":[{"href":"https:\/\/traumaunit.es\/blog\/wp-json\/wp\/v2\/types\/post"}],"author":[{"embeddable":true,"href":"https:\/\/traumaunit.es\/blog\/wp-json\/wp\/v2\/users\/5"}],"replies":[{"embeddable":true,"href":"https:\/\/traumaunit.es\/blog\/wp-json\/wp\/v2\/comments?post=2280"}],"version-history":[{"count":4,"href":"https:\/\/traumaunit.es\/blog\/wp-json\/wp\/v2\/posts\/2280\/revisions"}],"predecessor-version":[{"id":2292,"href":"https:\/\/traumaunit.es\/blog\/wp-json\/wp\/v2\/posts\/2280\/revisions\/2292"}],"wp:featuredmedia":[{"embeddable":true,"href":"https:\/\/traumaunit.es\/blog\/wp-json\/wp\/v2\/media\/2283"}],"wp:attachment":[{"href":"https:\/\/traumaunit.es\/blog\/wp-json\/wp\/v2\/media?parent=2280"}],"wp:term":[{"taxonomy":"category","embeddable":true,"href":"https:\/\/traumaunit.es\/blog\/wp-json\/wp\/v2\/categories?post=2280"},{"taxonomy":"post_tag","embeddable":true,"href":"https:\/\/traumaunit.es\/blog\/wp-json\/wp\/v2\/tags?post=2280"}],"curies":[{"name":"wp","href":"https:\/\/api.w.org\/{rel}","templated":true}]}}