{"id":2328,"date":"2024-01-08T20:58:53","date_gmt":"2024-01-08T20:58:53","guid":{"rendered":"https:\/\/traumaunit.es\/blog\/?p=2328"},"modified":"2024-02-19T08:40:35","modified_gmt":"2024-02-19T08:40:35","slug":"cirugia-septica-en-casos-de-protesis-de-cadera-o-rodilla-i-dr-elsuso-i-parte-2-de-3","status":"publish","type":"post","link":"https:\/\/traumaunit.es\/blog\/cirugia-septica-en-casos-de-protesis-de-cadera-o-rodilla-i-dr-elsuso-i-parte-2-de-3\/","title":{"rendered":"Cirug\u00eda s\u00e9ptica en casos de pr\u00f3tesis de cadera o rodilla \u0131 Dr. Elsuso \u0131 parte 2 de 3"},"content":{"rendered":"\n<p><\/p>\n\n\n\n<p><\/p>\n\n\n\n<p><\/p>\n\n\n\n<p><\/p>\n\n\n\n<p><\/p>\n\n\n\n<p><\/p>\n\n\n\n<p><\/p>\n\n\n\n<p><\/p>\n\n\n\n<p><\/p>\n\n\n\n<p><\/p>\n\n\n\n<p><\/p>\n\n\n\n<p><\/p>\n\n\n\n<p><\/p>\n\n\n\n<p><\/p>\n\n\n\n<p><\/p>\n\n\n\n<p><\/p>\n\n\n\n<p><\/p>\n\n\n\n<p><\/p>\n\n\n\n<p><\/p>\n\n\n\n<h2 class=\"wp-block-heading\">Cirug\u00eda s\u00e9ptica: \u00bfEn que consiste la cirug\u00eda de revisi\u00f3n de pr\u00f3tesis?<\/h2>\n\n\n\n<p>En esta cirug\u00eda de revisi\u00f3n, lo que hacemos es una cirug\u00eda de recambio en dos tiempos, es decir, en dos operaciones distintas.<\/p>\n\n\n\n<h2 class=\"wp-block-heading\">Primera operaci\u00f3n<\/h2>\n\n\n\n<p>En esta primera operaci\u00f3n lo que hacemos es quitar la pr\u00f3tesis infectada. Hacer una limpieza de todo el hueso afectado sospechoso de infecci\u00f3n. Tambi\u00e9n haremos una limpieza de todos los tejidos circundantes a la pr\u00f3tesis sospechoso de estar infectado y ponemos un espaciador articular. <\/p>\n\n\n\n<p>Con esta pr\u00f3tesis provisional podremos mantener nuestra calidad de vida, podremos doblar, podremos caminar y mantener la funci\u00f3n de la extremidad.<\/p>\n\n\n<div class=\"wp-block-image\">\n<figure class=\"alignright size-full\"><a href=\"https:\/\/traumaunit.es\/blog\/wp-content\/uploads\/2024\/02\/cirugiia-de-revision-de-protesis.jpg\"><img loading=\"lazy\" decoding=\"async\" width=\"400\" height=\"236\" src=\"https:\/\/traumaunit.es\/blog\/wp-content\/uploads\/2024\/02\/cirugiia-de-revision-de-protesis.jpg\" alt=\"\" class=\"wp-image-2331\"\/><\/a><\/figure>\n<\/div>\n\n\n<p>Una vez hayamos terminado el tratamiento antibi\u00f3tico para eliminar cualquier resto de infecci\u00f3n que haya podido quedar tras la intervenci\u00f3n y\/o que no hayamos podido limpiar pasamos a la segunda operaci\u00f3n.<\/p>\n\n\n\n<h2 class=\"wp-block-heading\">Segunda operaci\u00f3n<\/h2>\n\n\n\n<p>Una vez no hay sospecha de infecci\u00f3n y las anal\u00edticas salen correctas y la herida quir\u00fargica est\u00e1 seca y sin signos inflamatorios lo que nos proponemos es realizar la segunda intervenci\u00f3n<\/p>\n\n\n\n<p>En esta segunda intervenci\u00f3n, sacaremos el espaciador y pondremos una pr\u00f3tesis m\u00e1s compleja porque tendremos que asegurar mucho m\u00e1s la pr\u00f3tesis buscando el hueso m\u00e1s sano. Por ello, el v\u00e1stago que penetra en el hueso ser\u00e1 m\u00e1s largo para coger hueso m\u00e1s sano ya que el que ya ha sido utilizado en un principio no nos podemos fiar tanto.<\/p>\n\n\n\n<p>Os dejamos el segundo video de la explicaci\u00f3n facilitada por el Dr. Elsuso.<\/p>\n\n\n\n<figure class=\"wp-block-embed is-type-video is-provider-youtube wp-block-embed-youtube wp-embed-aspect-16-9 wp-has-aspect-ratio\"><div class=\"wp-block-embed__wrapper\">\n<iframe loading=\"lazy\" title=\"Cirugi\u0301a s\u00e9ptica en casos de pro\u0301tesis de rodilla o cadera | Dr  Elsuso #2\" width=\"960\" height=\"540\" src=\"https:\/\/www.youtube.com\/embed\/u69wkg1uxR4?feature=oembed\" frameborder=\"0\" allow=\"accelerometer; autoplay; clipboard-write; encrypted-media; gyroscope; picture-in-picture; web-share\" allowfullscreen><\/iframe>\n<\/div><\/figure>\n\n\n\n<p>El equipo de<a href=\"https:\/\/traumaunit.es\/\"> TRAUMAUNIT<\/a>&nbsp; siempre estar\u00e1 a la vanguardia de todas las innovaciones y las \u00faltimas t\u00e9cnicas que surgen en nuestra especialidad&nbsp; para ofrecer la mejor atenci\u00f3n m\u00e9dica a nuestros pacientes.<\/p>\n\n\n\n<p>Si deseas m\u00e1s informaci\u00f3n o deseas concertar una primera visita  relativa a <a href=\"https:\/\/traumaunit.es\/unidad-de-artroplastia\/cirugia-de-la-infeccion-protesica\">la cirug\u00eda s\u00e9ptica<\/a>, no dudes en<a href=\"https:\/\/traumaunit.es\/contacto\"> contactar<\/a> con nosotros.<\/p>\n","protected":false},"excerpt":{"rendered":"<p>Cirug\u00eda s\u00e9ptica: \u00bfEn que consiste la cirug\u00eda de revisi\u00f3n de pr\u00f3tesis? En esta cirug\u00eda de revisi\u00f3n, lo que hacemos es una cirug\u00eda de recambio en dos tiempos, es decir, en dos operaciones distintas. Primera operaci\u00f3n En esta primera operaci\u00f3n lo que hacemos es quitar la pr\u00f3tesis infectada. Hacer una limpieza de todo el hueso afectado sospechoso de infecci\u00f3n. Tambi\u00e9n haremos una limpieza de todos los tejidos circundantes a la pr\u00f3tesis sospechoso de estar infectado y ponemos un espaciador articular. Con esta pr\u00f3tesis provisional podremos mantener nuestra calidad de vida, podremos doblar, podremos caminar y mantener la funci\u00f3n de la extremidad&#8230;.<\/p>\n","protected":false},"author":5,"featured_media":2322,"comment_status":"open","ping_status":"closed","sticky":false,"template":"","format":"standard","meta":{"footnotes":""},"categories":[34,36],"tags":[],"class_list":["post-2328","post","type-post","status-publish","format-standard","has-post-thumbnail","hentry","category-cirugia-septica","category-infeccion-protesica"],"yoast_head":"<!-- This site is optimized with the Yoast SEO plugin v27.2 - https:\/\/yoast.com\/product\/yoast-seo-wordpress\/ -->\n<title>Cirug\u00eda s\u00e9ptica en casos de pr\u00f3tesis de cadera o rodilla \u0131 Dr. Elsuso \u0131 parte 2 de 3 | Blog del Dr Casa\u00f1as - Cirug\u00eda ortop\u00e9dica y traumatolog\u00eda adultos<\/title>\n<meta name=\"description\" content=\"La cirug\u00eda s\u00e9ptica en casos de pr\u00f3tesis de cadera o rodilla se realizar\u00e1 una cirug\u00eda de revisi\u00f3n en dos tiempos.\" \/>\n<meta name=\"robots\" content=\"index, follow, max-snippet:-1, max-image-preview:large, max-video-preview:-1\" \/>\n<link rel=\"canonical\" href=\"https:\/\/traumaunit.es\/blog\/cirugia-septica-en-casos-de-protesis-de-cadera-o-rodilla-i-dr-elsuso-i-parte-2-de-3\/\" \/>\n<meta property=\"og:locale\" content=\"es_ES\" \/>\n<meta property=\"og:type\" content=\"article\" \/>\n<meta property=\"og:title\" content=\"Cirug\u00eda s\u00e9ptica en casos de pr\u00f3tesis de cadera o rodilla \u0131 Dr. Elsuso \u0131 parte 2 de 3 | Blog del Dr Casa\u00f1as - Cirug\u00eda ortop\u00e9dica y traumatolog\u00eda adultos\" \/>\n<meta property=\"og:description\" content=\"La cirug\u00eda s\u00e9ptica en casos de pr\u00f3tesis de cadera o rodilla se realizar\u00e1 una cirug\u00eda de revisi\u00f3n en dos tiempos.\" \/>\n<meta property=\"og:url\" content=\"https:\/\/traumaunit.es\/blog\/cirugia-septica-en-casos-de-protesis-de-cadera-o-rodilla-i-dr-elsuso-i-parte-2-de-3\/\" \/>\n<meta property=\"og:site_name\" content=\"Blog del Dr Casa\u00f1as - Cirug\u00eda ortop\u00e9dica y traumatolog\u00eda adultos\" \/>\n<meta property=\"article:publisher\" content=\"https:\/\/www.facebook.com\/Dr.Casanas.Traumaunit\/\" \/>\n<meta property=\"article:published_time\" content=\"2024-01-08T20:58:53+00:00\" \/>\n<meta property=\"article:modified_time\" content=\"2024-02-19T08:40:35+00:00\" \/>\n<meta property=\"og:image\" content=\"https:\/\/traumaunit.es\/blog\/wp-content\/uploads\/2024\/02\/cirugia-septica-1.jpg\" \/>\n\t<meta property=\"og:image:width\" content=\"600\" \/>\n\t<meta property=\"og:image:height\" content=\"312\" \/>\n\t<meta property=\"og:image:type\" content=\"image\/jpeg\" \/>\n<meta name=\"author\" content=\"Dr. Joaqu\u00edn Casa\u00f1as\" \/>\n<meta name=\"twitter:card\" content=\"summary_large_image\" \/>\n<meta name=\"twitter:label1\" content=\"Escrito por\" \/>\n\t<meta name=\"twitter:data1\" content=\"Dr. Joaqu\u00edn Casa\u00f1as\" \/>\n\t<meta name=\"twitter:label2\" content=\"Tiempo de lectura\" \/>\n\t<meta name=\"twitter:data2\" content=\"2 minutos\" \/>\n<script type=\"application\/ld+json\" class=\"yoast-schema-graph\">{\"@context\":\"https:\/\/schema.org\",\"@graph\":[{\"@type\":\"Article\",\"@id\":\"https:\/\/traumaunit.es\/blog\/cirugia-septica-en-casos-de-protesis-de-cadera-o-rodilla-i-dr-elsuso-i-parte-2-de-3\/#article\",\"isPartOf\":{\"@id\":\"https:\/\/traumaunit.es\/blog\/cirugia-septica-en-casos-de-protesis-de-cadera-o-rodilla-i-dr-elsuso-i-parte-2-de-3\/\"},\"author\":{\"name\":\"Dr. Joaqu\u00edn Casa\u00f1as\",\"@id\":\"https:\/\/traumaunit.es\/blog\/#\/schema\/person\/811991b2641aa059a18c7c91104ed992\"},\"headline\":\"Cirug\u00eda s\u00e9ptica en casos de pr\u00f3tesis de cadera o rodilla \u0131 Dr. Elsuso \u0131 parte 2 de 3\",\"datePublished\":\"2024-01-08T20:58:53+00:00\",\"dateModified\":\"2024-02-19T08:40:35+00:00\",\"mainEntityOfPage\":{\"@id\":\"https:\/\/traumaunit.es\/blog\/cirugia-septica-en-casos-de-protesis-de-cadera-o-rodilla-i-dr-elsuso-i-parte-2-de-3\/\"},\"wordCount\":359,\"commentCount\":0,\"image\":{\"@id\":\"https:\/\/traumaunit.es\/blog\/cirugia-septica-en-casos-de-protesis-de-cadera-o-rodilla-i-dr-elsuso-i-parte-2-de-3\/#primaryimage\"},\"thumbnailUrl\":\"https:\/\/traumaunit.es\/blog\/wp-content\/uploads\/2024\/02\/cirugia-septica-1.jpg\",\"articleSection\":[\"cirug\u00eda s\u00e9ptica\",\"infecci\u00f3n prot\u00e9sica\"],\"inLanguage\":\"es\",\"potentialAction\":[{\"@type\":\"CommentAction\",\"name\":\"Comment\",\"target\":[\"https:\/\/traumaunit.es\/blog\/cirugia-septica-en-casos-de-protesis-de-cadera-o-rodilla-i-dr-elsuso-i-parte-2-de-3\/#respond\"]}]},{\"@type\":\"WebPage\",\"@id\":\"https:\/\/traumaunit.es\/blog\/cirugia-septica-en-casos-de-protesis-de-cadera-o-rodilla-i-dr-elsuso-i-parte-2-de-3\/\",\"url\":\"https:\/\/traumaunit.es\/blog\/cirugia-septica-en-casos-de-protesis-de-cadera-o-rodilla-i-dr-elsuso-i-parte-2-de-3\/\",\"name\":\"Cirug\u00eda s\u00e9ptica en casos de pr\u00f3tesis de cadera o rodilla \u0131 Dr. Elsuso \u0131 parte 2 de 3 | Blog del Dr Casa\u00f1as - Cirug\u00eda ortop\u00e9dica y traumatolog\u00eda adultos\",\"isPartOf\":{\"@id\":\"https:\/\/traumaunit.es\/blog\/#website\"},\"primaryImageOfPage\":{\"@id\":\"https:\/\/traumaunit.es\/blog\/cirugia-septica-en-casos-de-protesis-de-cadera-o-rodilla-i-dr-elsuso-i-parte-2-de-3\/#primaryimage\"},\"image\":{\"@id\":\"https:\/\/traumaunit.es\/blog\/cirugia-septica-en-casos-de-protesis-de-cadera-o-rodilla-i-dr-elsuso-i-parte-2-de-3\/#primaryimage\"},\"thumbnailUrl\":\"https:\/\/traumaunit.es\/blog\/wp-content\/uploads\/2024\/02\/cirugia-septica-1.jpg\",\"datePublished\":\"2024-01-08T20:58:53+00:00\",\"dateModified\":\"2024-02-19T08:40:35+00:00\",\"author\":{\"@id\":\"https:\/\/traumaunit.es\/blog\/#\/schema\/person\/811991b2641aa059a18c7c91104ed992\"},\"description\":\"La cirug\u00eda s\u00e9ptica en casos de pr\u00f3tesis de cadera o rodilla se realizar\u00e1 una cirug\u00eda de revisi\u00f3n en dos tiempos.\",\"breadcrumb\":{\"@id\":\"https:\/\/traumaunit.es\/blog\/cirugia-septica-en-casos-de-protesis-de-cadera-o-rodilla-i-dr-elsuso-i-parte-2-de-3\/#breadcrumb\"},\"inLanguage\":\"es\",\"potentialAction\":[{\"@type\":\"ReadAction\",\"target\":[\"https:\/\/traumaunit.es\/blog\/cirugia-septica-en-casos-de-protesis-de-cadera-o-rodilla-i-dr-elsuso-i-parte-2-de-3\/\"]}]},{\"@type\":\"ImageObject\",\"inLanguage\":\"es\",\"@id\":\"https:\/\/traumaunit.es\/blog\/cirugia-septica-en-casos-de-protesis-de-cadera-o-rodilla-i-dr-elsuso-i-parte-2-de-3\/#primaryimage\",\"url\":\"https:\/\/traumaunit.es\/blog\/wp-content\/uploads\/2024\/02\/cirugia-septica-1.jpg\",\"contentUrl\":\"https:\/\/traumaunit.es\/blog\/wp-content\/uploads\/2024\/02\/cirugia-septica-1.jpg\",\"width\":600,\"height\":312,\"caption\":\"cirugia septica\"},{\"@type\":\"BreadcrumbList\",\"@id\":\"https:\/\/traumaunit.es\/blog\/cirugia-septica-en-casos-de-protesis-de-cadera-o-rodilla-i-dr-elsuso-i-parte-2-de-3\/#breadcrumb\",\"itemListElement\":[{\"@type\":\"ListItem\",\"position\":1,\"name\":\"Portada\",\"item\":\"https:\/\/traumaunit.es\/blog\/\"},{\"@type\":\"ListItem\",\"position\":2,\"name\":\"Cirug\u00eda s\u00e9ptica en casos de pr\u00f3tesis de cadera o rodilla \u0131 Dr. Elsuso \u0131 parte 2 de 3\"}]},{\"@type\":\"WebSite\",\"@id\":\"https:\/\/traumaunit.es\/blog\/#website\",\"url\":\"https:\/\/traumaunit.es\/blog\/\",\"name\":\"Blog del Dr Casa\u00f1as - Cirug\u00eda ortop\u00e9dica y traumatolog\u00eda adultos\",\"description\":\"Blog del Doctor Joaquim Casa\u00f1as, especialista de gran prestigio en cirug\u00eda ortop\u00e9dica y traumatolog\u00eda adultos.\",\"potentialAction\":[{\"@type\":\"SearchAction\",\"target\":{\"@type\":\"EntryPoint\",\"urlTemplate\":\"https:\/\/traumaunit.es\/blog\/?s={search_term_string}\"},\"query-input\":{\"@type\":\"PropertyValueSpecification\",\"valueRequired\":true,\"valueName\":\"search_term_string\"}}],\"inLanguage\":\"es\"},{\"@type\":\"Person\",\"@id\":\"https:\/\/traumaunit.es\/blog\/#\/schema\/person\/811991b2641aa059a18c7c91104ed992\",\"name\":\"Dr. Joaqu\u00edn Casa\u00f1as\",\"image\":{\"@type\":\"ImageObject\",\"inLanguage\":\"es\",\"@id\":\"https:\/\/secure.gravatar.com\/avatar\/f24a728ebb8ec26b69321ec2d9352559ad2239c36f32c74fefbeb7c6aa42dcb4?s=96&d=mm&r=g\",\"url\":\"https:\/\/secure.gravatar.com\/avatar\/f24a728ebb8ec26b69321ec2d9352559ad2239c36f32c74fefbeb7c6aa42dcb4?s=96&d=mm&r=g\",\"contentUrl\":\"https:\/\/secure.gravatar.com\/avatar\/f24a728ebb8ec26b69321ec2d9352559ad2239c36f32c74fefbeb7c6aa42dcb4?s=96&d=mm&r=g\",\"caption\":\"Dr. Joaqu\u00edn Casa\u00f1as\"},\"description\":\"Dr. Joaqu\u00edn Casa\u00f1as es un especialista destacado en cirug\u00eda ortop\u00e9dica, traumatolog\u00eda, pero sobre todo en nervio perif\u00e9rico, plexo braquial y cirug\u00eda de la mano, de cuyas 3 especialidades atesora un gran prestigio internacional. Licenciado en Medicina y Cirug\u00eda por la Universidad Central de Barcelona en 1988, complet\u00f3 su formaci\u00f3n como m\u00e9dico residente (MIR) en la Ciudad Sanitaria y Universitaria de Bellvitge. Cuenta con el Diplomado Europeo en Cirug\u00eda de la Mano desde el 2000. Ha trabajado en diversas instituciones, incluyendo el Hospital de Meritxell en Andorra y el Hospital Germans Trias i Pujol de Badalona. Desde 1994, es m\u00e9dico adjunto en el servicio de Cirug\u00eda Ortop\u00e9dica y Traumatolog\u00eda de la Ciudad Sanitaria y Universitaria de Bellvitge. Adem\u00e1s de su pr\u00e1ctica cl\u00ednica, ha contribuido con numerosas publicaciones cient\u00edficas y cap\u00edtulos de libros en su campo. En la actualidad da conferencias en diferentes congresos internacionales en relaci\u00f3n a sus principales especialidades, adem\u00e1s de dirigir Traumaunit, la unidad de traumatolog\u00eda de Teknon en Barcelona.\",\"sameAs\":[\"http:\/\/traumaunit.es\",\"https:\/\/www.youtube.com\/channel\/UCDHOGYWyQKaaLl16Q9ln0hQ\"],\"url\":\"https:\/\/traumaunit.es\/blog\/author\/iamacookie\/\"}]}<\/script>\n<!-- \/ Yoast SEO plugin. -->","yoast_head_json":{"title":"Cirug\u00eda s\u00e9ptica en casos de pr\u00f3tesis de cadera o rodilla \u0131 Dr. Elsuso \u0131 parte 2 de 3 | Blog del Dr Casa\u00f1as - Cirug\u00eda ortop\u00e9dica y traumatolog\u00eda adultos","description":"La cirug\u00eda s\u00e9ptica en casos de pr\u00f3tesis de cadera o rodilla se realizar\u00e1 una cirug\u00eda de revisi\u00f3n en dos tiempos.","robots":{"index":"index","follow":"follow","max-snippet":"max-snippet:-1","max-image-preview":"max-image-preview:large","max-video-preview":"max-video-preview:-1"},"canonical":"https:\/\/traumaunit.es\/blog\/cirugia-septica-en-casos-de-protesis-de-cadera-o-rodilla-i-dr-elsuso-i-parte-2-de-3\/","og_locale":"es_ES","og_type":"article","og_title":"Cirug\u00eda s\u00e9ptica en casos de pr\u00f3tesis de cadera o rodilla \u0131 Dr. Elsuso \u0131 parte 2 de 3 | Blog del Dr Casa\u00f1as - Cirug\u00eda ortop\u00e9dica y traumatolog\u00eda adultos","og_description":"La cirug\u00eda s\u00e9ptica en casos de pr\u00f3tesis de cadera o rodilla se realizar\u00e1 una cirug\u00eda de revisi\u00f3n en dos tiempos.","og_url":"https:\/\/traumaunit.es\/blog\/cirugia-septica-en-casos-de-protesis-de-cadera-o-rodilla-i-dr-elsuso-i-parte-2-de-3\/","og_site_name":"Blog del Dr Casa\u00f1as - Cirug\u00eda ortop\u00e9dica y traumatolog\u00eda adultos","article_publisher":"https:\/\/www.facebook.com\/Dr.Casanas.Traumaunit\/","article_published_time":"2024-01-08T20:58:53+00:00","article_modified_time":"2024-02-19T08:40:35+00:00","og_image":[{"width":600,"height":312,"url":"https:\/\/traumaunit.es\/blog\/wp-content\/uploads\/2024\/02\/cirugia-septica-1.jpg","type":"image\/jpeg"}],"author":"Dr. Joaqu\u00edn Casa\u00f1as","twitter_card":"summary_large_image","twitter_misc":{"Escrito por":"Dr. Joaqu\u00edn Casa\u00f1as","Tiempo de lectura":"2 minutos"},"schema":{"@context":"https:\/\/schema.org","@graph":[{"@type":"Article","@id":"https:\/\/traumaunit.es\/blog\/cirugia-septica-en-casos-de-protesis-de-cadera-o-rodilla-i-dr-elsuso-i-parte-2-de-3\/#article","isPartOf":{"@id":"https:\/\/traumaunit.es\/blog\/cirugia-septica-en-casos-de-protesis-de-cadera-o-rodilla-i-dr-elsuso-i-parte-2-de-3\/"},"author":{"name":"Dr. Joaqu\u00edn Casa\u00f1as","@id":"https:\/\/traumaunit.es\/blog\/#\/schema\/person\/811991b2641aa059a18c7c91104ed992"},"headline":"Cirug\u00eda s\u00e9ptica en casos de pr\u00f3tesis de cadera o rodilla \u0131 Dr. Elsuso \u0131 parte 2 de 3","datePublished":"2024-01-08T20:58:53+00:00","dateModified":"2024-02-19T08:40:35+00:00","mainEntityOfPage":{"@id":"https:\/\/traumaunit.es\/blog\/cirugia-septica-en-casos-de-protesis-de-cadera-o-rodilla-i-dr-elsuso-i-parte-2-de-3\/"},"wordCount":359,"commentCount":0,"image":{"@id":"https:\/\/traumaunit.es\/blog\/cirugia-septica-en-casos-de-protesis-de-cadera-o-rodilla-i-dr-elsuso-i-parte-2-de-3\/#primaryimage"},"thumbnailUrl":"https:\/\/traumaunit.es\/blog\/wp-content\/uploads\/2024\/02\/cirugia-septica-1.jpg","articleSection":["cirug\u00eda s\u00e9ptica","infecci\u00f3n prot\u00e9sica"],"inLanguage":"es","potentialAction":[{"@type":"CommentAction","name":"Comment","target":["https:\/\/traumaunit.es\/blog\/cirugia-septica-en-casos-de-protesis-de-cadera-o-rodilla-i-dr-elsuso-i-parte-2-de-3\/#respond"]}]},{"@type":"WebPage","@id":"https:\/\/traumaunit.es\/blog\/cirugia-septica-en-casos-de-protesis-de-cadera-o-rodilla-i-dr-elsuso-i-parte-2-de-3\/","url":"https:\/\/traumaunit.es\/blog\/cirugia-septica-en-casos-de-protesis-de-cadera-o-rodilla-i-dr-elsuso-i-parte-2-de-3\/","name":"Cirug\u00eda s\u00e9ptica en casos de pr\u00f3tesis de cadera o rodilla \u0131 Dr. Elsuso \u0131 parte 2 de 3 | Blog del Dr Casa\u00f1as - Cirug\u00eda ortop\u00e9dica y traumatolog\u00eda adultos","isPartOf":{"@id":"https:\/\/traumaunit.es\/blog\/#website"},"primaryImageOfPage":{"@id":"https:\/\/traumaunit.es\/blog\/cirugia-septica-en-casos-de-protesis-de-cadera-o-rodilla-i-dr-elsuso-i-parte-2-de-3\/#primaryimage"},"image":{"@id":"https:\/\/traumaunit.es\/blog\/cirugia-septica-en-casos-de-protesis-de-cadera-o-rodilla-i-dr-elsuso-i-parte-2-de-3\/#primaryimage"},"thumbnailUrl":"https:\/\/traumaunit.es\/blog\/wp-content\/uploads\/2024\/02\/cirugia-septica-1.jpg","datePublished":"2024-01-08T20:58:53+00:00","dateModified":"2024-02-19T08:40:35+00:00","author":{"@id":"https:\/\/traumaunit.es\/blog\/#\/schema\/person\/811991b2641aa059a18c7c91104ed992"},"description":"La cirug\u00eda s\u00e9ptica en casos de pr\u00f3tesis de cadera o rodilla se realizar\u00e1 una cirug\u00eda de revisi\u00f3n en dos tiempos.","breadcrumb":{"@id":"https:\/\/traumaunit.es\/blog\/cirugia-septica-en-casos-de-protesis-de-cadera-o-rodilla-i-dr-elsuso-i-parte-2-de-3\/#breadcrumb"},"inLanguage":"es","potentialAction":[{"@type":"ReadAction","target":["https:\/\/traumaunit.es\/blog\/cirugia-septica-en-casos-de-protesis-de-cadera-o-rodilla-i-dr-elsuso-i-parte-2-de-3\/"]}]},{"@type":"ImageObject","inLanguage":"es","@id":"https:\/\/traumaunit.es\/blog\/cirugia-septica-en-casos-de-protesis-de-cadera-o-rodilla-i-dr-elsuso-i-parte-2-de-3\/#primaryimage","url":"https:\/\/traumaunit.es\/blog\/wp-content\/uploads\/2024\/02\/cirugia-septica-1.jpg","contentUrl":"https:\/\/traumaunit.es\/blog\/wp-content\/uploads\/2024\/02\/cirugia-septica-1.jpg","width":600,"height":312,"caption":"cirugia septica"},{"@type":"BreadcrumbList","@id":"https:\/\/traumaunit.es\/blog\/cirugia-septica-en-casos-de-protesis-de-cadera-o-rodilla-i-dr-elsuso-i-parte-2-de-3\/#breadcrumb","itemListElement":[{"@type":"ListItem","position":1,"name":"Portada","item":"https:\/\/traumaunit.es\/blog\/"},{"@type":"ListItem","position":2,"name":"Cirug\u00eda s\u00e9ptica en casos de pr\u00f3tesis de cadera o rodilla \u0131 Dr. Elsuso \u0131 parte 2 de 3"}]},{"@type":"WebSite","@id":"https:\/\/traumaunit.es\/blog\/#website","url":"https:\/\/traumaunit.es\/blog\/","name":"Blog del Dr Casa\u00f1as - Cirug\u00eda ortop\u00e9dica y traumatolog\u00eda adultos","description":"Blog del Doctor Joaquim Casa\u00f1as, especialista de gran prestigio en cirug\u00eda ortop\u00e9dica y traumatolog\u00eda adultos.","potentialAction":[{"@type":"SearchAction","target":{"@type":"EntryPoint","urlTemplate":"https:\/\/traumaunit.es\/blog\/?s={search_term_string}"},"query-input":{"@type":"PropertyValueSpecification","valueRequired":true,"valueName":"search_term_string"}}],"inLanguage":"es"},{"@type":"Person","@id":"https:\/\/traumaunit.es\/blog\/#\/schema\/person\/811991b2641aa059a18c7c91104ed992","name":"Dr. Joaqu\u00edn Casa\u00f1as","image":{"@type":"ImageObject","inLanguage":"es","@id":"https:\/\/secure.gravatar.com\/avatar\/f24a728ebb8ec26b69321ec2d9352559ad2239c36f32c74fefbeb7c6aa42dcb4?s=96&d=mm&r=g","url":"https:\/\/secure.gravatar.com\/avatar\/f24a728ebb8ec26b69321ec2d9352559ad2239c36f32c74fefbeb7c6aa42dcb4?s=96&d=mm&r=g","contentUrl":"https:\/\/secure.gravatar.com\/avatar\/f24a728ebb8ec26b69321ec2d9352559ad2239c36f32c74fefbeb7c6aa42dcb4?s=96&d=mm&r=g","caption":"Dr. Joaqu\u00edn Casa\u00f1as"},"description":"Dr. Joaqu\u00edn Casa\u00f1as es un especialista destacado en cirug\u00eda ortop\u00e9dica, traumatolog\u00eda, pero sobre todo en nervio perif\u00e9rico, plexo braquial y cirug\u00eda de la mano, de cuyas 3 especialidades atesora un gran prestigio internacional. Licenciado en Medicina y Cirug\u00eda por la Universidad Central de Barcelona en 1988, complet\u00f3 su formaci\u00f3n como m\u00e9dico residente (MIR) en la Ciudad Sanitaria y Universitaria de Bellvitge. Cuenta con el Diplomado Europeo en Cirug\u00eda de la Mano desde el 2000. Ha trabajado en diversas instituciones, incluyendo el Hospital de Meritxell en Andorra y el Hospital Germans Trias i Pujol de Badalona. Desde 1994, es m\u00e9dico adjunto en el servicio de Cirug\u00eda Ortop\u00e9dica y Traumatolog\u00eda de la Ciudad Sanitaria y Universitaria de Bellvitge. Adem\u00e1s de su pr\u00e1ctica cl\u00ednica, ha contribuido con numerosas publicaciones cient\u00edficas y cap\u00edtulos de libros en su campo. En la actualidad da conferencias en diferentes congresos internacionales en relaci\u00f3n a sus principales especialidades, adem\u00e1s de dirigir Traumaunit, la unidad de traumatolog\u00eda de Teknon en Barcelona.","sameAs":["http:\/\/traumaunit.es","https:\/\/www.youtube.com\/channel\/UCDHOGYWyQKaaLl16Q9ln0hQ"],"url":"https:\/\/traumaunit.es\/blog\/author\/iamacookie\/"}]}},"_links":{"self":[{"href":"https:\/\/traumaunit.es\/blog\/wp-json\/wp\/v2\/posts\/2328","targetHints":{"allow":["GET"]}}],"collection":[{"href":"https:\/\/traumaunit.es\/blog\/wp-json\/wp\/v2\/posts"}],"about":[{"href":"https:\/\/traumaunit.es\/blog\/wp-json\/wp\/v2\/types\/post"}],"author":[{"embeddable":true,"href":"https:\/\/traumaunit.es\/blog\/wp-json\/wp\/v2\/users\/5"}],"replies":[{"embeddable":true,"href":"https:\/\/traumaunit.es\/blog\/wp-json\/wp\/v2\/comments?post=2328"}],"version-history":[{"count":6,"href":"https:\/\/traumaunit.es\/blog\/wp-json\/wp\/v2\/posts\/2328\/revisions"}],"predecessor-version":[{"id":2346,"href":"https:\/\/traumaunit.es\/blog\/wp-json\/wp\/v2\/posts\/2328\/revisions\/2346"}],"wp:featuredmedia":[{"embeddable":true,"href":"https:\/\/traumaunit.es\/blog\/wp-json\/wp\/v2\/media\/2322"}],"wp:attachment":[{"href":"https:\/\/traumaunit.es\/blog\/wp-json\/wp\/v2\/media?parent=2328"}],"wp:term":[{"taxonomy":"category","embeddable":true,"href":"https:\/\/traumaunit.es\/blog\/wp-json\/wp\/v2\/categories?post=2328"},{"taxonomy":"post_tag","embeddable":true,"href":"https:\/\/traumaunit.es\/blog\/wp-json\/wp\/v2\/tags?post=2328"}],"curies":[{"name":"wp","href":"https:\/\/api.w.org\/{rel}","templated":true}]}}