{"id":245,"date":"2019-04-15T12:13:26","date_gmt":"2019-04-15T12:13:26","guid":{"rendered":"https:\/\/traumaunit.es\/blog\/?p=245"},"modified":"2019-07-17T22:02:48","modified_gmt":"2019-07-17T22:02:48","slug":"cirugia-espastica-de-la-extremidad-superior","status":"publish","type":"post","link":"https:\/\/traumaunit.es\/blog\/cirugia-espastica-de-la-extremidad-superior\/","title":{"rendered":"ASISTIMOS AL SYMPOSIUM DE CIRUG\u00cdA ESP\u00c1STICA DE LA EXTREMIDAD SUPERIOR"},"content":{"rendered":"\n<p>Los d\u00edas 5 y 6 de Abril el Doctor Casa\u00f1as y el Doctor Llu\u00e7i\u00e0 del equipo de <a href=\"https:\/\/traumaunit.es\/\">TRAUMAUNIT<\/a> han participado en el segundo <a href=\"http:\/\/www.symposium-spastic-hand.com\/en\/\">Symposium de cirug\u00eda esp\u00e1stica<\/a> o para <a href=\"https:\/\/traumaunit.es\/neurortopedia\/correccion-espasticidades\">correcci\u00f3n de espasticidades <\/a>realizado en Venecia (Italia). Las aportaciones de Traumaunit han sido importantes. <br><\/p>\n\n\n\n<p>Hemos estado presentes activamente en los foros de discusi\u00f3n de esta cirug\u00eda tan compleja y altamente cualificada. <\/p>\n\n\n\n<h2 class=\"wp-block-heading\">\u00bfQue s\u00f3n las espaticidades?<\/h2>\n\n\n\n<p>Las espasticidades son una patolog\u00eda cada vez m\u00e1s frecuente como secuela de lesiones de hemiplejia o de par\u00e1lisis y de traumatismos craneales. El grado de espasticidad var\u00eda.   Puede consistir desde una leve rigidez muscular hasta una grave y dolorosa rigidez acompa\u00f1ada de incontrolables espasmos musculares.<br><\/p>\n\n\n\n<p>Son secuelas musculares como consecuencia de lesiones del sistema nervioso central &nbsp;que ocasionan una alteraci\u00f3n del tono muscular. Lo que ocurre con esa alteraci\u00f3n es que  deja la musculatura con un exceso de tono muscular. Ello ocasiona que se produzcan habitualmente situaciones de rigidez en extensi\u00f3n o en flexi\u00f3n. Esa rigidez cuesta mucho de corregir y por ello es importante ponerse en manos de los mejores profesionales en esta cirug\u00eda.<\/p>\n\n\n\n<figure class=\"wp-block-image\"><img loading=\"lazy\" decoding=\"async\" width=\"940\" height=\"159\" src=\"https:\/\/traumaunit.es\/blog\/wp-content\/uploads\/2019\/04\/traumaunit-asiste-al-symposium-de-correccion-de-espasticidades-940x159.png\" alt=\"\" class=\"wp-image-246\" srcset=\"https:\/\/traumaunit.es\/blog\/wp-content\/uploads\/2019\/04\/traumaunit-asiste-al-symposium-de-correccion-de-espasticidades-940x159.png 940w, https:\/\/traumaunit.es\/blog\/wp-content\/uploads\/2019\/04\/traumaunit-asiste-al-symposium-de-correccion-de-espasticidades-620x105.png 620w, https:\/\/traumaunit.es\/blog\/wp-content\/uploads\/2019\/04\/traumaunit-asiste-al-symposium-de-correccion-de-espasticidades-768x130.png 768w\" sizes=\"auto, (max-width: 940px) 100vw, 940px\" \/><\/figure>\n\n\n\n<h2 class=\"wp-block-heading\">\u00bfExiste alguna t\u00e9cnica de correcci\u00f3n de las espasticidades?<\/h2>\n\n\n\n<p>Si, existen diferentes t\u00e9cnicas para la correcci\u00f3n de las espasticidades. De hecho, la t\u00e9cnica en la que &nbsp;TRAUMAUNIT tuvo una gran aportaci\u00f3n en el symposium y en los foros de discusi\u00f3n fue la t\u00e9cnica de hiponeurotizaci\u00f3n selectiva. La hiponeurotizaci\u00f3n selectiva es una t\u00e9cnica de correcci\u00f3n de espasticidades que consiste en denervar parcialmente los m\u00fasculos para potenciar la musculatura antagonista. Con esta t\u00e9cnica podemos mejorar la funci\u00f3n de las lesiones de espasticidad y de diston\u00eda.<\/p>\n\n\n\n<p>El equipo de TRAUMAUNIT &nbsp;esta formado por grandes profesionales especializados en las diferentes cirugias traumatol\u00f3gicas. Todo nuestro equipo est\u00e1 altamente comprometido en estar siempre a la vanguardia de todas las innovaciones y las \u00faltimas t\u00e9cnicas que surgen en nuestra especialidad &nbsp;para ofrecer la mejor atenci\u00f3n m\u00e9dica a nuestros pacientes. <br><\/p>\n\n\n\n<p>Si deseas m\u00e1s informaci\u00f3n sobre la correcci\u00f3n de espasticidades o deseas concertar una primera visita, no dudes en <a href=\"https:\/\/traumaunit.es\/contacto\">contactar<\/a> con nosotros.<\/p>\n\n\n\n<p><\/p>\n\n\n\n<p><br><\/p>\n","protected":false},"excerpt":{"rendered":"<p>Los d\u00edas 5 y 6 de Abril el Doctor Casa\u00f1as y el Doctor Llu\u00e7i\u00e0 del equipo de TRAUMAUNIT han participado en el segundo Symposium de cirug\u00eda esp\u00e1stica o para correcci\u00f3n de espasticidades realizado en Venecia (Italia). Las aportaciones de Traumaunit han sido importantes. Hemos estado presentes activamente en los foros de discusi\u00f3n de esta cirug\u00eda tan compleja y altamente cualificada. \u00bfQue s\u00f3n las espaticidades? Las espasticidades son una patolog\u00eda cada vez m\u00e1s frecuente como secuela de lesiones de hemiplejia o de par\u00e1lisis y de traumatismos craneales. El grado de espasticidad var\u00eda. Puede consistir desde una leve rigidez muscular hasta una&#8230;<\/p>\n","protected":false},"author":5,"featured_media":268,"comment_status":"open","ping_status":"closed","sticky":false,"template":"","format":"standard","meta":{"footnotes":""},"categories":[7,6],"tags":[27,28,29],"class_list":["post-245","post","type-post","status-publish","format-standard","has-post-thumbnail","hentry","category-cursos-y-conferencias","category-interes-general","tag-cirugia-espastica","tag-correccion-de-espasticidades","tag-neurortopedia"],"yoast_head":"<!-- This site is optimized with the Yoast SEO plugin v27.2 - https:\/\/yoast.com\/product\/yoast-seo-wordpress\/ -->\n<title>ASISTIMOS AL SYMPOSIUM DE CIRUG\u00cdA ESP\u00c1STICA DE LA EXTREMIDAD SUPERIOR | Blog del Dr Casa\u00f1as - Cirug\u00eda ortop\u00e9dica y traumatolog\u00eda adultos<\/title>\n<meta name=\"description\" content=\"TRAUMAUNIT han participado en el segundo Symposium de cirug\u00eda esp\u00e1stica o para correcci\u00f3n de espasticidades realizado en Venecia\" \/>\n<meta name=\"robots\" content=\"index, follow, max-snippet:-1, max-image-preview:large, max-video-preview:-1\" \/>\n<link rel=\"canonical\" href=\"https:\/\/traumaunit.es\/blog\/cirugia-espastica-de-la-extremidad-superior\/\" \/>\n<meta property=\"og:locale\" content=\"es_ES\" \/>\n<meta property=\"og:type\" content=\"article\" \/>\n<meta property=\"og:title\" content=\"ASISTIMOS AL SYMPOSIUM DE CIRUG\u00cdA ESP\u00c1STICA DE LA EXTREMIDAD SUPERIOR | Blog del Dr Casa\u00f1as - Cirug\u00eda ortop\u00e9dica y traumatolog\u00eda adultos\" \/>\n<meta property=\"og:description\" content=\"TRAUMAUNIT han participado en el segundo Symposium de cirug\u00eda esp\u00e1stica o para correcci\u00f3n de espasticidades realizado en Venecia\" \/>\n<meta property=\"og:url\" content=\"https:\/\/traumaunit.es\/blog\/cirugia-espastica-de-la-extremidad-superior\/\" \/>\n<meta property=\"og:site_name\" content=\"Blog del Dr Casa\u00f1as - Cirug\u00eda ortop\u00e9dica y traumatolog\u00eda adultos\" \/>\n<meta property=\"article:publisher\" content=\"https:\/\/www.facebook.com\/Dr.Casanas.Traumaunit\/\" \/>\n<meta property=\"article:published_time\" content=\"2019-04-15T12:13:26+00:00\" \/>\n<meta property=\"article:modified_time\" content=\"2019-07-17T22:02:48+00:00\" \/>\n<meta property=\"og:image\" content=\"https:\/\/traumaunit.es\/blog\/wp-content\/uploads\/2019\/04\/symposium1.jpg\" \/>\n\t<meta property=\"og:image:width\" content=\"800\" \/>\n\t<meta property=\"og:image:height\" content=\"600\" \/>\n\t<meta property=\"og:image:type\" content=\"image\/jpeg\" \/>\n<meta name=\"author\" content=\"Dr. Joaqu\u00edn Casa\u00f1as\" \/>\n<meta name=\"twitter:card\" content=\"summary_large_image\" \/>\n<meta name=\"twitter:label1\" content=\"Escrito por\" \/>\n\t<meta name=\"twitter:data1\" content=\"Dr. Joaqu\u00edn Casa\u00f1as\" \/>\n\t<meta name=\"twitter:label2\" content=\"Tiempo de lectura\" \/>\n\t<meta name=\"twitter:data2\" content=\"2 minutos\" \/>\n<script type=\"application\/ld+json\" class=\"yoast-schema-graph\">{\"@context\":\"https:\/\/schema.org\",\"@graph\":[{\"@type\":\"Article\",\"@id\":\"https:\/\/traumaunit.es\/blog\/cirugia-espastica-de-la-extremidad-superior\/#article\",\"isPartOf\":{\"@id\":\"https:\/\/traumaunit.es\/blog\/cirugia-espastica-de-la-extremidad-superior\/\"},\"author\":{\"name\":\"Dr. Joaqu\u00edn Casa\u00f1as\",\"@id\":\"https:\/\/traumaunit.es\/blog\/#\/schema\/person\/811991b2641aa059a18c7c91104ed992\"},\"headline\":\"ASISTIMOS AL SYMPOSIUM DE CIRUG\u00cdA ESP\u00c1STICA DE LA EXTREMIDAD SUPERIOR\",\"datePublished\":\"2019-04-15T12:13:26+00:00\",\"dateModified\":\"2019-07-17T22:02:48+00:00\",\"mainEntityOfPage\":{\"@id\":\"https:\/\/traumaunit.es\/blog\/cirugia-espastica-de-la-extremidad-superior\/\"},\"wordCount\":387,\"commentCount\":0,\"image\":{\"@id\":\"https:\/\/traumaunit.es\/blog\/cirugia-espastica-de-la-extremidad-superior\/#primaryimage\"},\"thumbnailUrl\":\"https:\/\/traumaunit.es\/blog\/wp-content\/uploads\/2019\/04\/symposium1.jpg\",\"keywords\":[\"cirug\u00eda esp\u00e1stica\",\"correcci\u00f3n de espasticidades\",\"neurortopedia\"],\"articleSection\":[\"cursos y conferencias\",\"interes general\"],\"inLanguage\":\"es\",\"potentialAction\":[{\"@type\":\"CommentAction\",\"name\":\"Comment\",\"target\":[\"https:\/\/traumaunit.es\/blog\/cirugia-espastica-de-la-extremidad-superior\/#respond\"]}]},{\"@type\":\"WebPage\",\"@id\":\"https:\/\/traumaunit.es\/blog\/cirugia-espastica-de-la-extremidad-superior\/\",\"url\":\"https:\/\/traumaunit.es\/blog\/cirugia-espastica-de-la-extremidad-superior\/\",\"name\":\"ASISTIMOS AL SYMPOSIUM DE CIRUG\u00cdA ESP\u00c1STICA DE LA EXTREMIDAD SUPERIOR | Blog del Dr Casa\u00f1as - Cirug\u00eda ortop\u00e9dica y traumatolog\u00eda adultos\",\"isPartOf\":{\"@id\":\"https:\/\/traumaunit.es\/blog\/#website\"},\"primaryImageOfPage\":{\"@id\":\"https:\/\/traumaunit.es\/blog\/cirugia-espastica-de-la-extremidad-superior\/#primaryimage\"},\"image\":{\"@id\":\"https:\/\/traumaunit.es\/blog\/cirugia-espastica-de-la-extremidad-superior\/#primaryimage\"},\"thumbnailUrl\":\"https:\/\/traumaunit.es\/blog\/wp-content\/uploads\/2019\/04\/symposium1.jpg\",\"datePublished\":\"2019-04-15T12:13:26+00:00\",\"dateModified\":\"2019-07-17T22:02:48+00:00\",\"author\":{\"@id\":\"https:\/\/traumaunit.es\/blog\/#\/schema\/person\/811991b2641aa059a18c7c91104ed992\"},\"description\":\"TRAUMAUNIT han participado en el segundo Symposium de cirug\u00eda esp\u00e1stica o para correcci\u00f3n de espasticidades realizado en Venecia\",\"breadcrumb\":{\"@id\":\"https:\/\/traumaunit.es\/blog\/cirugia-espastica-de-la-extremidad-superior\/#breadcrumb\"},\"inLanguage\":\"es\",\"potentialAction\":[{\"@type\":\"ReadAction\",\"target\":[\"https:\/\/traumaunit.es\/blog\/cirugia-espastica-de-la-extremidad-superior\/\"]}]},{\"@type\":\"ImageObject\",\"inLanguage\":\"es\",\"@id\":\"https:\/\/traumaunit.es\/blog\/cirugia-espastica-de-la-extremidad-superior\/#primaryimage\",\"url\":\"https:\/\/traumaunit.es\/blog\/wp-content\/uploads\/2019\/04\/symposium1.jpg\",\"contentUrl\":\"https:\/\/traumaunit.es\/blog\/wp-content\/uploads\/2019\/04\/symposium1.jpg\",\"width\":800,\"height\":600},{\"@type\":\"BreadcrumbList\",\"@id\":\"https:\/\/traumaunit.es\/blog\/cirugia-espastica-de-la-extremidad-superior\/#breadcrumb\",\"itemListElement\":[{\"@type\":\"ListItem\",\"position\":1,\"name\":\"Portada\",\"item\":\"https:\/\/traumaunit.es\/blog\/\"},{\"@type\":\"ListItem\",\"position\":2,\"name\":\"ASISTIMOS AL SYMPOSIUM DE CIRUG\u00cdA ESP\u00c1STICA DE LA EXTREMIDAD SUPERIOR\"}]},{\"@type\":\"WebSite\",\"@id\":\"https:\/\/traumaunit.es\/blog\/#website\",\"url\":\"https:\/\/traumaunit.es\/blog\/\",\"name\":\"Blog del Dr Casa\u00f1as - Cirug\u00eda ortop\u00e9dica y traumatolog\u00eda adultos\",\"description\":\"Blog del Doctor Joaquim Casa\u00f1as, especialista de gran prestigio en cirug\u00eda ortop\u00e9dica y traumatolog\u00eda adultos.\",\"potentialAction\":[{\"@type\":\"SearchAction\",\"target\":{\"@type\":\"EntryPoint\",\"urlTemplate\":\"https:\/\/traumaunit.es\/blog\/?s={search_term_string}\"},\"query-input\":{\"@type\":\"PropertyValueSpecification\",\"valueRequired\":true,\"valueName\":\"search_term_string\"}}],\"inLanguage\":\"es\"},{\"@type\":\"Person\",\"@id\":\"https:\/\/traumaunit.es\/blog\/#\/schema\/person\/811991b2641aa059a18c7c91104ed992\",\"name\":\"Dr. Joaqu\u00edn Casa\u00f1as\",\"image\":{\"@type\":\"ImageObject\",\"inLanguage\":\"es\",\"@id\":\"https:\/\/secure.gravatar.com\/avatar\/f24a728ebb8ec26b69321ec2d9352559ad2239c36f32c74fefbeb7c6aa42dcb4?s=96&d=mm&r=g\",\"url\":\"https:\/\/secure.gravatar.com\/avatar\/f24a728ebb8ec26b69321ec2d9352559ad2239c36f32c74fefbeb7c6aa42dcb4?s=96&d=mm&r=g\",\"contentUrl\":\"https:\/\/secure.gravatar.com\/avatar\/f24a728ebb8ec26b69321ec2d9352559ad2239c36f32c74fefbeb7c6aa42dcb4?s=96&d=mm&r=g\",\"caption\":\"Dr. Joaqu\u00edn Casa\u00f1as\"},\"description\":\"Dr. Joaqu\u00edn Casa\u00f1as es un especialista destacado en cirug\u00eda ortop\u00e9dica, traumatolog\u00eda, pero sobre todo en nervio perif\u00e9rico, plexo braquial y cirug\u00eda de la mano, de cuyas 3 especialidades atesora un gran prestigio internacional. Licenciado en Medicina y Cirug\u00eda por la Universidad Central de Barcelona en 1988, complet\u00f3 su formaci\u00f3n como m\u00e9dico residente (MIR) en la Ciudad Sanitaria y Universitaria de Bellvitge. Cuenta con el Diplomado Europeo en Cirug\u00eda de la Mano desde el 2000. Ha trabajado en diversas instituciones, incluyendo el Hospital de Meritxell en Andorra y el Hospital Germans Trias i Pujol de Badalona. Desde 1994, es m\u00e9dico adjunto en el servicio de Cirug\u00eda Ortop\u00e9dica y Traumatolog\u00eda de la Ciudad Sanitaria y Universitaria de Bellvitge. Adem\u00e1s de su pr\u00e1ctica cl\u00ednica, ha contribuido con numerosas publicaciones cient\u00edficas y cap\u00edtulos de libros en su campo. En la actualidad da conferencias en diferentes congresos internacionales en relaci\u00f3n a sus principales especialidades, adem\u00e1s de dirigir Traumaunit, la unidad de traumatolog\u00eda de Teknon en Barcelona.\",\"sameAs\":[\"http:\/\/traumaunit.es\",\"https:\/\/www.youtube.com\/channel\/UCDHOGYWyQKaaLl16Q9ln0hQ\"],\"url\":\"https:\/\/traumaunit.es\/blog\/author\/iamacookie\/\"}]}<\/script>\n<!-- \/ Yoast SEO plugin. -->","yoast_head_json":{"title":"ASISTIMOS AL SYMPOSIUM DE CIRUG\u00cdA ESP\u00c1STICA DE LA EXTREMIDAD SUPERIOR | Blog del Dr Casa\u00f1as - Cirug\u00eda ortop\u00e9dica y traumatolog\u00eda adultos","description":"TRAUMAUNIT han participado en el segundo Symposium de cirug\u00eda esp\u00e1stica o para correcci\u00f3n de espasticidades realizado en Venecia","robots":{"index":"index","follow":"follow","max-snippet":"max-snippet:-1","max-image-preview":"max-image-preview:large","max-video-preview":"max-video-preview:-1"},"canonical":"https:\/\/traumaunit.es\/blog\/cirugia-espastica-de-la-extremidad-superior\/","og_locale":"es_ES","og_type":"article","og_title":"ASISTIMOS AL SYMPOSIUM DE CIRUG\u00cdA ESP\u00c1STICA DE LA EXTREMIDAD SUPERIOR | Blog del Dr Casa\u00f1as - Cirug\u00eda ortop\u00e9dica y traumatolog\u00eda adultos","og_description":"TRAUMAUNIT han participado en el segundo Symposium de cirug\u00eda esp\u00e1stica o para correcci\u00f3n de espasticidades realizado en Venecia","og_url":"https:\/\/traumaunit.es\/blog\/cirugia-espastica-de-la-extremidad-superior\/","og_site_name":"Blog del Dr Casa\u00f1as - Cirug\u00eda ortop\u00e9dica y traumatolog\u00eda adultos","article_publisher":"https:\/\/www.facebook.com\/Dr.Casanas.Traumaunit\/","article_published_time":"2019-04-15T12:13:26+00:00","article_modified_time":"2019-07-17T22:02:48+00:00","og_image":[{"width":800,"height":600,"url":"https:\/\/traumaunit.es\/blog\/wp-content\/uploads\/2019\/04\/symposium1.jpg","type":"image\/jpeg"}],"author":"Dr. Joaqu\u00edn Casa\u00f1as","twitter_card":"summary_large_image","twitter_misc":{"Escrito por":"Dr. Joaqu\u00edn Casa\u00f1as","Tiempo de lectura":"2 minutos"},"schema":{"@context":"https:\/\/schema.org","@graph":[{"@type":"Article","@id":"https:\/\/traumaunit.es\/blog\/cirugia-espastica-de-la-extremidad-superior\/#article","isPartOf":{"@id":"https:\/\/traumaunit.es\/blog\/cirugia-espastica-de-la-extremidad-superior\/"},"author":{"name":"Dr. Joaqu\u00edn Casa\u00f1as","@id":"https:\/\/traumaunit.es\/blog\/#\/schema\/person\/811991b2641aa059a18c7c91104ed992"},"headline":"ASISTIMOS AL SYMPOSIUM DE CIRUG\u00cdA ESP\u00c1STICA DE LA EXTREMIDAD SUPERIOR","datePublished":"2019-04-15T12:13:26+00:00","dateModified":"2019-07-17T22:02:48+00:00","mainEntityOfPage":{"@id":"https:\/\/traumaunit.es\/blog\/cirugia-espastica-de-la-extremidad-superior\/"},"wordCount":387,"commentCount":0,"image":{"@id":"https:\/\/traumaunit.es\/blog\/cirugia-espastica-de-la-extremidad-superior\/#primaryimage"},"thumbnailUrl":"https:\/\/traumaunit.es\/blog\/wp-content\/uploads\/2019\/04\/symposium1.jpg","keywords":["cirug\u00eda esp\u00e1stica","correcci\u00f3n de espasticidades","neurortopedia"],"articleSection":["cursos y conferencias","interes general"],"inLanguage":"es","potentialAction":[{"@type":"CommentAction","name":"Comment","target":["https:\/\/traumaunit.es\/blog\/cirugia-espastica-de-la-extremidad-superior\/#respond"]}]},{"@type":"WebPage","@id":"https:\/\/traumaunit.es\/blog\/cirugia-espastica-de-la-extremidad-superior\/","url":"https:\/\/traumaunit.es\/blog\/cirugia-espastica-de-la-extremidad-superior\/","name":"ASISTIMOS AL SYMPOSIUM DE CIRUG\u00cdA ESP\u00c1STICA DE LA EXTREMIDAD SUPERIOR | Blog del Dr Casa\u00f1as - Cirug\u00eda ortop\u00e9dica y traumatolog\u00eda adultos","isPartOf":{"@id":"https:\/\/traumaunit.es\/blog\/#website"},"primaryImageOfPage":{"@id":"https:\/\/traumaunit.es\/blog\/cirugia-espastica-de-la-extremidad-superior\/#primaryimage"},"image":{"@id":"https:\/\/traumaunit.es\/blog\/cirugia-espastica-de-la-extremidad-superior\/#primaryimage"},"thumbnailUrl":"https:\/\/traumaunit.es\/blog\/wp-content\/uploads\/2019\/04\/symposium1.jpg","datePublished":"2019-04-15T12:13:26+00:00","dateModified":"2019-07-17T22:02:48+00:00","author":{"@id":"https:\/\/traumaunit.es\/blog\/#\/schema\/person\/811991b2641aa059a18c7c91104ed992"},"description":"TRAUMAUNIT han participado en el segundo Symposium de cirug\u00eda esp\u00e1stica o para correcci\u00f3n de espasticidades realizado en Venecia","breadcrumb":{"@id":"https:\/\/traumaunit.es\/blog\/cirugia-espastica-de-la-extremidad-superior\/#breadcrumb"},"inLanguage":"es","potentialAction":[{"@type":"ReadAction","target":["https:\/\/traumaunit.es\/blog\/cirugia-espastica-de-la-extremidad-superior\/"]}]},{"@type":"ImageObject","inLanguage":"es","@id":"https:\/\/traumaunit.es\/blog\/cirugia-espastica-de-la-extremidad-superior\/#primaryimage","url":"https:\/\/traumaunit.es\/blog\/wp-content\/uploads\/2019\/04\/symposium1.jpg","contentUrl":"https:\/\/traumaunit.es\/blog\/wp-content\/uploads\/2019\/04\/symposium1.jpg","width":800,"height":600},{"@type":"BreadcrumbList","@id":"https:\/\/traumaunit.es\/blog\/cirugia-espastica-de-la-extremidad-superior\/#breadcrumb","itemListElement":[{"@type":"ListItem","position":1,"name":"Portada","item":"https:\/\/traumaunit.es\/blog\/"},{"@type":"ListItem","position":2,"name":"ASISTIMOS AL SYMPOSIUM DE CIRUG\u00cdA ESP\u00c1STICA DE LA EXTREMIDAD SUPERIOR"}]},{"@type":"WebSite","@id":"https:\/\/traumaunit.es\/blog\/#website","url":"https:\/\/traumaunit.es\/blog\/","name":"Blog del Dr Casa\u00f1as - Cirug\u00eda ortop\u00e9dica y traumatolog\u00eda adultos","description":"Blog del Doctor Joaquim Casa\u00f1as, especialista de gran prestigio en cirug\u00eda ortop\u00e9dica y traumatolog\u00eda adultos.","potentialAction":[{"@type":"SearchAction","target":{"@type":"EntryPoint","urlTemplate":"https:\/\/traumaunit.es\/blog\/?s={search_term_string}"},"query-input":{"@type":"PropertyValueSpecification","valueRequired":true,"valueName":"search_term_string"}}],"inLanguage":"es"},{"@type":"Person","@id":"https:\/\/traumaunit.es\/blog\/#\/schema\/person\/811991b2641aa059a18c7c91104ed992","name":"Dr. Joaqu\u00edn Casa\u00f1as","image":{"@type":"ImageObject","inLanguage":"es","@id":"https:\/\/secure.gravatar.com\/avatar\/f24a728ebb8ec26b69321ec2d9352559ad2239c36f32c74fefbeb7c6aa42dcb4?s=96&d=mm&r=g","url":"https:\/\/secure.gravatar.com\/avatar\/f24a728ebb8ec26b69321ec2d9352559ad2239c36f32c74fefbeb7c6aa42dcb4?s=96&d=mm&r=g","contentUrl":"https:\/\/secure.gravatar.com\/avatar\/f24a728ebb8ec26b69321ec2d9352559ad2239c36f32c74fefbeb7c6aa42dcb4?s=96&d=mm&r=g","caption":"Dr. Joaqu\u00edn Casa\u00f1as"},"description":"Dr. Joaqu\u00edn Casa\u00f1as es un especialista destacado en cirug\u00eda ortop\u00e9dica, traumatolog\u00eda, pero sobre todo en nervio perif\u00e9rico, plexo braquial y cirug\u00eda de la mano, de cuyas 3 especialidades atesora un gran prestigio internacional. Licenciado en Medicina y Cirug\u00eda por la Universidad Central de Barcelona en 1988, complet\u00f3 su formaci\u00f3n como m\u00e9dico residente (MIR) en la Ciudad Sanitaria y Universitaria de Bellvitge. Cuenta con el Diplomado Europeo en Cirug\u00eda de la Mano desde el 2000. Ha trabajado en diversas instituciones, incluyendo el Hospital de Meritxell en Andorra y el Hospital Germans Trias i Pujol de Badalona. Desde 1994, es m\u00e9dico adjunto en el servicio de Cirug\u00eda Ortop\u00e9dica y Traumatolog\u00eda de la Ciudad Sanitaria y Universitaria de Bellvitge. Adem\u00e1s de su pr\u00e1ctica cl\u00ednica, ha contribuido con numerosas publicaciones cient\u00edficas y cap\u00edtulos de libros en su campo. En la actualidad da conferencias en diferentes congresos internacionales en relaci\u00f3n a sus principales especialidades, adem\u00e1s de dirigir Traumaunit, la unidad de traumatolog\u00eda de Teknon en Barcelona.","sameAs":["http:\/\/traumaunit.es","https:\/\/www.youtube.com\/channel\/UCDHOGYWyQKaaLl16Q9ln0hQ"],"url":"https:\/\/traumaunit.es\/blog\/author\/iamacookie\/"}]}},"_links":{"self":[{"href":"https:\/\/traumaunit.es\/blog\/wp-json\/wp\/v2\/posts\/245","targetHints":{"allow":["GET"]}}],"collection":[{"href":"https:\/\/traumaunit.es\/blog\/wp-json\/wp\/v2\/posts"}],"about":[{"href":"https:\/\/traumaunit.es\/blog\/wp-json\/wp\/v2\/types\/post"}],"author":[{"embeddable":true,"href":"https:\/\/traumaunit.es\/blog\/wp-json\/wp\/v2\/users\/5"}],"replies":[{"embeddable":true,"href":"https:\/\/traumaunit.es\/blog\/wp-json\/wp\/v2\/comments?post=245"}],"version-history":[{"count":8,"href":"https:\/\/traumaunit.es\/blog\/wp-json\/wp\/v2\/posts\/245\/revisions"}],"predecessor-version":[{"id":267,"href":"https:\/\/traumaunit.es\/blog\/wp-json\/wp\/v2\/posts\/245\/revisions\/267"}],"wp:featuredmedia":[{"embeddable":true,"href":"https:\/\/traumaunit.es\/blog\/wp-json\/wp\/v2\/media\/268"}],"wp:attachment":[{"href":"https:\/\/traumaunit.es\/blog\/wp-json\/wp\/v2\/media?parent=245"}],"wp:term":[{"taxonomy":"category","embeddable":true,"href":"https:\/\/traumaunit.es\/blog\/wp-json\/wp\/v2\/categories?post=245"},{"taxonomy":"post_tag","embeddable":true,"href":"https:\/\/traumaunit.es\/blog\/wp-json\/wp\/v2\/tags?post=245"}],"curies":[{"name":"wp","href":"https:\/\/api.w.org\/{rel}","templated":true}]}}