{"id":276,"date":"2019-04-25T13:35:27","date_gmt":"2019-04-25T13:35:27","guid":{"rendered":"https:\/\/traumaunit.es\/blog\/?p=276"},"modified":"2019-05-02T14:10:10","modified_gmt":"2019-05-02T14:10:10","slug":"nervio-periferico-congreso-de-paris","status":"publish","type":"post","link":"https:\/\/traumaunit.es\/blog\/nervio-periferico-congreso-de-paris\/","title":{"rendered":"NERVIO PERIF\u00c9RICO | CONGRESO DE PARIS"},"content":{"rendered":"\n<h2 class=\"wp-block-heading\">Plexo Braquial y Nervio Perif\u00e9rico<\/h2>\n\n\n\n<p><\/p>\n\n\n\n<p>Durante este mes de abril, los d\u00edas 12 y 13, los Doctores Joaquim Casa\u00f1as i Manel Lluss\u00e0 asistieron al Congreso Mundial de cirug\u00eda de nervio perif\u00e9rico.<\/p>\n\n\n\n<p>En este Congreso de cirug\u00eda del nervio perif\u00e9rico se reunieron especialistas de todo el mundo para debatir temas actuales. Estos temas tienen que ver con las mejoras en el tratamiento de cirug\u00eda del plexo braquial obst\u00e9trico y del adulto, del nervio perif\u00e9rico, as\u00ed como las fuentes actuales de investigaci\u00f3n.<\/p>\n\n\n\n<p>El Doctor Casa\u00f1as i el Doctor Lluss\u00e0 tuvieron una participaci\u00f3n muy activa en la actualizaci\u00f3n de temas de cirug\u00eda del plexo braquial infantil y del adulto.<\/p>\n\n\n\n<ul class=\"wp-block-gallery columns-3 is-cropped wp-block-gallery-1 is-layout-flex wp-block-gallery-is-layout-flex\"><li class=\"blocks-gallery-item\"><figure><img loading=\"lazy\" decoding=\"async\" width=\"300\" height=\"301\" src=\"https:\/\/traumaunit.es\/blog\/wp-content\/uploads\/2019\/05\/Participantes-Congresos-Nervio-Periferico.jpg\" alt=\"\" data-id=\"285\" data-link=\"https:\/\/traumaunit.es\/blog\/?attachment_id=285\" class=\"wp-image-285\" srcset=\"https:\/\/traumaunit.es\/blog\/wp-content\/uploads\/2019\/05\/Participantes-Congresos-Nervio-Periferico.jpg 300w, https:\/\/traumaunit.es\/blog\/wp-content\/uploads\/2019\/05\/Participantes-Congresos-Nervio-Periferico-53x53.jpg 53w, https:\/\/traumaunit.es\/blog\/wp-content\/uploads\/2019\/05\/Participantes-Congresos-Nervio-Periferico-120x120.jpg 120w\" sizes=\"auto, (max-width: 300px) 100vw, 300px\" \/><\/figure><\/li><li class=\"blocks-gallery-item\"><figure><img loading=\"lazy\" decoding=\"async\" width=\"313\" height=\"321\" src=\"https:\/\/traumaunit.es\/blog\/wp-content\/uploads\/2019\/05\/Congreso-Paris-Nervio-Periferico.jpg\" alt=\"\" data-id=\"286\" data-link=\"https:\/\/traumaunit.es\/blog\/?attachment_id=286\" class=\"wp-image-286\" srcset=\"https:\/\/traumaunit.es\/blog\/wp-content\/uploads\/2019\/05\/Congreso-Paris-Nervio-Periferico.jpg 313w, https:\/\/traumaunit.es\/blog\/wp-content\/uploads\/2019\/05\/Congreso-Paris-Nervio-Periferico-53x53.jpg 53w\" sizes=\"auto, (max-width: 313px) 100vw, 313px\" \/><\/figure><\/li><li class=\"blocks-gallery-item\"><figure><img loading=\"lazy\" decoding=\"async\" width=\"300\" height=\"221\" src=\"https:\/\/traumaunit.es\/blog\/wp-content\/uploads\/2019\/05\/Nervio-Periferico-Doctor-Casan\u0303as-y-Doctor-Llussa.jpg\" alt=\"\" data-id=\"287\" data-link=\"https:\/\/traumaunit.es\/blog\/?attachment_id=287\" class=\"wp-image-287\"\/><\/figure><\/li><li class=\"blocks-gallery-item\"><figure><img loading=\"lazy\" decoding=\"async\" width=\"313\" height=\"310\" src=\"https:\/\/traumaunit.es\/blog\/wp-content\/uploads\/2019\/05\/Nervio-Periferico-Congreso-Paris.jpg\" alt=\"\" data-id=\"288\" data-link=\"https:\/\/traumaunit.es\/blog\/?attachment_id=288\" class=\"wp-image-288\" srcset=\"https:\/\/traumaunit.es\/blog\/wp-content\/uploads\/2019\/05\/Nervio-Periferico-Congreso-Paris.jpg 313w, https:\/\/traumaunit.es\/blog\/wp-content\/uploads\/2019\/05\/Nervio-Periferico-Congreso-Paris-53x53.jpg 53w, https:\/\/traumaunit.es\/blog\/wp-content\/uploads\/2019\/05\/Nervio-Periferico-Congreso-Paris-120x120.jpg 120w\" sizes=\"auto, (max-width: 313px) 100vw, 313px\" \/><\/figure><\/li><li class=\"blocks-gallery-item\"><figure><img loading=\"lazy\" decoding=\"async\" width=\"350\" height=\"357\" src=\"https:\/\/traumaunit.es\/blog\/wp-content\/uploads\/2019\/05\/participantes-Congresos-nervio-periferico-Paris.jpg\" alt=\"\" data-id=\"289\" data-link=\"https:\/\/traumaunit.es\/blog\/?attachment_id=289\" class=\"wp-image-289\" srcset=\"https:\/\/traumaunit.es\/blog\/wp-content\/uploads\/2019\/05\/participantes-Congresos-nervio-periferico-Paris.jpg 350w, https:\/\/traumaunit.es\/blog\/wp-content\/uploads\/2019\/05\/participantes-Congresos-nervio-periferico-Paris-53x53.jpg 53w\" sizes=\"auto, (max-width: 350px) 100vw, 350px\" \/><\/figure><\/li><li class=\"blocks-gallery-item\"><figure><img loading=\"lazy\" decoding=\"async\" width=\"300\" height=\"230\" src=\"https:\/\/traumaunit.es\/blog\/wp-content\/uploads\/2019\/05\/Doctor-Casan\u0303as-Congresos-Nervio-Periferico.jpg\" alt=\"\" data-id=\"291\" data-link=\"https:\/\/traumaunit.es\/blog\/?attachment_id=291\" class=\"wp-image-291\"\/><\/figure><\/li><\/ul>\n\n\n\n<p>La avances en la cirug\u00eda del plexo braquial y del nervio perif\u00e9rico son constantes. As\u00ed lo demuestra la convocatoria al pr\u00f3ximo Congreso que se celebrar\u00e1 en el mes de Octubre en Barcelona.<\/p>\n\n\n\n<p><a href=\"https:\/\/traumaunit.es\/equipo\">El equipo de TRAUMAUNIT<\/a> &nbsp;esta formado por grandes profesionales especializados en las diferentes cirug\u00edas traumatol\u00f3gicas. Todo nuestro equipo est\u00e1 altamente comprometido en estar siempre a la vanguardia de todas las innovaciones y las \u00faltimas t\u00e9cnicas que surgen en nuestra especialidad &nbsp;para ofrecer la mejor atenci\u00f3n m\u00e9dica a nuestros pacientes. <\/p>\n\n\n\n<p>Finalmente, os dejamos un video donde el doctor Casa\u00f1as, el doctor Lluss\u00e0 y la doctora Amy Moore anuncian el pr\u00f3ximo Congreso sobre nervio perif\u00e9rico  <a href=\"https:\/\/handtherapybcn.com\/hand-fun-meeting\/\">Hand Fun meeting 2019- interdisciplinary approach on peripheral nerve injury, que tendr\u00e1 lugar en la cl\u00ednica Teknon de Barcelona, Espa\u00f1a. <\/a><\/p>\n\n\n\n<figure class=\"wp-block-embed-youtube wp-block-embed is-type-video is-provider-youtube wp-embed-aspect-4-3 wp-has-aspect-ratio\"><div class=\"wp-block-embed__wrapper\">\n<iframe loading=\"lazy\" width=\"960\" height=\"720\" src=\"https:\/\/www.youtube.com\/embed\/WvboPvUPdDM?feature=oembed\" frameborder=\"0\" allow=\"accelerometer; autoplay; encrypted-media; gyroscope; picture-in-picture\" allowfullscreen><\/iframe>\n<\/div><\/figure>\n\n\n\n<p>Si deseas m\u00e1s informaci\u00f3n sobre nervio perif\u00e9rico o deseas concertar una primera visita, no dudes en <a href=\"https:\/\/traumaunit.es\/contacto\">contactar<\/a> con nosotros<\/p>\n","protected":false},"excerpt":{"rendered":"<p>El Doctor Casa\u00f1as asiste al Congreso de Paris relativo a Nervio Perif\u00e9rico<\/p>\n","protected":false},"author":5,"featured_media":298,"comment_status":"open","ping_status":"closed","sticky":false,"template":"","format":"standard","meta":{"footnotes":""},"categories":[7],"tags":[19],"class_list":["post-276","post","type-post","status-publish","format-standard","has-post-thumbnail","hentry","category-cursos-y-conferencias","tag-nervio-periferico"],"yoast_head":"<!-- This site is optimized with the Yoast SEO plugin v27.2 - https:\/\/yoast.com\/product\/yoast-seo-wordpress\/ -->\n<title>NERVIO PERIF\u00c9RICO | CONGRESO DE PARIS | Blog del Dr Casa\u00f1as - Cirug\u00eda ortop\u00e9dica y traumatolog\u00eda adultos<\/title>\n<meta name=\"description\" content=\"Congreso de cirug\u00eda del nervio perif\u00e9rico : El Doctor Casa\u00f1as i el Doctor Lluss\u00e0 tuvieron una participaci\u00f3n muy activa en la actualizaci\u00f3n de temas de cirug\u00eda del plexo braquial infantil y del adulto.\" \/>\n<meta name=\"robots\" content=\"index, follow, max-snippet:-1, max-image-preview:large, max-video-preview:-1\" \/>\n<link rel=\"canonical\" href=\"https:\/\/traumaunit.es\/blog\/nervio-periferico-congreso-de-paris\/\" \/>\n<meta property=\"og:locale\" content=\"es_ES\" \/>\n<meta property=\"og:type\" content=\"article\" \/>\n<meta property=\"og:title\" content=\"NERVIO PERIF\u00c9RICO | CONGRESO DE PARIS | Blog del Dr Casa\u00f1as - Cirug\u00eda ortop\u00e9dica y traumatolog\u00eda adultos\" \/>\n<meta property=\"og:description\" content=\"Congreso de cirug\u00eda del nervio perif\u00e9rico : El Doctor Casa\u00f1as i el Doctor Lluss\u00e0 tuvieron una participaci\u00f3n muy activa en la actualizaci\u00f3n de temas de cirug\u00eda del plexo braquial infantil y del adulto.\" \/>\n<meta property=\"og:url\" content=\"https:\/\/traumaunit.es\/blog\/nervio-periferico-congreso-de-paris\/\" \/>\n<meta property=\"og:site_name\" content=\"Blog del Dr Casa\u00f1as - Cirug\u00eda ortop\u00e9dica y traumatolog\u00eda adultos\" \/>\n<meta property=\"article:publisher\" content=\"https:\/\/www.facebook.com\/Dr.Casanas.Traumaunit\/\" \/>\n<meta property=\"article:published_time\" content=\"2019-04-25T13:35:27+00:00\" \/>\n<meta property=\"article:modified_time\" content=\"2019-05-02T14:10:10+00:00\" \/>\n<meta property=\"og:image\" content=\"https:\/\/traumaunit.es\/blog\/wp-content\/uploads\/2019\/04\/Nervio-Periferico-Congreso-Paris-ok.jpg\" \/>\n\t<meta property=\"og:image:width\" content=\"800\" \/>\n\t<meta property=\"og:image:height\" content=\"600\" \/>\n\t<meta property=\"og:image:type\" content=\"image\/jpeg\" \/>\n<meta name=\"author\" content=\"Dr. Joaqu\u00edn Casa\u00f1as\" \/>\n<meta name=\"twitter:card\" content=\"summary_large_image\" \/>\n<meta name=\"twitter:label1\" content=\"Escrito por\" \/>\n\t<meta name=\"twitter:data1\" content=\"Dr. Joaqu\u00edn Casa\u00f1as\" \/>\n\t<meta name=\"twitter:label2\" content=\"Tiempo de lectura\" \/>\n\t<meta name=\"twitter:data2\" content=\"1 minuto\" \/>\n<script type=\"application\/ld+json\" class=\"yoast-schema-graph\">{\"@context\":\"https:\/\/schema.org\",\"@graph\":[{\"@type\":\"Article\",\"@id\":\"https:\/\/traumaunit.es\/blog\/nervio-periferico-congreso-de-paris\/#article\",\"isPartOf\":{\"@id\":\"https:\/\/traumaunit.es\/blog\/nervio-periferico-congreso-de-paris\/\"},\"author\":{\"name\":\"Dr. Joaqu\u00edn Casa\u00f1as\",\"@id\":\"https:\/\/traumaunit.es\/blog\/#\/schema\/person\/811991b2641aa059a18c7c91104ed992\"},\"headline\":\"NERVIO PERIF\u00c9RICO | CONGRESO DE PARIS\",\"datePublished\":\"2019-04-25T13:35:27+00:00\",\"dateModified\":\"2019-05-02T14:10:10+00:00\",\"mainEntityOfPage\":{\"@id\":\"https:\/\/traumaunit.es\/blog\/nervio-periferico-congreso-de-paris\/\"},\"wordCount\":294,\"commentCount\":0,\"image\":{\"@id\":\"https:\/\/traumaunit.es\/blog\/nervio-periferico-congreso-de-paris\/#primaryimage\"},\"thumbnailUrl\":\"https:\/\/traumaunit.es\/blog\/wp-content\/uploads\/2019\/04\/Nervio-Periferico-Congreso-Paris-ok.jpg\",\"keywords\":[\"Nervio perif\u00e9rico\"],\"articleSection\":[\"cursos y conferencias\"],\"inLanguage\":\"es\",\"potentialAction\":[{\"@type\":\"CommentAction\",\"name\":\"Comment\",\"target\":[\"https:\/\/traumaunit.es\/blog\/nervio-periferico-congreso-de-paris\/#respond\"]}]},{\"@type\":\"WebPage\",\"@id\":\"https:\/\/traumaunit.es\/blog\/nervio-periferico-congreso-de-paris\/\",\"url\":\"https:\/\/traumaunit.es\/blog\/nervio-periferico-congreso-de-paris\/\",\"name\":\"NERVIO PERIF\u00c9RICO | CONGRESO DE PARIS | Blog del Dr Casa\u00f1as - Cirug\u00eda ortop\u00e9dica y traumatolog\u00eda adultos\",\"isPartOf\":{\"@id\":\"https:\/\/traumaunit.es\/blog\/#website\"},\"primaryImageOfPage\":{\"@id\":\"https:\/\/traumaunit.es\/blog\/nervio-periferico-congreso-de-paris\/#primaryimage\"},\"image\":{\"@id\":\"https:\/\/traumaunit.es\/blog\/nervio-periferico-congreso-de-paris\/#primaryimage\"},\"thumbnailUrl\":\"https:\/\/traumaunit.es\/blog\/wp-content\/uploads\/2019\/04\/Nervio-Periferico-Congreso-Paris-ok.jpg\",\"datePublished\":\"2019-04-25T13:35:27+00:00\",\"dateModified\":\"2019-05-02T14:10:10+00:00\",\"author\":{\"@id\":\"https:\/\/traumaunit.es\/blog\/#\/schema\/person\/811991b2641aa059a18c7c91104ed992\"},\"description\":\"Congreso de cirug\u00eda del nervio perif\u00e9rico : El Doctor Casa\u00f1as i el Doctor Lluss\u00e0 tuvieron una participaci\u00f3n muy activa en la actualizaci\u00f3n de temas de cirug\u00eda del plexo braquial infantil y del adulto.\",\"breadcrumb\":{\"@id\":\"https:\/\/traumaunit.es\/blog\/nervio-periferico-congreso-de-paris\/#breadcrumb\"},\"inLanguage\":\"es\",\"potentialAction\":[{\"@type\":\"ReadAction\",\"target\":[\"https:\/\/traumaunit.es\/blog\/nervio-periferico-congreso-de-paris\/\"]}]},{\"@type\":\"ImageObject\",\"inLanguage\":\"es\",\"@id\":\"https:\/\/traumaunit.es\/blog\/nervio-periferico-congreso-de-paris\/#primaryimage\",\"url\":\"https:\/\/traumaunit.es\/blog\/wp-content\/uploads\/2019\/04\/Nervio-Periferico-Congreso-Paris-ok.jpg\",\"contentUrl\":\"https:\/\/traumaunit.es\/blog\/wp-content\/uploads\/2019\/04\/Nervio-Periferico-Congreso-Paris-ok.jpg\",\"width\":800,\"height\":600},{\"@type\":\"BreadcrumbList\",\"@id\":\"https:\/\/traumaunit.es\/blog\/nervio-periferico-congreso-de-paris\/#breadcrumb\",\"itemListElement\":[{\"@type\":\"ListItem\",\"position\":1,\"name\":\"Portada\",\"item\":\"https:\/\/traumaunit.es\/blog\/\"},{\"@type\":\"ListItem\",\"position\":2,\"name\":\"NERVIO PERIF\u00c9RICO | CONGRESO DE PARIS\"}]},{\"@type\":\"WebSite\",\"@id\":\"https:\/\/traumaunit.es\/blog\/#website\",\"url\":\"https:\/\/traumaunit.es\/blog\/\",\"name\":\"Blog del Dr Casa\u00f1as - Cirug\u00eda ortop\u00e9dica y traumatolog\u00eda adultos\",\"description\":\"Blog del Doctor Joaquim Casa\u00f1as, especialista de gran prestigio en cirug\u00eda ortop\u00e9dica y traumatolog\u00eda adultos.\",\"potentialAction\":[{\"@type\":\"SearchAction\",\"target\":{\"@type\":\"EntryPoint\",\"urlTemplate\":\"https:\/\/traumaunit.es\/blog\/?s={search_term_string}\"},\"query-input\":{\"@type\":\"PropertyValueSpecification\",\"valueRequired\":true,\"valueName\":\"search_term_string\"}}],\"inLanguage\":\"es\"},{\"@type\":\"Person\",\"@id\":\"https:\/\/traumaunit.es\/blog\/#\/schema\/person\/811991b2641aa059a18c7c91104ed992\",\"name\":\"Dr. Joaqu\u00edn Casa\u00f1as\",\"image\":{\"@type\":\"ImageObject\",\"inLanguage\":\"es\",\"@id\":\"https:\/\/secure.gravatar.com\/avatar\/f24a728ebb8ec26b69321ec2d9352559ad2239c36f32c74fefbeb7c6aa42dcb4?s=96&d=mm&r=g\",\"url\":\"https:\/\/secure.gravatar.com\/avatar\/f24a728ebb8ec26b69321ec2d9352559ad2239c36f32c74fefbeb7c6aa42dcb4?s=96&d=mm&r=g\",\"contentUrl\":\"https:\/\/secure.gravatar.com\/avatar\/f24a728ebb8ec26b69321ec2d9352559ad2239c36f32c74fefbeb7c6aa42dcb4?s=96&d=mm&r=g\",\"caption\":\"Dr. Joaqu\u00edn Casa\u00f1as\"},\"description\":\"Dr. Joaqu\u00edn Casa\u00f1as es un especialista destacado en cirug\u00eda ortop\u00e9dica, traumatolog\u00eda, pero sobre todo en nervio perif\u00e9rico, plexo braquial y cirug\u00eda de la mano, de cuyas 3 especialidades atesora un gran prestigio internacional. Licenciado en Medicina y Cirug\u00eda por la Universidad Central de Barcelona en 1988, complet\u00f3 su formaci\u00f3n como m\u00e9dico residente (MIR) en la Ciudad Sanitaria y Universitaria de Bellvitge. Cuenta con el Diplomado Europeo en Cirug\u00eda de la Mano desde el 2000. Ha trabajado en diversas instituciones, incluyendo el Hospital de Meritxell en Andorra y el Hospital Germans Trias i Pujol de Badalona. Desde 1994, es m\u00e9dico adjunto en el servicio de Cirug\u00eda Ortop\u00e9dica y Traumatolog\u00eda de la Ciudad Sanitaria y Universitaria de Bellvitge. Adem\u00e1s de su pr\u00e1ctica cl\u00ednica, ha contribuido con numerosas publicaciones cient\u00edficas y cap\u00edtulos de libros en su campo. En la actualidad da conferencias en diferentes congresos internacionales en relaci\u00f3n a sus principales especialidades, adem\u00e1s de dirigir Traumaunit, la unidad de traumatolog\u00eda de Teknon en Barcelona.\",\"sameAs\":[\"http:\/\/traumaunit.es\",\"https:\/\/www.youtube.com\/channel\/UCDHOGYWyQKaaLl16Q9ln0hQ\"],\"url\":\"https:\/\/traumaunit.es\/blog\/author\/iamacookie\/\"}]}<\/script>\n<!-- \/ Yoast SEO plugin. -->","yoast_head_json":{"title":"NERVIO PERIF\u00c9RICO | CONGRESO DE PARIS | Blog del Dr Casa\u00f1as - Cirug\u00eda ortop\u00e9dica y traumatolog\u00eda adultos","description":"Congreso de cirug\u00eda del nervio perif\u00e9rico : El Doctor Casa\u00f1as i el Doctor Lluss\u00e0 tuvieron una participaci\u00f3n muy activa en la actualizaci\u00f3n de temas de cirug\u00eda del plexo braquial infantil y del adulto.","robots":{"index":"index","follow":"follow","max-snippet":"max-snippet:-1","max-image-preview":"max-image-preview:large","max-video-preview":"max-video-preview:-1"},"canonical":"https:\/\/traumaunit.es\/blog\/nervio-periferico-congreso-de-paris\/","og_locale":"es_ES","og_type":"article","og_title":"NERVIO PERIF\u00c9RICO | CONGRESO DE PARIS | Blog del Dr Casa\u00f1as - Cirug\u00eda ortop\u00e9dica y traumatolog\u00eda adultos","og_description":"Congreso de cirug\u00eda del nervio perif\u00e9rico : El Doctor Casa\u00f1as i el Doctor Lluss\u00e0 tuvieron una participaci\u00f3n muy activa en la actualizaci\u00f3n de temas de cirug\u00eda del plexo braquial infantil y del adulto.","og_url":"https:\/\/traumaunit.es\/blog\/nervio-periferico-congreso-de-paris\/","og_site_name":"Blog del Dr Casa\u00f1as - Cirug\u00eda ortop\u00e9dica y traumatolog\u00eda adultos","article_publisher":"https:\/\/www.facebook.com\/Dr.Casanas.Traumaunit\/","article_published_time":"2019-04-25T13:35:27+00:00","article_modified_time":"2019-05-02T14:10:10+00:00","og_image":[{"width":800,"height":600,"url":"https:\/\/traumaunit.es\/blog\/wp-content\/uploads\/2019\/04\/Nervio-Periferico-Congreso-Paris-ok.jpg","type":"image\/jpeg"}],"author":"Dr. Joaqu\u00edn Casa\u00f1as","twitter_card":"summary_large_image","twitter_misc":{"Escrito por":"Dr. Joaqu\u00edn Casa\u00f1as","Tiempo de lectura":"1 minuto"},"schema":{"@context":"https:\/\/schema.org","@graph":[{"@type":"Article","@id":"https:\/\/traumaunit.es\/blog\/nervio-periferico-congreso-de-paris\/#article","isPartOf":{"@id":"https:\/\/traumaunit.es\/blog\/nervio-periferico-congreso-de-paris\/"},"author":{"name":"Dr. Joaqu\u00edn Casa\u00f1as","@id":"https:\/\/traumaunit.es\/blog\/#\/schema\/person\/811991b2641aa059a18c7c91104ed992"},"headline":"NERVIO PERIF\u00c9RICO | CONGRESO DE PARIS","datePublished":"2019-04-25T13:35:27+00:00","dateModified":"2019-05-02T14:10:10+00:00","mainEntityOfPage":{"@id":"https:\/\/traumaunit.es\/blog\/nervio-periferico-congreso-de-paris\/"},"wordCount":294,"commentCount":0,"image":{"@id":"https:\/\/traumaunit.es\/blog\/nervio-periferico-congreso-de-paris\/#primaryimage"},"thumbnailUrl":"https:\/\/traumaunit.es\/blog\/wp-content\/uploads\/2019\/04\/Nervio-Periferico-Congreso-Paris-ok.jpg","keywords":["Nervio perif\u00e9rico"],"articleSection":["cursos y conferencias"],"inLanguage":"es","potentialAction":[{"@type":"CommentAction","name":"Comment","target":["https:\/\/traumaunit.es\/blog\/nervio-periferico-congreso-de-paris\/#respond"]}]},{"@type":"WebPage","@id":"https:\/\/traumaunit.es\/blog\/nervio-periferico-congreso-de-paris\/","url":"https:\/\/traumaunit.es\/blog\/nervio-periferico-congreso-de-paris\/","name":"NERVIO PERIF\u00c9RICO | CONGRESO DE PARIS | Blog del Dr Casa\u00f1as - Cirug\u00eda ortop\u00e9dica y traumatolog\u00eda adultos","isPartOf":{"@id":"https:\/\/traumaunit.es\/blog\/#website"},"primaryImageOfPage":{"@id":"https:\/\/traumaunit.es\/blog\/nervio-periferico-congreso-de-paris\/#primaryimage"},"image":{"@id":"https:\/\/traumaunit.es\/blog\/nervio-periferico-congreso-de-paris\/#primaryimage"},"thumbnailUrl":"https:\/\/traumaunit.es\/blog\/wp-content\/uploads\/2019\/04\/Nervio-Periferico-Congreso-Paris-ok.jpg","datePublished":"2019-04-25T13:35:27+00:00","dateModified":"2019-05-02T14:10:10+00:00","author":{"@id":"https:\/\/traumaunit.es\/blog\/#\/schema\/person\/811991b2641aa059a18c7c91104ed992"},"description":"Congreso de cirug\u00eda del nervio perif\u00e9rico : El Doctor Casa\u00f1as i el Doctor Lluss\u00e0 tuvieron una participaci\u00f3n muy activa en la actualizaci\u00f3n de temas de cirug\u00eda del plexo braquial infantil y del adulto.","breadcrumb":{"@id":"https:\/\/traumaunit.es\/blog\/nervio-periferico-congreso-de-paris\/#breadcrumb"},"inLanguage":"es","potentialAction":[{"@type":"ReadAction","target":["https:\/\/traumaunit.es\/blog\/nervio-periferico-congreso-de-paris\/"]}]},{"@type":"ImageObject","inLanguage":"es","@id":"https:\/\/traumaunit.es\/blog\/nervio-periferico-congreso-de-paris\/#primaryimage","url":"https:\/\/traumaunit.es\/blog\/wp-content\/uploads\/2019\/04\/Nervio-Periferico-Congreso-Paris-ok.jpg","contentUrl":"https:\/\/traumaunit.es\/blog\/wp-content\/uploads\/2019\/04\/Nervio-Periferico-Congreso-Paris-ok.jpg","width":800,"height":600},{"@type":"BreadcrumbList","@id":"https:\/\/traumaunit.es\/blog\/nervio-periferico-congreso-de-paris\/#breadcrumb","itemListElement":[{"@type":"ListItem","position":1,"name":"Portada","item":"https:\/\/traumaunit.es\/blog\/"},{"@type":"ListItem","position":2,"name":"NERVIO PERIF\u00c9RICO | CONGRESO DE PARIS"}]},{"@type":"WebSite","@id":"https:\/\/traumaunit.es\/blog\/#website","url":"https:\/\/traumaunit.es\/blog\/","name":"Blog del Dr Casa\u00f1as - Cirug\u00eda ortop\u00e9dica y traumatolog\u00eda adultos","description":"Blog del Doctor Joaquim Casa\u00f1as, especialista de gran prestigio en cirug\u00eda ortop\u00e9dica y traumatolog\u00eda adultos.","potentialAction":[{"@type":"SearchAction","target":{"@type":"EntryPoint","urlTemplate":"https:\/\/traumaunit.es\/blog\/?s={search_term_string}"},"query-input":{"@type":"PropertyValueSpecification","valueRequired":true,"valueName":"search_term_string"}}],"inLanguage":"es"},{"@type":"Person","@id":"https:\/\/traumaunit.es\/blog\/#\/schema\/person\/811991b2641aa059a18c7c91104ed992","name":"Dr. Joaqu\u00edn Casa\u00f1as","image":{"@type":"ImageObject","inLanguage":"es","@id":"https:\/\/secure.gravatar.com\/avatar\/f24a728ebb8ec26b69321ec2d9352559ad2239c36f32c74fefbeb7c6aa42dcb4?s=96&d=mm&r=g","url":"https:\/\/secure.gravatar.com\/avatar\/f24a728ebb8ec26b69321ec2d9352559ad2239c36f32c74fefbeb7c6aa42dcb4?s=96&d=mm&r=g","contentUrl":"https:\/\/secure.gravatar.com\/avatar\/f24a728ebb8ec26b69321ec2d9352559ad2239c36f32c74fefbeb7c6aa42dcb4?s=96&d=mm&r=g","caption":"Dr. Joaqu\u00edn Casa\u00f1as"},"description":"Dr. Joaqu\u00edn Casa\u00f1as es un especialista destacado en cirug\u00eda ortop\u00e9dica, traumatolog\u00eda, pero sobre todo en nervio perif\u00e9rico, plexo braquial y cirug\u00eda de la mano, de cuyas 3 especialidades atesora un gran prestigio internacional. Licenciado en Medicina y Cirug\u00eda por la Universidad Central de Barcelona en 1988, complet\u00f3 su formaci\u00f3n como m\u00e9dico residente (MIR) en la Ciudad Sanitaria y Universitaria de Bellvitge. Cuenta con el Diplomado Europeo en Cirug\u00eda de la Mano desde el 2000. Ha trabajado en diversas instituciones, incluyendo el Hospital de Meritxell en Andorra y el Hospital Germans Trias i Pujol de Badalona. Desde 1994, es m\u00e9dico adjunto en el servicio de Cirug\u00eda Ortop\u00e9dica y Traumatolog\u00eda de la Ciudad Sanitaria y Universitaria de Bellvitge. Adem\u00e1s de su pr\u00e1ctica cl\u00ednica, ha contribuido con numerosas publicaciones cient\u00edficas y cap\u00edtulos de libros en su campo. En la actualidad da conferencias en diferentes congresos internacionales en relaci\u00f3n a sus principales especialidades, adem\u00e1s de dirigir Traumaunit, la unidad de traumatolog\u00eda de Teknon en Barcelona.","sameAs":["http:\/\/traumaunit.es","https:\/\/www.youtube.com\/channel\/UCDHOGYWyQKaaLl16Q9ln0hQ"],"url":"https:\/\/traumaunit.es\/blog\/author\/iamacookie\/"}]}},"_links":{"self":[{"href":"https:\/\/traumaunit.es\/blog\/wp-json\/wp\/v2\/posts\/276","targetHints":{"allow":["GET"]}}],"collection":[{"href":"https:\/\/traumaunit.es\/blog\/wp-json\/wp\/v2\/posts"}],"about":[{"href":"https:\/\/traumaunit.es\/blog\/wp-json\/wp\/v2\/types\/post"}],"author":[{"embeddable":true,"href":"https:\/\/traumaunit.es\/blog\/wp-json\/wp\/v2\/users\/5"}],"replies":[{"embeddable":true,"href":"https:\/\/traumaunit.es\/blog\/wp-json\/wp\/v2\/comments?post=276"}],"version-history":[{"count":17,"href":"https:\/\/traumaunit.es\/blog\/wp-json\/wp\/v2\/posts\/276\/revisions"}],"predecessor-version":[{"id":309,"href":"https:\/\/traumaunit.es\/blog\/wp-json\/wp\/v2\/posts\/276\/revisions\/309"}],"wp:featuredmedia":[{"embeddable":true,"href":"https:\/\/traumaunit.es\/blog\/wp-json\/wp\/v2\/media\/298"}],"wp:attachment":[{"href":"https:\/\/traumaunit.es\/blog\/wp-json\/wp\/v2\/media?parent=276"}],"wp:term":[{"taxonomy":"category","embeddable":true,"href":"https:\/\/traumaunit.es\/blog\/wp-json\/wp\/v2\/categories?post=276"},{"taxonomy":"post_tag","embeddable":true,"href":"https:\/\/traumaunit.es\/blog\/wp-json\/wp\/v2\/tags?post=276"}],"curies":[{"name":"wp","href":"https:\/\/api.w.org\/{rel}","templated":true}]}}