{"id":2874,"date":"2025-06-27T10:34:30","date_gmt":"2025-06-27T10:34:30","guid":{"rendered":"https:\/\/traumaunit.es\/blog\/?p=2874"},"modified":"2025-06-27T10:34:31","modified_gmt":"2025-06-27T10:34:31","slug":"paralisis-braquial-obstetrica-2","status":"publish","type":"post","link":"https:\/\/traumaunit.es\/blog\/paralisis-braquial-obstetrica-2\/","title":{"rendered":"Par\u00e1lisis braquial obst\u00e9trica"},"content":{"rendered":"\n<p>Recientemente, el Doctor Joaquim Casa\u00f1as ha realizado una cirug\u00eda de par\u00e1lisis braquial obst\u00e9trica. En <a href=\"https:\/\/traumaunit.es\/\">Traumaunit<\/a>, realizamos esta cirugia monitorizada nerviosa en beb\u00e9s. Somos un centro referente mundial en esta cirug\u00eda.<\/p>\n\n\n\n<p>Las par\u00e1lisis braquiales obst\u00e9tricas, dentro de las lesiones traum\u00e1ticas del plexo braquial, presentan peculiaridades: se producen en el momento del nacimiento o del parto e incluso en el momento de la ces\u00e1rea.<\/p>\n\n\n\n<p>Por descontado, las\u00a0 par\u00e1lisis braquiales obst\u00e9tricas, tienen mayores posibilidades de recuperaci\u00f3n y poseen mejor pron\u00f3stico que las lesiones del adulto. \u00a0Se produce por una tracci\u00f3n o compresi\u00f3n de estos nervios, generalmente durante la salida del hombro del beb\u00e9.\u00a0La par\u00e1lisis braquial obst\u00e9trica (PBO) puede causar debilidad o p\u00e9rdida de movimiento en el brazo afectado.\u00a0<\/p>\n\n\n<div class=\"wp-block-image\">\n<figure class=\"alignright size-full\"><a href=\"https:\/\/traumaunit.es\/blog\/wp-content\/uploads\/2025\/06\/cirugia-PBO.jpg\"><img loading=\"lazy\" decoding=\"async\" width=\"450\" height=\"297\" src=\"https:\/\/traumaunit.es\/blog\/wp-content\/uploads\/2025\/06\/cirugia-PBO.jpg\" alt=\"\" class=\"wp-image-2879\"\/><\/a><\/figure>\n<\/div>\n\n\n<h3 class=\"wp-block-heading\">Causas:<\/h3>\n\n\n\n<ul class=\"wp-block-list\">\n<li>Parto instrumentado (uso de f\u00f3rceps o esp\u00e1tulas).<\/li>\n\n\n\n<li>Distocia de hombros.<\/li>\n\n\n\n<li>Parto prolongado.<\/li>\n\n\n\n<li>Maniobras para liberar los hombros durante el parto. Tambi\u00e9n en ces\u00e1reas puede realizarse maniobras que lesionen el plexo braquial del beb\u00e9.<\/li>\n\n\n\n<li>Mal posici\u00f3n fetal&nbsp;<\/li>\n\n\n\n<li>Parto vaginal por pod\u00e1lica<\/li>\n\n\n\n<li>En un parto normal y no traum\u00e1tico, la fuerza de las contracciones uterinas y el pujo materno pueden comprimir y estirar el plexo braquial, en un paciente con plexo braquial vulnerable.<\/li>\n<\/ul>\n\n\n\n<h3 class=\"wp-block-heading\">S\u00edntomas:<\/h3>\n\n\n\n<ul class=\"wp-block-list\">\n<li>Debilidad o par\u00e1lisis del brazo y la mano afectados.<\/li>\n\n\n\n<li>Falta de movimiento en el brazo o la mano.<\/li>\n\n\n\n<li>Disminuci\u00f3n del agarre en la mano.<\/li>\n\n\n\n<li>Asimetr\u00eda en el movimiento de los brazos.<\/li>\n\n\n\n<li>Alteraciones en los reflejos.&nbsp;<\/li>\n<\/ul>\n\n\n\n<h3 class=\"wp-block-heading\">Tipos de PBO:<\/h3>\n\n\n\n<ul class=\"wp-block-list\">\n<li><strong>Par\u00e1lisis de Erb-Duchenne:<\/strong>&nbsp;Afecta principalmente la parte superior del brazo (hombro y codo).<\/li>\n\n\n\n<li><strong>Par\u00e1lisis de Klumpke:<\/strong>&nbsp;Afecta principalmente la parte inferior del brazo y la mano.&nbsp;<\/li>\n<\/ul>\n\n\n\n<h3 class=\"wp-block-heading\">Tratamiento:<\/h3>\n\n\n\n<ul class=\"wp-block-list\">\n<li>La mayor\u00eda de los beb\u00e9s con PBO se recuperan por completo, a veces sin necesidad de tratamiento.&nbsp;<\/li>\n\n\n\n<li>La fisioterapia y la terapia ocupacional pueden ayudar a mejorar la funci\u00f3n del brazo y la mano.&nbsp;<\/li>\n\n\n\n<li>En casos graves, puede ser necesaria cirug\u00eda para reparar los nervios da\u00f1ados.\u00a0<\/li>\n<\/ul>\n\n\n<div class=\"wp-block-image\">\n<figure class=\"alignleft size-full\"><a href=\"https:\/\/traumaunit.es\/blog\/wp-content\/uploads\/2025\/06\/monitorizar-PBO.jpg\"><img loading=\"lazy\" decoding=\"async\" width=\"450\" height=\"234\" src=\"https:\/\/traumaunit.es\/blog\/wp-content\/uploads\/2025\/06\/monitorizar-PBO.jpg\" alt=\"\" class=\"wp-image-2880\"\/><\/a><\/figure>\n<\/div>\n\n\n<h3 class=\"wp-block-heading\">La cirug\u00eda de la patolog\u00eda de par\u00e1lisis braquial obst\u00e9trica<\/h3>\n\n\n\n<p>Gracias a la microcirug\u00eda hubo un gran avance en el tratamiento de la par\u00e1lisis braquial obst\u00e9trica. Traumaunit es el \u00fanico grupo a nivel nacional,&nbsp; y de los pocos a nivel internacional, que hacemos esta cirug\u00eda en los beb\u00e9s con un neur\u00f3logo con monotorizaci\u00f3n intraoperatoria.<\/p>\n\n\n\n<p>La monotorizaci\u00f3n intraoperatoria nos permite evaluar si las ra\u00edces est\u00e1n o no sanas, y si los m\u00fasculos se est\u00e1n reinervando,&nbsp; intraoperatoriamente.&nbsp;<\/p>\n\n\n\n<p>Es muy importante la evaluaci\u00f3n de las ra\u00edces de los nervios. Es la raz\u00f3n fundamental para saber si la cirug\u00eda la debes hacer en un sentido o en otro. Y esta valoraci\u00f3n requiere de una intervenci\u00f3n multidisciplinaria con los neur\u00f3logos intraoperatorios ya que, en caso contrario, es imposible.<\/p>\n\n\n\n<p>El equipo de<a href=\"https:\/\/traumaunit.es\/\">&nbsp;TRAUMAUNIT<\/a>&nbsp; siempre estar\u00e1 a la vanguardia de todas las innovaciones y las \u00faltimas t\u00e9cnicas que surgen en nuestra especialidad&nbsp; para ofrecer la mejor atenci\u00f3n m\u00e9dica a nuestros pacientes.<\/p>\n\n\n\n<p>Si deseas m\u00e1s informaci\u00f3n sobre&nbsp;<a href=\"https:\/\/traumaunit.es\/nervio-periferico-plexo\/cirugia-del-nervio-periferico\">nervio perif\u00e9rico y plexo<\/a>&nbsp; o deseas concertar una primera visita, no dudes en<a href=\"https:\/\/traumaunit.es\/contacto\">&nbsp;contactar<\/a>&nbsp;con nosotros.<\/p>\n","protected":false},"excerpt":{"rendered":"<p>Recientemente, el Doctor Joaquim Casa\u00f1as ha realizado una cirug\u00eda de par\u00e1lisis braquial obst\u00e9trica. En Traumaunit, realizamos esta cirugia monitorizada nerviosa en beb\u00e9s. Somos un centro referente mundial en esta cirug\u00eda. Las par\u00e1lisis braquiales obst\u00e9tricas, dentro de las lesiones traum\u00e1ticas del plexo braquial, presentan peculiaridades: se producen en el momento del nacimiento o del parto e incluso en el momento de la ces\u00e1rea. Por descontado, las\u00a0 par\u00e1lisis braquiales obst\u00e9tricas, tienen mayores posibilidades de recuperaci\u00f3n y poseen mejor pron\u00f3stico que las lesiones del adulto. \u00a0Se produce por una tracci\u00f3n o compresi\u00f3n de estos nervios, generalmente durante la salida del hombro del beb\u00e9.\u00a0La&#8230;<\/p>\n","protected":false},"author":5,"featured_media":2876,"comment_status":"open","ping_status":"closed","sticky":false,"template":"","format":"standard","meta":{"footnotes":""},"categories":[118],"tags":[],"class_list":["post-2874","post","type-post","status-publish","format-standard","has-post-thumbnail","hentry","category-paralisis-braquial-obstetrica"],"yoast_head":"<!-- This site is optimized with the Yoast SEO plugin v27.2 - https:\/\/yoast.com\/product\/yoast-seo-wordpress\/ -->\n<title>Par\u00e1lisis braquial obst\u00e9trica | Blog del Dr Casa\u00f1as - Cirug\u00eda ortop\u00e9dica y traumatolog\u00eda adultos<\/title>\n<meta name=\"description\" content=\"Las par\u00e1lisis braquiales obst\u00e9tricas se producen en el momento del nacimiento o del parto e incluso en el momento de la ces\u00e1rea.\" \/>\n<meta name=\"robots\" content=\"index, follow, max-snippet:-1, max-image-preview:large, max-video-preview:-1\" \/>\n<link rel=\"canonical\" href=\"https:\/\/traumaunit.es\/blog\/paralisis-braquial-obstetrica-2\/\" \/>\n<meta property=\"og:locale\" content=\"es_ES\" \/>\n<meta property=\"og:type\" content=\"article\" \/>\n<meta property=\"og:title\" content=\"Par\u00e1lisis braquial obst\u00e9trica | Blog del Dr Casa\u00f1as - Cirug\u00eda ortop\u00e9dica y traumatolog\u00eda adultos\" \/>\n<meta property=\"og:description\" content=\"Las par\u00e1lisis braquiales obst\u00e9tricas se producen en el momento del nacimiento o del parto e incluso en el momento de la ces\u00e1rea.\" \/>\n<meta property=\"og:url\" content=\"https:\/\/traumaunit.es\/blog\/paralisis-braquial-obstetrica-2\/\" \/>\n<meta property=\"og:site_name\" content=\"Blog del Dr Casa\u00f1as - Cirug\u00eda ortop\u00e9dica y traumatolog\u00eda adultos\" \/>\n<meta property=\"article:publisher\" content=\"https:\/\/www.facebook.com\/Dr.Casanas.Traumaunit\/\" \/>\n<meta property=\"article:published_time\" content=\"2025-06-27T10:34:30+00:00\" \/>\n<meta property=\"article:modified_time\" content=\"2025-06-27T10:34:31+00:00\" \/>\n<meta property=\"og:image\" content=\"https:\/\/traumaunit.es\/blog\/wp-content\/uploads\/2025\/06\/paralisis-braquial-obstetrica.jpg\" \/>\n\t<meta property=\"og:image:width\" content=\"650\" \/>\n\t<meta property=\"og:image:height\" content=\"270\" \/>\n\t<meta property=\"og:image:type\" content=\"image\/jpeg\" \/>\n<meta name=\"author\" content=\"Dr. Joaqu\u00edn Casa\u00f1as\" \/>\n<meta name=\"twitter:card\" content=\"summary_large_image\" \/>\n<meta name=\"twitter:label1\" content=\"Escrito por\" \/>\n\t<meta name=\"twitter:data1\" content=\"Dr. Joaqu\u00edn Casa\u00f1as\" \/>\n\t<meta name=\"twitter:label2\" content=\"Tiempo de lectura\" \/>\n\t<meta name=\"twitter:data2\" content=\"3 minutos\" \/>\n<script type=\"application\/ld+json\" class=\"yoast-schema-graph\">{\"@context\":\"https:\/\/schema.org\",\"@graph\":[{\"@type\":\"Article\",\"@id\":\"https:\/\/traumaunit.es\/blog\/paralisis-braquial-obstetrica-2\/#article\",\"isPartOf\":{\"@id\":\"https:\/\/traumaunit.es\/blog\/paralisis-braquial-obstetrica-2\/\"},\"author\":{\"name\":\"Dr. Joaqu\u00edn Casa\u00f1as\",\"@id\":\"https:\/\/traumaunit.es\/blog\/#\/schema\/person\/811991b2641aa059a18c7c91104ed992\"},\"headline\":\"Par\u00e1lisis braquial obst\u00e9trica\",\"datePublished\":\"2025-06-27T10:34:30+00:00\",\"dateModified\":\"2025-06-27T10:34:31+00:00\",\"mainEntityOfPage\":{\"@id\":\"https:\/\/traumaunit.es\/blog\/paralisis-braquial-obstetrica-2\/\"},\"wordCount\":562,\"commentCount\":0,\"image\":{\"@id\":\"https:\/\/traumaunit.es\/blog\/paralisis-braquial-obstetrica-2\/#primaryimage\"},\"thumbnailUrl\":\"https:\/\/traumaunit.es\/blog\/wp-content\/uploads\/2025\/06\/paralisis-braquial-obstetrica.jpg\",\"articleSection\":[\"par\u00e1lisis braquial obst\u00e9trica\"],\"inLanguage\":\"es\",\"potentialAction\":[{\"@type\":\"CommentAction\",\"name\":\"Comment\",\"target\":[\"https:\/\/traumaunit.es\/blog\/paralisis-braquial-obstetrica-2\/#respond\"]}]},{\"@type\":\"WebPage\",\"@id\":\"https:\/\/traumaunit.es\/blog\/paralisis-braquial-obstetrica-2\/\",\"url\":\"https:\/\/traumaunit.es\/blog\/paralisis-braquial-obstetrica-2\/\",\"name\":\"Par\u00e1lisis braquial obst\u00e9trica | Blog del Dr Casa\u00f1as - Cirug\u00eda ortop\u00e9dica y traumatolog\u00eda adultos\",\"isPartOf\":{\"@id\":\"https:\/\/traumaunit.es\/blog\/#website\"},\"primaryImageOfPage\":{\"@id\":\"https:\/\/traumaunit.es\/blog\/paralisis-braquial-obstetrica-2\/#primaryimage\"},\"image\":{\"@id\":\"https:\/\/traumaunit.es\/blog\/paralisis-braquial-obstetrica-2\/#primaryimage\"},\"thumbnailUrl\":\"https:\/\/traumaunit.es\/blog\/wp-content\/uploads\/2025\/06\/paralisis-braquial-obstetrica.jpg\",\"datePublished\":\"2025-06-27T10:34:30+00:00\",\"dateModified\":\"2025-06-27T10:34:31+00:00\",\"author\":{\"@id\":\"https:\/\/traumaunit.es\/blog\/#\/schema\/person\/811991b2641aa059a18c7c91104ed992\"},\"description\":\"Las par\u00e1lisis braquiales obst\u00e9tricas se producen en el momento del nacimiento o del parto e incluso en el momento de la ces\u00e1rea.\",\"breadcrumb\":{\"@id\":\"https:\/\/traumaunit.es\/blog\/paralisis-braquial-obstetrica-2\/#breadcrumb\"},\"inLanguage\":\"es\",\"potentialAction\":[{\"@type\":\"ReadAction\",\"target\":[\"https:\/\/traumaunit.es\/blog\/paralisis-braquial-obstetrica-2\/\"]}]},{\"@type\":\"ImageObject\",\"inLanguage\":\"es\",\"@id\":\"https:\/\/traumaunit.es\/blog\/paralisis-braquial-obstetrica-2\/#primaryimage\",\"url\":\"https:\/\/traumaunit.es\/blog\/wp-content\/uploads\/2025\/06\/paralisis-braquial-obstetrica.jpg\",\"contentUrl\":\"https:\/\/traumaunit.es\/blog\/wp-content\/uploads\/2025\/06\/paralisis-braquial-obstetrica.jpg\",\"width\":650,\"height\":270,\"caption\":\"paralisis braquial obstetrica\"},{\"@type\":\"BreadcrumbList\",\"@id\":\"https:\/\/traumaunit.es\/blog\/paralisis-braquial-obstetrica-2\/#breadcrumb\",\"itemListElement\":[{\"@type\":\"ListItem\",\"position\":1,\"name\":\"Portada\",\"item\":\"https:\/\/traumaunit.es\/blog\/\"},{\"@type\":\"ListItem\",\"position\":2,\"name\":\"Par\u00e1lisis braquial obst\u00e9trica\"}]},{\"@type\":\"WebSite\",\"@id\":\"https:\/\/traumaunit.es\/blog\/#website\",\"url\":\"https:\/\/traumaunit.es\/blog\/\",\"name\":\"Blog del Dr Casa\u00f1as - Cirug\u00eda ortop\u00e9dica y traumatolog\u00eda adultos\",\"description\":\"Blog del Doctor Joaquim Casa\u00f1as, especialista de gran prestigio en cirug\u00eda ortop\u00e9dica y traumatolog\u00eda adultos.\",\"potentialAction\":[{\"@type\":\"SearchAction\",\"target\":{\"@type\":\"EntryPoint\",\"urlTemplate\":\"https:\/\/traumaunit.es\/blog\/?s={search_term_string}\"},\"query-input\":{\"@type\":\"PropertyValueSpecification\",\"valueRequired\":true,\"valueName\":\"search_term_string\"}}],\"inLanguage\":\"es\"},{\"@type\":\"Person\",\"@id\":\"https:\/\/traumaunit.es\/blog\/#\/schema\/person\/811991b2641aa059a18c7c91104ed992\",\"name\":\"Dr. Joaqu\u00edn Casa\u00f1as\",\"image\":{\"@type\":\"ImageObject\",\"inLanguage\":\"es\",\"@id\":\"https:\/\/secure.gravatar.com\/avatar\/f24a728ebb8ec26b69321ec2d9352559ad2239c36f32c74fefbeb7c6aa42dcb4?s=96&d=mm&r=g\",\"url\":\"https:\/\/secure.gravatar.com\/avatar\/f24a728ebb8ec26b69321ec2d9352559ad2239c36f32c74fefbeb7c6aa42dcb4?s=96&d=mm&r=g\",\"contentUrl\":\"https:\/\/secure.gravatar.com\/avatar\/f24a728ebb8ec26b69321ec2d9352559ad2239c36f32c74fefbeb7c6aa42dcb4?s=96&d=mm&r=g\",\"caption\":\"Dr. Joaqu\u00edn Casa\u00f1as\"},\"description\":\"Dr. Joaqu\u00edn Casa\u00f1as es un especialista destacado en cirug\u00eda ortop\u00e9dica, traumatolog\u00eda, pero sobre todo en nervio perif\u00e9rico, plexo braquial y cirug\u00eda de la mano, de cuyas 3 especialidades atesora un gran prestigio internacional. Licenciado en Medicina y Cirug\u00eda por la Universidad Central de Barcelona en 1988, complet\u00f3 su formaci\u00f3n como m\u00e9dico residente (MIR) en la Ciudad Sanitaria y Universitaria de Bellvitge. Cuenta con el Diplomado Europeo en Cirug\u00eda de la Mano desde el 2000. Ha trabajado en diversas instituciones, incluyendo el Hospital de Meritxell en Andorra y el Hospital Germans Trias i Pujol de Badalona. Desde 1994, es m\u00e9dico adjunto en el servicio de Cirug\u00eda Ortop\u00e9dica y Traumatolog\u00eda de la Ciudad Sanitaria y Universitaria de Bellvitge. Adem\u00e1s de su pr\u00e1ctica cl\u00ednica, ha contribuido con numerosas publicaciones cient\u00edficas y cap\u00edtulos de libros en su campo. En la actualidad da conferencias en diferentes congresos internacionales en relaci\u00f3n a sus principales especialidades, adem\u00e1s de dirigir Traumaunit, la unidad de traumatolog\u00eda de Teknon en Barcelona.\",\"sameAs\":[\"http:\/\/traumaunit.es\",\"https:\/\/www.youtube.com\/channel\/UCDHOGYWyQKaaLl16Q9ln0hQ\"],\"url\":\"https:\/\/traumaunit.es\/blog\/author\/iamacookie\/\"}]}<\/script>\n<!-- \/ Yoast SEO plugin. -->","yoast_head_json":{"title":"Par\u00e1lisis braquial obst\u00e9trica | Blog del Dr Casa\u00f1as - Cirug\u00eda ortop\u00e9dica y traumatolog\u00eda adultos","description":"Las par\u00e1lisis braquiales obst\u00e9tricas se producen en el momento del nacimiento o del parto e incluso en el momento de la ces\u00e1rea.","robots":{"index":"index","follow":"follow","max-snippet":"max-snippet:-1","max-image-preview":"max-image-preview:large","max-video-preview":"max-video-preview:-1"},"canonical":"https:\/\/traumaunit.es\/blog\/paralisis-braquial-obstetrica-2\/","og_locale":"es_ES","og_type":"article","og_title":"Par\u00e1lisis braquial obst\u00e9trica | Blog del Dr Casa\u00f1as - Cirug\u00eda ortop\u00e9dica y traumatolog\u00eda adultos","og_description":"Las par\u00e1lisis braquiales obst\u00e9tricas se producen en el momento del nacimiento o del parto e incluso en el momento de la ces\u00e1rea.","og_url":"https:\/\/traumaunit.es\/blog\/paralisis-braquial-obstetrica-2\/","og_site_name":"Blog del Dr Casa\u00f1as - Cirug\u00eda ortop\u00e9dica y traumatolog\u00eda adultos","article_publisher":"https:\/\/www.facebook.com\/Dr.Casanas.Traumaunit\/","article_published_time":"2025-06-27T10:34:30+00:00","article_modified_time":"2025-06-27T10:34:31+00:00","og_image":[{"width":650,"height":270,"url":"https:\/\/traumaunit.es\/blog\/wp-content\/uploads\/2025\/06\/paralisis-braquial-obstetrica.jpg","type":"image\/jpeg"}],"author":"Dr. Joaqu\u00edn Casa\u00f1as","twitter_card":"summary_large_image","twitter_misc":{"Escrito por":"Dr. Joaqu\u00edn Casa\u00f1as","Tiempo de lectura":"3 minutos"},"schema":{"@context":"https:\/\/schema.org","@graph":[{"@type":"Article","@id":"https:\/\/traumaunit.es\/blog\/paralisis-braquial-obstetrica-2\/#article","isPartOf":{"@id":"https:\/\/traumaunit.es\/blog\/paralisis-braquial-obstetrica-2\/"},"author":{"name":"Dr. Joaqu\u00edn Casa\u00f1as","@id":"https:\/\/traumaunit.es\/blog\/#\/schema\/person\/811991b2641aa059a18c7c91104ed992"},"headline":"Par\u00e1lisis braquial obst\u00e9trica","datePublished":"2025-06-27T10:34:30+00:00","dateModified":"2025-06-27T10:34:31+00:00","mainEntityOfPage":{"@id":"https:\/\/traumaunit.es\/blog\/paralisis-braquial-obstetrica-2\/"},"wordCount":562,"commentCount":0,"image":{"@id":"https:\/\/traumaunit.es\/blog\/paralisis-braquial-obstetrica-2\/#primaryimage"},"thumbnailUrl":"https:\/\/traumaunit.es\/blog\/wp-content\/uploads\/2025\/06\/paralisis-braquial-obstetrica.jpg","articleSection":["par\u00e1lisis braquial obst\u00e9trica"],"inLanguage":"es","potentialAction":[{"@type":"CommentAction","name":"Comment","target":["https:\/\/traumaunit.es\/blog\/paralisis-braquial-obstetrica-2\/#respond"]}]},{"@type":"WebPage","@id":"https:\/\/traumaunit.es\/blog\/paralisis-braquial-obstetrica-2\/","url":"https:\/\/traumaunit.es\/blog\/paralisis-braquial-obstetrica-2\/","name":"Par\u00e1lisis braquial obst\u00e9trica | Blog del Dr Casa\u00f1as - Cirug\u00eda ortop\u00e9dica y traumatolog\u00eda adultos","isPartOf":{"@id":"https:\/\/traumaunit.es\/blog\/#website"},"primaryImageOfPage":{"@id":"https:\/\/traumaunit.es\/blog\/paralisis-braquial-obstetrica-2\/#primaryimage"},"image":{"@id":"https:\/\/traumaunit.es\/blog\/paralisis-braquial-obstetrica-2\/#primaryimage"},"thumbnailUrl":"https:\/\/traumaunit.es\/blog\/wp-content\/uploads\/2025\/06\/paralisis-braquial-obstetrica.jpg","datePublished":"2025-06-27T10:34:30+00:00","dateModified":"2025-06-27T10:34:31+00:00","author":{"@id":"https:\/\/traumaunit.es\/blog\/#\/schema\/person\/811991b2641aa059a18c7c91104ed992"},"description":"Las par\u00e1lisis braquiales obst\u00e9tricas se producen en el momento del nacimiento o del parto e incluso en el momento de la ces\u00e1rea.","breadcrumb":{"@id":"https:\/\/traumaunit.es\/blog\/paralisis-braquial-obstetrica-2\/#breadcrumb"},"inLanguage":"es","potentialAction":[{"@type":"ReadAction","target":["https:\/\/traumaunit.es\/blog\/paralisis-braquial-obstetrica-2\/"]}]},{"@type":"ImageObject","inLanguage":"es","@id":"https:\/\/traumaunit.es\/blog\/paralisis-braquial-obstetrica-2\/#primaryimage","url":"https:\/\/traumaunit.es\/blog\/wp-content\/uploads\/2025\/06\/paralisis-braquial-obstetrica.jpg","contentUrl":"https:\/\/traumaunit.es\/blog\/wp-content\/uploads\/2025\/06\/paralisis-braquial-obstetrica.jpg","width":650,"height":270,"caption":"paralisis braquial obstetrica"},{"@type":"BreadcrumbList","@id":"https:\/\/traumaunit.es\/blog\/paralisis-braquial-obstetrica-2\/#breadcrumb","itemListElement":[{"@type":"ListItem","position":1,"name":"Portada","item":"https:\/\/traumaunit.es\/blog\/"},{"@type":"ListItem","position":2,"name":"Par\u00e1lisis braquial obst\u00e9trica"}]},{"@type":"WebSite","@id":"https:\/\/traumaunit.es\/blog\/#website","url":"https:\/\/traumaunit.es\/blog\/","name":"Blog del Dr Casa\u00f1as - Cirug\u00eda ortop\u00e9dica y traumatolog\u00eda adultos","description":"Blog del Doctor Joaquim Casa\u00f1as, especialista de gran prestigio en cirug\u00eda ortop\u00e9dica y traumatolog\u00eda adultos.","potentialAction":[{"@type":"SearchAction","target":{"@type":"EntryPoint","urlTemplate":"https:\/\/traumaunit.es\/blog\/?s={search_term_string}"},"query-input":{"@type":"PropertyValueSpecification","valueRequired":true,"valueName":"search_term_string"}}],"inLanguage":"es"},{"@type":"Person","@id":"https:\/\/traumaunit.es\/blog\/#\/schema\/person\/811991b2641aa059a18c7c91104ed992","name":"Dr. Joaqu\u00edn Casa\u00f1as","image":{"@type":"ImageObject","inLanguage":"es","@id":"https:\/\/secure.gravatar.com\/avatar\/f24a728ebb8ec26b69321ec2d9352559ad2239c36f32c74fefbeb7c6aa42dcb4?s=96&d=mm&r=g","url":"https:\/\/secure.gravatar.com\/avatar\/f24a728ebb8ec26b69321ec2d9352559ad2239c36f32c74fefbeb7c6aa42dcb4?s=96&d=mm&r=g","contentUrl":"https:\/\/secure.gravatar.com\/avatar\/f24a728ebb8ec26b69321ec2d9352559ad2239c36f32c74fefbeb7c6aa42dcb4?s=96&d=mm&r=g","caption":"Dr. Joaqu\u00edn Casa\u00f1as"},"description":"Dr. Joaqu\u00edn Casa\u00f1as es un especialista destacado en cirug\u00eda ortop\u00e9dica, traumatolog\u00eda, pero sobre todo en nervio perif\u00e9rico, plexo braquial y cirug\u00eda de la mano, de cuyas 3 especialidades atesora un gran prestigio internacional. Licenciado en Medicina y Cirug\u00eda por la Universidad Central de Barcelona en 1988, complet\u00f3 su formaci\u00f3n como m\u00e9dico residente (MIR) en la Ciudad Sanitaria y Universitaria de Bellvitge. Cuenta con el Diplomado Europeo en Cirug\u00eda de la Mano desde el 2000. Ha trabajado en diversas instituciones, incluyendo el Hospital de Meritxell en Andorra y el Hospital Germans Trias i Pujol de Badalona. Desde 1994, es m\u00e9dico adjunto en el servicio de Cirug\u00eda Ortop\u00e9dica y Traumatolog\u00eda de la Ciudad Sanitaria y Universitaria de Bellvitge. Adem\u00e1s de su pr\u00e1ctica cl\u00ednica, ha contribuido con numerosas publicaciones cient\u00edficas y cap\u00edtulos de libros en su campo. En la actualidad da conferencias en diferentes congresos internacionales en relaci\u00f3n a sus principales especialidades, adem\u00e1s de dirigir Traumaunit, la unidad de traumatolog\u00eda de Teknon en Barcelona.","sameAs":["http:\/\/traumaunit.es","https:\/\/www.youtube.com\/channel\/UCDHOGYWyQKaaLl16Q9ln0hQ"],"url":"https:\/\/traumaunit.es\/blog\/author\/iamacookie\/"}]}},"_links":{"self":[{"href":"https:\/\/traumaunit.es\/blog\/wp-json\/wp\/v2\/posts\/2874","targetHints":{"allow":["GET"]}}],"collection":[{"href":"https:\/\/traumaunit.es\/blog\/wp-json\/wp\/v2\/posts"}],"about":[{"href":"https:\/\/traumaunit.es\/blog\/wp-json\/wp\/v2\/types\/post"}],"author":[{"embeddable":true,"href":"https:\/\/traumaunit.es\/blog\/wp-json\/wp\/v2\/users\/5"}],"replies":[{"embeddable":true,"href":"https:\/\/traumaunit.es\/blog\/wp-json\/wp\/v2\/comments?post=2874"}],"version-history":[{"count":4,"href":"https:\/\/traumaunit.es\/blog\/wp-json\/wp\/v2\/posts\/2874\/revisions"}],"predecessor-version":[{"id":2881,"href":"https:\/\/traumaunit.es\/blog\/wp-json\/wp\/v2\/posts\/2874\/revisions\/2881"}],"wp:featuredmedia":[{"embeddable":true,"href":"https:\/\/traumaunit.es\/blog\/wp-json\/wp\/v2\/media\/2876"}],"wp:attachment":[{"href":"https:\/\/traumaunit.es\/blog\/wp-json\/wp\/v2\/media?parent=2874"}],"wp:term":[{"taxonomy":"category","embeddable":true,"href":"https:\/\/traumaunit.es\/blog\/wp-json\/wp\/v2\/categories?post=2874"},{"taxonomy":"post_tag","embeddable":true,"href":"https:\/\/traumaunit.es\/blog\/wp-json\/wp\/v2\/tags?post=2874"}],"curies":[{"name":"wp","href":"https:\/\/api.w.org\/{rel}","templated":true}]}}