{"id":3133,"date":"2026-03-13T21:37:43","date_gmt":"2026-03-13T21:37:43","guid":{"rendered":"https:\/\/traumaunit.es\/blog\/?p=3133"},"modified":"2026-03-11T11:32:12","modified_gmt":"2026-03-11T11:32:12","slug":"neurorrehabilitacion-de-fractura-de-vertebras-guia-completa-para-la-recuperacion","status":"publish","type":"post","link":"https:\/\/traumaunit.es\/blog\/neurorrehabilitacion-de-fractura-de-vertebras-guia-completa-para-la-recuperacion\/","title":{"rendered":"Neurorrehabilitaci\u00f3n de fractura de v\u00e9rtebras: Gu\u00eda completa para la recuperaci\u00f3n"},"content":{"rendered":"\n<p>La neurorrehabilitaci\u00f3n es fundamental para la recuperaci\u00f3n de pacientes con fracturas vertebrales. Estas lesiones pueden afectar la calidad de vida y requieren un enfoque integral para restaurar la funcionalidad. El equipo de neurorrehabilitaci\u00f3n de <a href=\"https:\/\/traumaunit.es\/traumaunit\">Traumaunit<\/a>, situado en Cl\u00ednica Teknon, Barcelona, se centra en el tratamiento de fracturas, independientemente de su localizaci\u00f3n. Este art\u00edculo aborda los diversos aspectos de la neurorrehabilitaci\u00f3n para pacientes con fracturas vertebrales, incluyendo la evaluaci\u00f3n inicial y los tratamientos especializados.<\/p>\n\n\n\n<p>Os dejamos una serie de videos en los que David Rios, del<a href=\"https:\/\/traumaunit.es\/neurorehabilitacion\"> \u00c1rea de Neurorrehabilitaci\u00f3n<\/a>, nos explica sobre la rehabilitaci\u00f3n de una persona que ha sufrido una fractura de v\u00e9rtebras.<\/p>\n\n\n\n<figure class=\"wp-block-embed is-type-video is-provider-youtube wp-block-embed-youtube wp-embed-aspect-16-9 wp-has-aspect-ratio\"><div class=\"wp-block-embed__wrapper\">\n<iframe loading=\"lazy\" title=\"tratamiento neurorrehabilitacio\u0301n para paciente con fractura de vertebras (1de 3)\" width=\"960\" height=\"540\" src=\"https:\/\/www.youtube.com\/embed\/Rsy1FoVG5bU?feature=oembed\" frameborder=\"0\" allow=\"accelerometer; autoplay; clipboard-write; encrypted-media; gyroscope; picture-in-picture; web-share\" referrerpolicy=\"strict-origin-when-cross-origin\" allowfullscreen><\/iframe>\n<\/div><\/figure>\n\n\n\n<h2 class=\"wp-block-heading\">Tipos y caracter\u00edsticas de las fracturas vertebrales<\/h2>\n\n\n\n<p>Las fracturas vertebrales son lesiones que afectan la estructura de la columna, siendo clasificables en diferentes tipos seg\u00fan su mec\u00e1nica de lesi\u00f3n y los segmentos involucrados. A continuaci\u00f3n, se describen las clasificaciones m\u00e1s relevantes.<\/p>\n\n\n\n<h3 class=\"wp-block-heading\">Clasificaci\u00f3n seg\u00fan el tipo de lesi\u00f3n<\/h3>\n\n\n\n<h4 class=\"wp-block-heading\">Fracturas por compresi\u00f3n<\/h4>\n\n\n\n<p>Las fracturas por compresi\u00f3n ocurren cuando una v\u00e9rtebra se aplana debido a una carga excesiva, provocando un colapso en su altura. Este tipo de fractura es com\u00fan en pacientes con osteoporosis, donde la fragilidad \u00f3sea incrementa el riesgo de lesiones incluso con traumas menores.<\/p>\n\n\n\n<h4 class=\"wp-block-heading\">Fracturas por estallido<\/h4>\n\n\n\n<p>En contraste, las fracturas por estallido son m\u00e1s severas. Estas se producen por un impacto directo que causa una rotura en m\u00faltiples partes de la v\u00e9rtebra. Generalmente, se asocian a traumatismos de alta energ\u00eda, como en accidentes de tr\u00e1fico o ca\u00eddas desde gran altura.<\/p>\n\n\n\n<h4 class=\"wp-block-heading\">Fracturas por estr\u00e9s<\/h4>\n\n\n\n<p>Las fracturas por estr\u00e9s son microfracturas que resultan del uso repetitivo o sobrecargas cr\u00f3nicas. Con frecuencia afectan a atletas o personas con actividades laborales que implican esfuerzos continuos sobre la columna vertebral.<\/p>\n\n\n\n<h3 class=\"wp-block-heading\">Segmentos afectados: columna cervical, tor\u00e1cica y lumbar<\/h3>\n\n\n\n<p>Las fracturas pueden presentarse en diversos segmentos de la columna vertebral, cada uno con sus particularidades. <\/p>\n\n\n<div class=\"wp-block-image\">\n<figure class=\"alignright size-full\"><a href=\"https:\/\/traumaunit.es\/blog\/wp-content\/uploads\/2026\/03\/tratamiento-neurorrehabilitacion.jpg\"><img loading=\"lazy\" decoding=\"async\" width=\"350\" height=\"183\" src=\"https:\/\/traumaunit.es\/blog\/wp-content\/uploads\/2026\/03\/tratamiento-neurorrehabilitacion.jpg\" alt=\"\" class=\"wp-image-3151\"\/><\/a><\/figure>\n<\/div>\n\n\n<p>La columna cervical, que incluye las siete v\u00e9rtebras del cuello, puede verse comprometida en traumas severos. Por su parte, la zona tor\u00e1cica es m\u00e1s susceptible a fracturas por compresi\u00f3n, mientras que la columna lumbar es frecuente en lesiones por estallido debido a su localizaci\u00f3n y funci\u00f3n de soporte de peso.<\/p>\n\n\n\n<h3 class=\"wp-block-heading\">Implicaciones neurol\u00f3gicas en las fracturas vertebrales<\/h3>\n\n\n\n<p>Cualquiera de estos tipos de fracturas puede tener implicaciones neurol\u00f3gicas significativas. La compresi\u00f3n del canal espinal o la afectaci\u00f3n de ra\u00edces nerviosas puede dar lugar a s\u00edntomas como debilidad, entumecimiento o dolor irradiado a extremidades. La evaluaci\u00f3n precoz de estas complicaciones es esencial para determinar el tratamiento adecuado y prevenir secuelas a largo plazo.<\/p>\n\n\n\n<h2 class=\"wp-block-heading\">Diagn\u00f3stico y evaluaci\u00f3n inicial de las fracturas<\/h2>\n\n\n\n<p>La identificaci\u00f3n precisa de fracturas vertebrales es esencial para determinar el tratamiento adecuado y la rehabilitaci\u00f3n posterior. La historia cl\u00ednica, las pruebas de imagen y la evaluaci\u00f3n funcional son pr\u00e1cticas clave en este proceso.<\/p>\n\n\n\n<h3 class=\"wp-block-heading\">Historia cl\u00ednica y s\u00edntomas caracter\u00edsticos<\/h3>\n\n\n\n<p>El primer paso en el diagn\u00f3stico implica una exhaustiva recogida de informaci\u00f3n m\u00e9dica del paciente. Se debe prestar atenci\u00f3n a:<\/p>\n\n\n\n<ul class=\"wp-block-list\">\n<li>Antecedentes de traumatismos o ca\u00eddas recientes.<\/li>\n\n\n\n<li>Descripci\u00f3n del dolor, incluyendo su localizaci\u00f3n, intensidad y caracter\u00edsticas.<\/li>\n\n\n\n<li>S\u00edntomas neurol\u00f3gicos como debilidad, entumecimiento o alteraciones en la movilidad.<\/li>\n<\/ul>\n\n\n\n<p>Estos datos son cruciales para entender la gravedad y el tipo de fractura que puede estar presente.<\/p>\n\n\n\n<h3 class=\"wp-block-heading\">T\u00e9cnicas de imagen en fracturas vertebrales<\/h3>\n\n\n\n<p>El uso de t\u00e9cnicas de imagen avanzadas permite una evaluaci\u00f3n detallada de las fracturas. Las siguientes modalidades son las m\u00e1s comunes:<\/p>\n\n\n\n<h4 class=\"wp-block-heading\">Radiograf\u00edas<\/h4>\n\n\n\n<p>Son generalmente el primer estudio realizado. Permiten visualizar alineaci\u00f3n vertebral, desplazamientos y signos de fractura.<\/p>\n\n\n<div class=\"wp-block-image\">\n<figure class=\"alignleft size-full\"><a href=\"https:\/\/traumaunit.es\/blog\/wp-content\/uploads\/2026\/03\/radiografia-columna-vertebral.jpg\"><img loading=\"lazy\" decoding=\"async\" width=\"350\" height=\"234\" src=\"https:\/\/traumaunit.es\/blog\/wp-content\/uploads\/2026\/03\/radiografia-columna-vertebral.jpg\" alt=\"radiografia fractura vertebras\" class=\"wp-image-3153\"\/><\/a><\/figure>\n<\/div>\n\n\n<h4 class=\"wp-block-heading\">Tomograf\u00eda computarizada (TC)<\/h4>\n\n\n\n<p>Se utiliza en casos donde las radiograf\u00edas no ofrecen suficiente informaci\u00f3n. La TC proporciona detalles sobre las estructuras \u00f3seas y puede detectar fracturas no visibles en radiograf\u00edas convencionales.<\/p>\n\n\n\n<h4 class=\"wp-block-heading\">Resonancia magn\u00e9tica (RM)<\/h4>\n\n\n\n<p>Es fundamental para evaluar el da\u00f1o en tejidos blandos y la posible compresi\u00f3n de estructuras neurol\u00f3gicas. La RM ofrece una perspectiva completa del estado de la columna vertebral.<\/p>\n\n\n\n<h3 class=\"wp-block-heading\">Valoraci\u00f3n funcional y neurol\u00f3gica del paciente<\/h3>\n\n\n\n<p>Una vez realizadas las pruebas de imagen, es clave analizar la funcionalidad del paciente. Esto incluye:<\/p>\n\n\n\n<ul class=\"wp-block-list\">\n<li>Evaluaci\u00f3n de la movilidad y fuerza en extremidades.<\/li>\n\n\n\n<li>An\u00e1lisis de los reflejos y sensaci\u00f3n.<\/li>\n\n\n\n<li>Valoraci\u00f3n del impacto funcional en las actividades diarias.<\/li>\n<\/ul>\n\n\n\n<p>Esta evaluaci\u00f3n permite establecer un punto de partida para la posterior rehabilitaci\u00f3n y el seguimiento del paciente.<\/p>\n\n\n\n<figure class=\"wp-block-embed is-type-video is-provider-youtube wp-block-embed-youtube wp-embed-aspect-16-9 wp-has-aspect-ratio\"><div class=\"wp-block-embed__wrapper\">\n<iframe loading=\"lazy\" title=\"tratamiento neurorrehabilitacio\u0301n para paciente con fractura de vertebras (2 de 3)\" width=\"960\" height=\"540\" src=\"https:\/\/www.youtube.com\/embed\/DoJwCL3qusg?feature=oembed\" frameborder=\"0\" allow=\"accelerometer; autoplay; clipboard-write; encrypted-media; gyroscope; picture-in-picture; web-share\" referrerpolicy=\"strict-origin-when-cross-origin\" allowfullscreen><\/iframe>\n<\/div><\/figure>\n\n\n\n<h2 class=\"wp-block-heading\">Tratamientos m\u00e9dicos y quir\u00fargicos<\/h2>\n\n\n\n<p>La atenci\u00f3n integral para las fracturas vertebrales requiere una combinaci\u00f3n de tratamientos m\u00e9dicos y quir\u00fargicos, adaptados a las caracter\u00edsticas espec\u00edficas de cada lesi\u00f3n.<\/p>\n\n\n\n<h3 class=\"wp-block-heading\">Tratamiento conservador y manejo del dolor<\/h3>\n\n\n\n<p>El enfoque inicial en el tratamiento de fracturas vertebrales, especialmente en casos estables, suele ser conservador. Este m\u00e9todo se utiliza para reducir el dolor y facilitar la recuperaci\u00f3n del paciente.<\/p>\n\n\n\n<h4 class=\"wp-block-heading\">Protocolos para el dolor lumbar asociado<\/h4>\n\n\n\n<p>El manejo del dolor lumbar es fundamental. Se pueden utilizar medicamentos antiinflamatorios no esteroides (AINE) y analg\u00e9sicos, junto con terapia f\u00edsica. Los profesionales dise\u00f1an un plan de tratamiento personalizado seg\u00fan la situaci\u00f3n del paciente.<\/p>\n\n\n\n<h4 class=\"wp-block-heading\">Inmovilizaci\u00f3n con cors\u00e9s y ortesis<\/h4>\n\n\n<div class=\"wp-block-image\">\n<figure class=\"alignright size-full\"><a href=\"https:\/\/traumaunit.es\/blog\/wp-content\/uploads\/2026\/03\/tratamiento-ortesis-y-corse.jpg\"><img loading=\"lazy\" decoding=\"async\" width=\"350\" height=\"233\" src=\"https:\/\/traumaunit.es\/blog\/wp-content\/uploads\/2026\/03\/tratamiento-ortesis-y-corse.jpg\" alt=\"\" class=\"wp-image-3155\"\/><\/a><\/figure>\n<\/div>\n\n\n<p>Para estabilizar la columna y limitar el movimiento en la zona afectada, se emplean cors\u00e9s y ortesis. Estos dispositivos ayudan a proporcionar un soporte estructural mientras se favorece la curaci\u00f3n.<\/p>\n\n\n\n<h3 class=\"wp-block-heading\">Indicaciones para la cirug\u00eda en fracturas vertebrales<\/h3>\n\n\n\n<p>En casos donde la fractura es inestable o afecta la funci\u00f3n neurol\u00f3gica, puede ser necesaria la intervenci\u00f3n quir\u00fargica. Este procedimiento busca restaurar la estabilidad vertebral y aliviar la compresi\u00f3n sobre las estructuras nerviosas.<\/p>\n\n\n\n<h4 class=\"wp-block-heading\">T\u00e9cnicas quir\u00fargicas para estabilizaci\u00f3n vertebral<\/h4>\n\n\n\n<p>Las t\u00e9cnicas quir\u00fargicas, como la vertebroplast\u00eda o la cifoplast\u00eda, se utilizan para estabilizar la v\u00e9rtebra da\u00f1ada. Estos procedimientos pueden aliviar el dolor y devolver la movilidad funcional.<\/p>\n\n\n\n<h4 class=\"wp-block-heading\">Manejo de lesiones del canal lumbar y compresi\u00f3n nerviosa<\/h4>\n\n\n\n<p>Cuando hay da\u00f1o en el canal lumbar o en las ra\u00edces nerviosas, la descompresi\u00f3n quir\u00fargica es esencial. Se realizan abordajes espec\u00edficos para liberar la presi\u00f3n y permitir la recuperaci\u00f3n neurol\u00f3gica.<\/p>\n\n\n\n<h3 class=\"wp-block-heading\">Papel del equipo m\u00e9dico de Traumaunit en la planificaci\u00f3n<\/h3>\n\n\n\n<p>El equipo m\u00e9dico de Traumaunit juega un papel crucial en la evaluaci\u00f3n y planificaci\u00f3n del tratamiento. Con un enfoque multidisciplinario, se asegura que cada paciente reciba la atenci\u00f3n m\u00e1s adecuada para su recuperaci\u00f3n.<\/p>\n\n\n\n<h2 class=\"wp-block-heading\">Proceso de neurorrehabilitaci\u00f3n tras fractura vertebral<\/h2>\n\n\n\n<p class=\"has-text-align-left\">La neurorrehabilitaci\u00f3n es fundamental para la recuperaci\u00f3n \u00f3ptima tras una fractura vertebral. Este proceso se organiza en varias etapas, cada una de ellas destinada a mejorar la funci\u00f3n del paciente y facilitar su reintegraci\u00f3n a la vida diaria.<\/p>\n\n\n\n<h3 class=\"wp-block-heading\">Evaluaci\u00f3n funcional inicial y dise\u00f1o del plan de rehabilitaci\u00f3n<\/h3>\n\n\n<div class=\"wp-block-image\">\n<figure class=\"alignright size-full\"><a href=\"https:\/\/traumaunit.es\/blog\/wp-content\/uploads\/2026\/03\/neurorrehabilitacion-Traumaunit.jpg\"><img loading=\"lazy\" decoding=\"async\" width=\"350\" height=\"199\" src=\"https:\/\/traumaunit.es\/blog\/wp-content\/uploads\/2026\/03\/neurorrehabilitacion-Traumaunit.jpg\" alt=\"\" class=\"wp-image-3149\"\/><\/a><\/figure>\n<\/div>\n\n\n<p>El primer paso es realizar una evaluaci\u00f3n exhaustiva del estado del paciente. Esto implica valorar sus capacidades motoras, fuerza y la presencia de s\u00edntomas neurol\u00f3gicos. A partir de esta valoraci\u00f3n, se elabora un plan de rehabilitaci\u00f3n personalizado que abarca los distintos aspectos de la recuperaci\u00f3n.<\/p>\n\n\n\n<h3 class=\"wp-block-heading\">Terapia f\u00edsica y ejercicios para mejorar la movilidad<\/h3>\n\n\n\n<p>La terapia f\u00edsica es un pilar esencial en la rehabilitaci\u00f3n. Se propone un conjunto de ejercicios adaptados a las necesidades del paciente, que a continuaci\u00f3n se detallan:<\/p>\n\n\n\n<h4 class=\"wp-block-heading\">Ejercicios de movilidad suave para la columna lumbar<\/h4>\n\n\n\n<ul class=\"wp-block-list\">\n<li>Movimientos controlados para aumentar la flexibilidad.<\/li>\n\n\n\n<li>Actividades que promuevan el movimiento sin dolor ni esfuerzo excesivo.<\/li>\n<\/ul>\n\n\n\n<h4 class=\"wp-block-heading\">Fortalecimiento de la musculatura dorsal baja<\/h4>\n\n\n\n<ul class=\"wp-block-list\">\n<li>Ejercicios espec\u00edficos para los m\u00fasculos que soportan la columna.<\/li>\n\n\n\n<li>Fomentar la estabilidad y prevenir futuras lesiones.<\/li>\n<\/ul>\n\n\n\n<figure class=\"wp-block-embed is-type-video is-provider-youtube wp-block-embed-youtube wp-embed-aspect-16-9 wp-has-aspect-ratio\"><div class=\"wp-block-embed__wrapper\">\n<iframe loading=\"lazy\" title=\"tratamiento neurorrehabilitacio\u0301n para paciente con fractura de vertebras (3 de 3)\" width=\"960\" height=\"540\" src=\"https:\/\/www.youtube.com\/embed\/ZvIl2vRSrO8?feature=oembed\" frameborder=\"0\" allow=\"accelerometer; autoplay; clipboard-write; encrypted-media; gyroscope; picture-in-picture; web-share\" referrerpolicy=\"strict-origin-when-cross-origin\" allowfullscreen><\/iframe>\n<\/div><\/figure>\n\n\n\n<h4 class=\"wp-block-heading\">Estiramientos para mejorar la flexibilidad y postura<\/h4>\n\n\n\n<ul class=\"wp-block-list\">\n<li>Estiramientos que alivian tensiones acumuladas.<\/li>\n\n\n\n<li>Mejorar la postura general y la movilidad del paciente.<\/li>\n<\/ul>\n\n\n\n<h3 class=\"wp-block-heading\">Terapia ocupacional para recuperar actividades cotidianas<\/h3>\n\n\n\n<p>El enfoque en la terapia ocupacional busca facilitar que los pacientes retomen sus actividades diarias. Esta parte del proceso se centra en adaptar las tareas a las capacidades individuales del paciente, garantizando as\u00ed una reintegraci\u00f3n efectiva.<\/p>\n\n\n\n<h3 class=\"wp-block-heading\">Intervenci\u00f3n en el equilibrio y prevenci\u00f3n de ca\u00eddas<\/h3>\n\n\n\n<p>Para evitar ca\u00eddas, un aspecto cr\u00edtico en la rehabilitaci\u00f3n es la mejora del equilibrio. Se implementan ejercicios que refuercen la estabilidad y confianza del paciente en sus movimientos. Tambi\u00e9n se ofrecen pautas pr\u00e1cticas para el entorno diario, lo que complementa la recuperaci\u00f3n.<\/p>\n\n\n\n<h2 class=\"wp-block-heading\">Manejo del dolor  durante la recuperaci\u00f3n<\/h2>\n\n\n\n<p>El control del dolor es esencial para la recuperaci\u00f3n de pacientes con fracturas vertebrales. <\/p>\n\n\n\n<h3 class=\"wp-block-heading\">Estrategias farmacol\u00f3gicas para el dolor lumbar y dorsal<\/h3>\n\n\n\n<p>El manejo del dolor se aborda principalmente a trav\u00e9s de diversas estrategias farmacol\u00f3gicas. Estas pueden incluir:<\/p>\n\n\n\n<ul class=\"wp-block-list\">\n<li>Analg\u00e9sicos: Medicamentos como el paracetamol y los antiinflamatorios no esteroideos (AINEs) ayudan a reducir el dolor y la inflamaci\u00f3n.<\/li>\n\n\n\n<li>Opioides: En casos de dolor intenso, se pueden considerar opioides bajo estricta supervisi\u00f3n m\u00e9dica.<\/li>\n\n\n\n<li>Medicamentos adyuvantes: Los antidepresivos y anticonvulsivos tambi\u00e9n pueden ser \u00fatiles para el manejo del dolor cr\u00f3nico.<\/li>\n<\/ul>\n\n\n\n<h3 class=\"wp-block-heading\">Tratamiento en unidades del dolor y soporte multidisciplinar<\/h3>\n\n\n\n<p>En algunas situaciones, es necesario acudir a unidades de tratamiento del dolor. Estas ofrecen una atenci\u00f3n especializada que incluye:<\/p>\n\n\n\n<ul class=\"wp-block-list\">\n<li>Terapias intervencionistas: Procedimientos como bloqueos nerviosos pueden ser utilizados para aliviar el dolor agudo o persistente.<\/li>\n\n\n\n<li>Acompa\u00f1amiento por un equipo multidisciplinario: Este equipo est\u00e1 compuesto por m\u00e9dicos, fisioterapeutas y psic\u00f3logos, que trabajan de manera conjunta para optimizar la recuperaci\u00f3n.<\/li>\n<\/ul>\n\n\n\n<h2 class=\"wp-block-heading\">Recomendaciones post-rehabilitaci\u00f3n y prevenci\u00f3n de nuevas lesiones<\/h2>\n\n\n<div class=\"wp-block-image\">\n<figure class=\"alignleft size-full is-resized\"><a href=\"https:\/\/traumaunit.es\/blog\/wp-content\/uploads\/2026\/03\/tratamiento-fractura-vertebras-1.jpg\"><img loading=\"lazy\" decoding=\"async\" width=\"400\" height=\"215\" src=\"https:\/\/traumaunit.es\/blog\/wp-content\/uploads\/2026\/03\/tratamiento-fractura-vertebras-1.jpg\" alt=\"\" class=\"wp-image-3145\" style=\"aspect-ratio:1.8605567873860558;width:322px;height:auto\"\/><\/a><\/figure>\n<\/div>\n\n\n<p>La fase de post-rehabilitaci\u00f3n es crucial para asegurar una recuperaci\u00f3n adecuada y minimizar el riesgo de nuevas lesiones. A continuaci\u00f3n, se presentan algunas recomendaciones importantes.<\/p>\n\n\n\n<h3 class=\"wp-block-heading\">Indicaciones para mantener la estabilidad vertebral una vez consolidada la fractura<\/h3>\n\n\n\n<p>Una vez que la fractura ha consolidado, es esencial seguir ciertas pautas para garantizar la estabilidad de la columna. Estas son algunas indicaciones clave:<\/p>\n\n\n\n<ul class=\"wp-block-list\">\n<li>Mantener una correcta alineaci\u00f3n postural en actividades diarias.<\/li>\n\n\n\n<li>Evitar cargas excesivas que puedan aumentar la presi\u00f3n sobre las v\u00e9rtebras.<\/li>\n\n\n\n<li>Realizar chequeos peri\u00f3dicos para evaluar el estado de la columna vertebral.<\/li>\n<\/ul>\n\n\n\n<h3 class=\"wp-block-heading\">Educaci\u00f3n al paciente sobre postura y cuidado de la columna<\/h3>\n\n\n\n<p>Informar sobre la importancia de la postura es fundamental en la recuperaci\u00f3n. Se recomienda lo siguiente:<\/p>\n\n\n\n<ul class=\"wp-block-list\">\n<li>Adoptar posiciones adecuadas al sentarse y levantarse.<\/li>\n\n\n\n<li>Utilizar mobiliario que favorezca la ergonom\u00eda, como sillas con soporte lumbar.<\/li>\n\n\n\n<li>Incorporar ejercicios de fortalecimiento de la musculatura abdominal y de la espalda.<\/li>\n<\/ul>\n\n\n\n<h3 class=\"wp-block-heading\">Actividades f\u00edsicas recomendadas para la vida diaria y recuperaci\u00f3n funcional<\/h3>\n\n\n\n<p>Una vez que el paciente se sienta preparado, se pueden integrar diversas actividades f\u00edsicas para mejorar la funcionalidad:<\/p>\n\n\n\n<ul class=\"wp-block-list\">\n<li>Caminar regularmente, empezando con distancias cortas y aumentando progresivamente.<\/li>\n\n\n\n<li>Realizar estiramientos suaves para mantener la flexibilidad en la columna.<\/li>\n\n\n\n<li>Incluir ejercicios de fortalecimiento que no impliquen impactos, como la nataci\u00f3n.<\/li>\n<\/ul>\n\n\n\n<h2 class=\"wp-block-heading\">Casos cl\u00ednicos y experiencias en neurorrehabilitaci\u00f3n<\/h2>\n\n\n\n<p>La experiencia adquirida en la rehabilitaci\u00f3n de pacientes con fracturas vertebrales proporciona valiosas lecciones y enfoques para mejorar los resultados. A continuaci\u00f3n, se presentan casos cl\u00ednicos que ilustran este proceso.<\/p>\n\n\n<div class=\"wp-block-image\">\n<figure class=\"alignright size-full is-resized\"><a href=\"https:\/\/traumaunit.es\/blog\/wp-content\/uploads\/2026\/03\/neurorrehabilitacion.jpg\"><img loading=\"lazy\" decoding=\"async\" width=\"450\" height=\"254\" src=\"https:\/\/traumaunit.es\/blog\/wp-content\/uploads\/2026\/03\/neurorrehabilitacion.jpg\" alt=\"\" class=\"wp-image-3140\" style=\"width:385px;height:auto\"\/><\/a><\/figure>\n<\/div>\n\n\n<h3 class=\"wp-block-heading\">Ejemplo de paciente con fractura en L1 y L4 tras ca\u00edda<\/h3>\n\n\n\n<p>Un paciente masculino de 58 a\u00f1os sufri\u00f3 una ca\u00edda desde una altura moderada, diagnostic\u00e1ndose fracturas en L1 y L4. A la llegada a la cl\u00ednica, se presentaba con dolor intenso y limitaciones funcionales significativas. Tras un diagn\u00f3stico por imagen, se elabor\u00f3 un plan de tratamiento que inclu\u00eda tanto intervenciones m\u00e9dicas como un enfoque rehabilitador.<\/p>\n\n\n\n<h3 class=\"wp-block-heading\">Seguimiento del proceso de recuperaci\u00f3n y resultados funcionales<\/h3>\n\n\n\n<p>Durante el proceso de neurorrehabilitaci\u00f3n, el paciente experiment\u00f3 una evoluci\u00f3n positiva. Las sesiones de fisioterapia se centraron en:<\/p>\n\n\n\n<ul class=\"wp-block-list\">\n<li>Movilidad articular para reducir la rigidez.<\/li>\n\n\n\n<li>Ejercicios de fortalecimiento que enfocaron en el core y la musculatura lumbar.<\/li>\n\n\n\n<li>Controles semanales para evaluar el progreso y ajustar el plan de tratamiento seg\u00fan fuese necesario.<\/li>\n<\/ul>\n\n\n\n<p>Despu\u00e9s de tres meses, el paciente logr\u00f3 recuperar la movilidad necesaria para realizar actividades diarias con menor dolor y mayor independencia.<\/p>\n\n\n\n<h3 class=\"wp-block-heading\">Lecciones aprendidas y pautas para futuros casos<\/h3>\n\n\n\n<p>La experiencia con este caso resalta la importancia de un enfoque multidisciplinario. La comunicaci\u00f3n entre fisioterapeutas, m\u00e9dicos  result\u00f3 esencial. Las claves para el \u00e9xito incluyeron:<\/p>\n\n\n\n<ul class=\"wp-block-list\">\n<li>Una evaluaci\u00f3n inicial exhaustiva que guiara el dise\u00f1o del tratamiento.<\/li>\n\n\n\n<li>Ajustes regulares en el plan de rehabilitaci\u00f3n seg\u00fan la progresi\u00f3n del paciente.<\/li>\n<\/ul>\n\n\n\n<p>Implementar estos aprendizajes en futuros casos puede optimizar los resultados y mejorar la experiencia del paciente durante su recuperaci\u00f3n.<\/p>\n\n\n\n<p>En <a href=\"https:\/\/traumaunit.es\/\">Traumaunit<\/a> tenemos una <a href=\"https:\/\/traumaunit.es\/neurorehabilitacion\">Unidad de Neurorrehabilitaci\u00f3n<\/a> para tratar todas las secuelas tras una lesi\u00f3n de fractura de v\u00e9rtebras.<\/p>\n","protected":false},"excerpt":{"rendered":"<p>La neurorrehabilitaci\u00f3n es fundamental para la recuperaci\u00f3n de pacientes con fracturas vertebrales. Estas lesiones pueden afectar la calidad de vida y requieren un enfoque integral para restaurar la funcionalidad. El equipo de neurorrehabilitaci\u00f3n de Traumaunit, situado en Cl\u00ednica Teknon, Barcelona, se centra en el tratamiento de fracturas, independientemente de su localizaci\u00f3n. Este art\u00edculo aborda los diversos aspectos de la neurorrehabilitaci\u00f3n para pacientes con fracturas vertebrales, incluyendo la evaluaci\u00f3n inicial y los tratamientos especializados. Os dejamos una serie de videos en los que David Rios, del \u00c1rea de Neurorrehabilitaci\u00f3n, nos explica sobre la rehabilitaci\u00f3n de una persona que ha sufrido una&#8230;<\/p>\n","protected":false},"author":5,"featured_media":3138,"comment_status":"open","ping_status":"closed","sticky":false,"template":"","format":"standard","meta":{"footnotes":""},"categories":[170],"tags":[],"class_list":["post-3133","post","type-post","status-publish","format-standard","has-post-thumbnail","hentry","category-neurorrehabilitacion"],"yoast_head":"<!-- This site is optimized with the Yoast SEO plugin v27.2 - https:\/\/yoast.com\/product\/yoast-seo-wordpress\/ -->\n<title>Neurorrehabilitaci\u00f3n de fractura de v\u00e9rtebras: Gu\u00eda completa para la recuperaci\u00f3n | Blog del Dr Casa\u00f1as - Cirug\u00eda ortop\u00e9dica y traumatolog\u00eda adultos<\/title>\n<meta name=\"description\" content=\"La neurorrehabilitaci\u00f3n es fundamental para la recuperaci\u00f3n de pacientes con fracturas vertebrales que pueden afectar la calidad de vida.\" \/>\n<meta name=\"robots\" content=\"index, follow, max-snippet:-1, max-image-preview:large, max-video-preview:-1\" \/>\n<link rel=\"canonical\" href=\"https:\/\/traumaunit.es\/blog\/neurorrehabilitacion-de-fractura-de-vertebras-guia-completa-para-la-recuperacion\/\" \/>\n<meta property=\"og:locale\" content=\"es_ES\" \/>\n<meta property=\"og:type\" content=\"article\" \/>\n<meta property=\"og:title\" content=\"Neurorrehabilitaci\u00f3n de fractura de v\u00e9rtebras: Gu\u00eda completa para la recuperaci\u00f3n | Blog del Dr Casa\u00f1as - Cirug\u00eda ortop\u00e9dica y traumatolog\u00eda adultos\" \/>\n<meta property=\"og:description\" content=\"La neurorrehabilitaci\u00f3n es fundamental para la recuperaci\u00f3n de pacientes con fracturas vertebrales que pueden afectar la calidad de vida.\" \/>\n<meta property=\"og:url\" content=\"https:\/\/traumaunit.es\/blog\/neurorrehabilitacion-de-fractura-de-vertebras-guia-completa-para-la-recuperacion\/\" \/>\n<meta property=\"og:site_name\" content=\"Blog del Dr Casa\u00f1as - Cirug\u00eda ortop\u00e9dica y traumatolog\u00eda adultos\" \/>\n<meta property=\"article:publisher\" content=\"https:\/\/www.facebook.com\/Dr.Casanas.Traumaunit\/\" \/>\n<meta property=\"article:published_time\" content=\"2026-03-13T21:37:43+00:00\" \/>\n<meta property=\"og:image\" content=\"https:\/\/traumaunit.es\/blog\/wp-content\/uploads\/2026\/03\/neurorrehabilitacion-fractura-vertebras.jpg\" \/>\n\t<meta property=\"og:image:width\" content=\"650\" \/>\n\t<meta property=\"og:image:height\" content=\"311\" \/>\n\t<meta property=\"og:image:type\" content=\"image\/jpeg\" \/>\n<meta name=\"author\" content=\"Dr. Joaqu\u00edn Casa\u00f1as\" \/>\n<meta name=\"twitter:card\" content=\"summary_large_image\" \/>\n<meta name=\"twitter:label1\" content=\"Escrito por\" \/>\n\t<meta name=\"twitter:data1\" content=\"Dr. Joaqu\u00edn Casa\u00f1as\" \/>\n\t<meta name=\"twitter:label2\" content=\"Tiempo de lectura\" \/>\n\t<meta name=\"twitter:data2\" content=\"11 minutos\" \/>\n<script type=\"application\/ld+json\" class=\"yoast-schema-graph\">{\"@context\":\"https:\/\/schema.org\",\"@graph\":[{\"@type\":\"Article\",\"@id\":\"https:\/\/traumaunit.es\/blog\/neurorrehabilitacion-de-fractura-de-vertebras-guia-completa-para-la-recuperacion\/#article\",\"isPartOf\":{\"@id\":\"https:\/\/traumaunit.es\/blog\/neurorrehabilitacion-de-fractura-de-vertebras-guia-completa-para-la-recuperacion\/\"},\"author\":{\"name\":\"Dr. Joaqu\u00edn Casa\u00f1as\",\"@id\":\"https:\/\/traumaunit.es\/blog\/#\/schema\/person\/811991b2641aa059a18c7c91104ed992\"},\"headline\":\"Neurorrehabilitaci\u00f3n de fractura de v\u00e9rtebras: Gu\u00eda completa para la recuperaci\u00f3n\",\"datePublished\":\"2026-03-13T21:37:43+00:00\",\"mainEntityOfPage\":{\"@id\":\"https:\/\/traumaunit.es\/blog\/neurorrehabilitacion-de-fractura-de-vertebras-guia-completa-para-la-recuperacion\/\"},\"wordCount\":2186,\"commentCount\":0,\"image\":{\"@id\":\"https:\/\/traumaunit.es\/blog\/neurorrehabilitacion-de-fractura-de-vertebras-guia-completa-para-la-recuperacion\/#primaryimage\"},\"thumbnailUrl\":\"https:\/\/traumaunit.es\/blog\/wp-content\/uploads\/2026\/03\/neurorrehabilitacion-fractura-vertebras.jpg\",\"articleSection\":[\"neurorrehabilitaci\u00f3n\"],\"inLanguage\":\"es\",\"potentialAction\":[{\"@type\":\"CommentAction\",\"name\":\"Comment\",\"target\":[\"https:\/\/traumaunit.es\/blog\/neurorrehabilitacion-de-fractura-de-vertebras-guia-completa-para-la-recuperacion\/#respond\"]}]},{\"@type\":\"WebPage\",\"@id\":\"https:\/\/traumaunit.es\/blog\/neurorrehabilitacion-de-fractura-de-vertebras-guia-completa-para-la-recuperacion\/\",\"url\":\"https:\/\/traumaunit.es\/blog\/neurorrehabilitacion-de-fractura-de-vertebras-guia-completa-para-la-recuperacion\/\",\"name\":\"Neurorrehabilitaci\u00f3n de fractura de v\u00e9rtebras: Gu\u00eda completa para la recuperaci\u00f3n | Blog del Dr Casa\u00f1as - Cirug\u00eda ortop\u00e9dica y traumatolog\u00eda adultos\",\"isPartOf\":{\"@id\":\"https:\/\/traumaunit.es\/blog\/#website\"},\"primaryImageOfPage\":{\"@id\":\"https:\/\/traumaunit.es\/blog\/neurorrehabilitacion-de-fractura-de-vertebras-guia-completa-para-la-recuperacion\/#primaryimage\"},\"image\":{\"@id\":\"https:\/\/traumaunit.es\/blog\/neurorrehabilitacion-de-fractura-de-vertebras-guia-completa-para-la-recuperacion\/#primaryimage\"},\"thumbnailUrl\":\"https:\/\/traumaunit.es\/blog\/wp-content\/uploads\/2026\/03\/neurorrehabilitacion-fractura-vertebras.jpg\",\"datePublished\":\"2026-03-13T21:37:43+00:00\",\"author\":{\"@id\":\"https:\/\/traumaunit.es\/blog\/#\/schema\/person\/811991b2641aa059a18c7c91104ed992\"},\"description\":\"La neurorrehabilitaci\u00f3n es fundamental para la recuperaci\u00f3n de pacientes con fracturas vertebrales que pueden afectar la calidad de vida.\",\"breadcrumb\":{\"@id\":\"https:\/\/traumaunit.es\/blog\/neurorrehabilitacion-de-fractura-de-vertebras-guia-completa-para-la-recuperacion\/#breadcrumb\"},\"inLanguage\":\"es\",\"potentialAction\":[{\"@type\":\"ReadAction\",\"target\":[\"https:\/\/traumaunit.es\/blog\/neurorrehabilitacion-de-fractura-de-vertebras-guia-completa-para-la-recuperacion\/\"]}]},{\"@type\":\"ImageObject\",\"inLanguage\":\"es\",\"@id\":\"https:\/\/traumaunit.es\/blog\/neurorrehabilitacion-de-fractura-de-vertebras-guia-completa-para-la-recuperacion\/#primaryimage\",\"url\":\"https:\/\/traumaunit.es\/blog\/wp-content\/uploads\/2026\/03\/neurorrehabilitacion-fractura-vertebras.jpg\",\"contentUrl\":\"https:\/\/traumaunit.es\/blog\/wp-content\/uploads\/2026\/03\/neurorrehabilitacion-fractura-vertebras.jpg\",\"width\":650,\"height\":311,\"caption\":\"neurorrehablitacion fractura vertebras\"},{\"@type\":\"BreadcrumbList\",\"@id\":\"https:\/\/traumaunit.es\/blog\/neurorrehabilitacion-de-fractura-de-vertebras-guia-completa-para-la-recuperacion\/#breadcrumb\",\"itemListElement\":[{\"@type\":\"ListItem\",\"position\":1,\"name\":\"Portada\",\"item\":\"https:\/\/traumaunit.es\/blog\/\"},{\"@type\":\"ListItem\",\"position\":2,\"name\":\"Neurorrehabilitaci\u00f3n de fractura de v\u00e9rtebras: Gu\u00eda completa para la recuperaci\u00f3n\"}]},{\"@type\":\"WebSite\",\"@id\":\"https:\/\/traumaunit.es\/blog\/#website\",\"url\":\"https:\/\/traumaunit.es\/blog\/\",\"name\":\"Blog del Dr Casa\u00f1as - Cirug\u00eda ortop\u00e9dica y traumatolog\u00eda adultos\",\"description\":\"Blog del Doctor Joaquim Casa\u00f1as, especialista de gran prestigio en cirug\u00eda ortop\u00e9dica y traumatolog\u00eda adultos.\",\"potentialAction\":[{\"@type\":\"SearchAction\",\"target\":{\"@type\":\"EntryPoint\",\"urlTemplate\":\"https:\/\/traumaunit.es\/blog\/?s={search_term_string}\"},\"query-input\":{\"@type\":\"PropertyValueSpecification\",\"valueRequired\":true,\"valueName\":\"search_term_string\"}}],\"inLanguage\":\"es\"},{\"@type\":\"Person\",\"@id\":\"https:\/\/traumaunit.es\/blog\/#\/schema\/person\/811991b2641aa059a18c7c91104ed992\",\"name\":\"Dr. Joaqu\u00edn Casa\u00f1as\",\"image\":{\"@type\":\"ImageObject\",\"inLanguage\":\"es\",\"@id\":\"https:\/\/secure.gravatar.com\/avatar\/f24a728ebb8ec26b69321ec2d9352559ad2239c36f32c74fefbeb7c6aa42dcb4?s=96&d=mm&r=g\",\"url\":\"https:\/\/secure.gravatar.com\/avatar\/f24a728ebb8ec26b69321ec2d9352559ad2239c36f32c74fefbeb7c6aa42dcb4?s=96&d=mm&r=g\",\"contentUrl\":\"https:\/\/secure.gravatar.com\/avatar\/f24a728ebb8ec26b69321ec2d9352559ad2239c36f32c74fefbeb7c6aa42dcb4?s=96&d=mm&r=g\",\"caption\":\"Dr. Joaqu\u00edn Casa\u00f1as\"},\"description\":\"Dr. Joaqu\u00edn Casa\u00f1as es un especialista destacado en cirug\u00eda ortop\u00e9dica, traumatolog\u00eda, pero sobre todo en nervio perif\u00e9rico, plexo braquial y cirug\u00eda de la mano, de cuyas 3 especialidades atesora un gran prestigio internacional. Licenciado en Medicina y Cirug\u00eda por la Universidad Central de Barcelona en 1988, complet\u00f3 su formaci\u00f3n como m\u00e9dico residente (MIR) en la Ciudad Sanitaria y Universitaria de Bellvitge. Cuenta con el Diplomado Europeo en Cirug\u00eda de la Mano desde el 2000. Ha trabajado en diversas instituciones, incluyendo el Hospital de Meritxell en Andorra y el Hospital Germans Trias i Pujol de Badalona. Desde 1994, es m\u00e9dico adjunto en el servicio de Cirug\u00eda Ortop\u00e9dica y Traumatolog\u00eda de la Ciudad Sanitaria y Universitaria de Bellvitge. Adem\u00e1s de su pr\u00e1ctica cl\u00ednica, ha contribuido con numerosas publicaciones cient\u00edficas y cap\u00edtulos de libros en su campo. En la actualidad da conferencias en diferentes congresos internacionales en relaci\u00f3n a sus principales especialidades, adem\u00e1s de dirigir Traumaunit, la unidad de traumatolog\u00eda de Teknon en Barcelona.\",\"sameAs\":[\"http:\/\/traumaunit.es\",\"https:\/\/www.youtube.com\/channel\/UCDHOGYWyQKaaLl16Q9ln0hQ\"],\"url\":\"https:\/\/traumaunit.es\/blog\/author\/iamacookie\/\"}]}<\/script>\n<!-- \/ Yoast SEO plugin. -->","yoast_head_json":{"title":"Neurorrehabilitaci\u00f3n de fractura de v\u00e9rtebras: Gu\u00eda completa para la recuperaci\u00f3n | Blog del Dr Casa\u00f1as - Cirug\u00eda ortop\u00e9dica y traumatolog\u00eda adultos","description":"La neurorrehabilitaci\u00f3n es fundamental para la recuperaci\u00f3n de pacientes con fracturas vertebrales que pueden afectar la calidad de vida.","robots":{"index":"index","follow":"follow","max-snippet":"max-snippet:-1","max-image-preview":"max-image-preview:large","max-video-preview":"max-video-preview:-1"},"canonical":"https:\/\/traumaunit.es\/blog\/neurorrehabilitacion-de-fractura-de-vertebras-guia-completa-para-la-recuperacion\/","og_locale":"es_ES","og_type":"article","og_title":"Neurorrehabilitaci\u00f3n de fractura de v\u00e9rtebras: Gu\u00eda completa para la recuperaci\u00f3n | Blog del Dr Casa\u00f1as - Cirug\u00eda ortop\u00e9dica y traumatolog\u00eda adultos","og_description":"La neurorrehabilitaci\u00f3n es fundamental para la recuperaci\u00f3n de pacientes con fracturas vertebrales que pueden afectar la calidad de vida.","og_url":"https:\/\/traumaunit.es\/blog\/neurorrehabilitacion-de-fractura-de-vertebras-guia-completa-para-la-recuperacion\/","og_site_name":"Blog del Dr Casa\u00f1as - Cirug\u00eda ortop\u00e9dica y traumatolog\u00eda adultos","article_publisher":"https:\/\/www.facebook.com\/Dr.Casanas.Traumaunit\/","article_published_time":"2026-03-13T21:37:43+00:00","og_image":[{"width":650,"height":311,"url":"https:\/\/traumaunit.es\/blog\/wp-content\/uploads\/2026\/03\/neurorrehabilitacion-fractura-vertebras.jpg","type":"image\/jpeg"}],"author":"Dr. Joaqu\u00edn Casa\u00f1as","twitter_card":"summary_large_image","twitter_misc":{"Escrito por":"Dr. Joaqu\u00edn Casa\u00f1as","Tiempo de lectura":"11 minutos"},"schema":{"@context":"https:\/\/schema.org","@graph":[{"@type":"Article","@id":"https:\/\/traumaunit.es\/blog\/neurorrehabilitacion-de-fractura-de-vertebras-guia-completa-para-la-recuperacion\/#article","isPartOf":{"@id":"https:\/\/traumaunit.es\/blog\/neurorrehabilitacion-de-fractura-de-vertebras-guia-completa-para-la-recuperacion\/"},"author":{"name":"Dr. Joaqu\u00edn Casa\u00f1as","@id":"https:\/\/traumaunit.es\/blog\/#\/schema\/person\/811991b2641aa059a18c7c91104ed992"},"headline":"Neurorrehabilitaci\u00f3n de fractura de v\u00e9rtebras: Gu\u00eda completa para la recuperaci\u00f3n","datePublished":"2026-03-13T21:37:43+00:00","mainEntityOfPage":{"@id":"https:\/\/traumaunit.es\/blog\/neurorrehabilitacion-de-fractura-de-vertebras-guia-completa-para-la-recuperacion\/"},"wordCount":2186,"commentCount":0,"image":{"@id":"https:\/\/traumaunit.es\/blog\/neurorrehabilitacion-de-fractura-de-vertebras-guia-completa-para-la-recuperacion\/#primaryimage"},"thumbnailUrl":"https:\/\/traumaunit.es\/blog\/wp-content\/uploads\/2026\/03\/neurorrehabilitacion-fractura-vertebras.jpg","articleSection":["neurorrehabilitaci\u00f3n"],"inLanguage":"es","potentialAction":[{"@type":"CommentAction","name":"Comment","target":["https:\/\/traumaunit.es\/blog\/neurorrehabilitacion-de-fractura-de-vertebras-guia-completa-para-la-recuperacion\/#respond"]}]},{"@type":"WebPage","@id":"https:\/\/traumaunit.es\/blog\/neurorrehabilitacion-de-fractura-de-vertebras-guia-completa-para-la-recuperacion\/","url":"https:\/\/traumaunit.es\/blog\/neurorrehabilitacion-de-fractura-de-vertebras-guia-completa-para-la-recuperacion\/","name":"Neurorrehabilitaci\u00f3n de fractura de v\u00e9rtebras: Gu\u00eda completa para la recuperaci\u00f3n | Blog del Dr Casa\u00f1as - Cirug\u00eda ortop\u00e9dica y traumatolog\u00eda adultos","isPartOf":{"@id":"https:\/\/traumaunit.es\/blog\/#website"},"primaryImageOfPage":{"@id":"https:\/\/traumaunit.es\/blog\/neurorrehabilitacion-de-fractura-de-vertebras-guia-completa-para-la-recuperacion\/#primaryimage"},"image":{"@id":"https:\/\/traumaunit.es\/blog\/neurorrehabilitacion-de-fractura-de-vertebras-guia-completa-para-la-recuperacion\/#primaryimage"},"thumbnailUrl":"https:\/\/traumaunit.es\/blog\/wp-content\/uploads\/2026\/03\/neurorrehabilitacion-fractura-vertebras.jpg","datePublished":"2026-03-13T21:37:43+00:00","author":{"@id":"https:\/\/traumaunit.es\/blog\/#\/schema\/person\/811991b2641aa059a18c7c91104ed992"},"description":"La neurorrehabilitaci\u00f3n es fundamental para la recuperaci\u00f3n de pacientes con fracturas vertebrales que pueden afectar la calidad de vida.","breadcrumb":{"@id":"https:\/\/traumaunit.es\/blog\/neurorrehabilitacion-de-fractura-de-vertebras-guia-completa-para-la-recuperacion\/#breadcrumb"},"inLanguage":"es","potentialAction":[{"@type":"ReadAction","target":["https:\/\/traumaunit.es\/blog\/neurorrehabilitacion-de-fractura-de-vertebras-guia-completa-para-la-recuperacion\/"]}]},{"@type":"ImageObject","inLanguage":"es","@id":"https:\/\/traumaunit.es\/blog\/neurorrehabilitacion-de-fractura-de-vertebras-guia-completa-para-la-recuperacion\/#primaryimage","url":"https:\/\/traumaunit.es\/blog\/wp-content\/uploads\/2026\/03\/neurorrehabilitacion-fractura-vertebras.jpg","contentUrl":"https:\/\/traumaunit.es\/blog\/wp-content\/uploads\/2026\/03\/neurorrehabilitacion-fractura-vertebras.jpg","width":650,"height":311,"caption":"neurorrehablitacion fractura vertebras"},{"@type":"BreadcrumbList","@id":"https:\/\/traumaunit.es\/blog\/neurorrehabilitacion-de-fractura-de-vertebras-guia-completa-para-la-recuperacion\/#breadcrumb","itemListElement":[{"@type":"ListItem","position":1,"name":"Portada","item":"https:\/\/traumaunit.es\/blog\/"},{"@type":"ListItem","position":2,"name":"Neurorrehabilitaci\u00f3n de fractura de v\u00e9rtebras: Gu\u00eda completa para la recuperaci\u00f3n"}]},{"@type":"WebSite","@id":"https:\/\/traumaunit.es\/blog\/#website","url":"https:\/\/traumaunit.es\/blog\/","name":"Blog del Dr Casa\u00f1as - Cirug\u00eda ortop\u00e9dica y traumatolog\u00eda adultos","description":"Blog del Doctor Joaquim Casa\u00f1as, especialista de gran prestigio en cirug\u00eda ortop\u00e9dica y traumatolog\u00eda adultos.","potentialAction":[{"@type":"SearchAction","target":{"@type":"EntryPoint","urlTemplate":"https:\/\/traumaunit.es\/blog\/?s={search_term_string}"},"query-input":{"@type":"PropertyValueSpecification","valueRequired":true,"valueName":"search_term_string"}}],"inLanguage":"es"},{"@type":"Person","@id":"https:\/\/traumaunit.es\/blog\/#\/schema\/person\/811991b2641aa059a18c7c91104ed992","name":"Dr. Joaqu\u00edn Casa\u00f1as","image":{"@type":"ImageObject","inLanguage":"es","@id":"https:\/\/secure.gravatar.com\/avatar\/f24a728ebb8ec26b69321ec2d9352559ad2239c36f32c74fefbeb7c6aa42dcb4?s=96&d=mm&r=g","url":"https:\/\/secure.gravatar.com\/avatar\/f24a728ebb8ec26b69321ec2d9352559ad2239c36f32c74fefbeb7c6aa42dcb4?s=96&d=mm&r=g","contentUrl":"https:\/\/secure.gravatar.com\/avatar\/f24a728ebb8ec26b69321ec2d9352559ad2239c36f32c74fefbeb7c6aa42dcb4?s=96&d=mm&r=g","caption":"Dr. Joaqu\u00edn Casa\u00f1as"},"description":"Dr. Joaqu\u00edn Casa\u00f1as es un especialista destacado en cirug\u00eda ortop\u00e9dica, traumatolog\u00eda, pero sobre todo en nervio perif\u00e9rico, plexo braquial y cirug\u00eda de la mano, de cuyas 3 especialidades atesora un gran prestigio internacional. Licenciado en Medicina y Cirug\u00eda por la Universidad Central de Barcelona en 1988, complet\u00f3 su formaci\u00f3n como m\u00e9dico residente (MIR) en la Ciudad Sanitaria y Universitaria de Bellvitge. Cuenta con el Diplomado Europeo en Cirug\u00eda de la Mano desde el 2000. Ha trabajado en diversas instituciones, incluyendo el Hospital de Meritxell en Andorra y el Hospital Germans Trias i Pujol de Badalona. Desde 1994, es m\u00e9dico adjunto en el servicio de Cirug\u00eda Ortop\u00e9dica y Traumatolog\u00eda de la Ciudad Sanitaria y Universitaria de Bellvitge. Adem\u00e1s de su pr\u00e1ctica cl\u00ednica, ha contribuido con numerosas publicaciones cient\u00edficas y cap\u00edtulos de libros en su campo. En la actualidad da conferencias en diferentes congresos internacionales en relaci\u00f3n a sus principales especialidades, adem\u00e1s de dirigir Traumaunit, la unidad de traumatolog\u00eda de Teknon en Barcelona.","sameAs":["http:\/\/traumaunit.es","https:\/\/www.youtube.com\/channel\/UCDHOGYWyQKaaLl16Q9ln0hQ"],"url":"https:\/\/traumaunit.es\/blog\/author\/iamacookie\/"}]}},"_links":{"self":[{"href":"https:\/\/traumaunit.es\/blog\/wp-json\/wp\/v2\/posts\/3133","targetHints":{"allow":["GET"]}}],"collection":[{"href":"https:\/\/traumaunit.es\/blog\/wp-json\/wp\/v2\/posts"}],"about":[{"href":"https:\/\/traumaunit.es\/blog\/wp-json\/wp\/v2\/types\/post"}],"author":[{"embeddable":true,"href":"https:\/\/traumaunit.es\/blog\/wp-json\/wp\/v2\/users\/5"}],"replies":[{"embeddable":true,"href":"https:\/\/traumaunit.es\/blog\/wp-json\/wp\/v2\/comments?post=3133"}],"version-history":[{"count":15,"href":"https:\/\/traumaunit.es\/blog\/wp-json\/wp\/v2\/posts\/3133\/revisions"}],"predecessor-version":[{"id":3158,"href":"https:\/\/traumaunit.es\/blog\/wp-json\/wp\/v2\/posts\/3133\/revisions\/3158"}],"wp:featuredmedia":[{"embeddable":true,"href":"https:\/\/traumaunit.es\/blog\/wp-json\/wp\/v2\/media\/3138"}],"wp:attachment":[{"href":"https:\/\/traumaunit.es\/blog\/wp-json\/wp\/v2\/media?parent=3133"}],"wp:term":[{"taxonomy":"category","embeddable":true,"href":"https:\/\/traumaunit.es\/blog\/wp-json\/wp\/v2\/categories?post=3133"},{"taxonomy":"post_tag","embeddable":true,"href":"https:\/\/traumaunit.es\/blog\/wp-json\/wp\/v2\/tags?post=3133"}],"curies":[{"name":"wp","href":"https:\/\/api.w.org\/{rel}","templated":true}]}}