{"id":735,"date":"2019-10-25T10:57:45","date_gmt":"2019-10-25T10:57:45","guid":{"rendered":"https:\/\/traumaunit.es\/blog\/?p=735"},"modified":"2019-11-13T19:35:54","modified_gmt":"2019-11-13T19:35:54","slug":"patologia-de-nervio-periferico","status":"publish","type":"post","link":"https:\/\/traumaunit.es\/blog\/patologia-de-nervio-periferico\/","title":{"rendered":"PATOLOG\u00cdA DE NERVIO PERIF\u00c9RICO | nuevo curso internacional organizado por Traumaunit en Teknon"},"content":{"rendered":"\n<p>Tal y como anunciamos en nuestro <a href=\"https:\/\/traumaunit.es\/blog\/patologia-de-nervio-periferico-curso-en-el-centro-medico-teknon\/\">post del mes de septiembre<\/a>&nbsp; el grupo <a href=\"https:\/\/traumaunit.es\/\">Traumaunit <\/a>y el grupo de terapeutas de la mano del equipo Hand Therapy celebraron los pasados d\u00edas 18 y 19 de Octubre, en <a href=\"http:\/\/www.teknon.es\/es\/especialidades\/casanas-sintes-joaquim\">Centro M\u00e9dico Teknon<\/a>, un curso multidisciplinar sobre el abordaje integral de la patolog\u00eda de nervio perif\u00e9rico.<\/p>\n\n\n\n<h2 class=\"wp-block-heading\">Participantes<\/h2>\n\n\n\n<div class=\"wp-block-image\"><figure class=\"alignright\"><img loading=\"lazy\" decoding=\"async\" width=\"350\" height=\"348\" src=\"https:\/\/traumaunit.es\/blog\/wp-content\/uploads\/2019\/10\/traumaunit-.jpg\" alt=\"patolog\u00eda de nervio perf\u00e9rico\" class=\"wp-image-739\" srcset=\"https:\/\/traumaunit.es\/blog\/wp-content\/uploads\/2019\/10\/traumaunit-.jpg 350w, https:\/\/traumaunit.es\/blog\/wp-content\/uploads\/2019\/10\/traumaunit--53x53.jpg 53w, https:\/\/traumaunit.es\/blog\/wp-content\/uploads\/2019\/10\/traumaunit--120x120.jpg 120w\" sizes=\"auto, (max-width: 350px) 100vw, 350px\" \/><\/figure><\/div>\n\n\n\n<p>Contamos con la participaci\u00f3n de la apreciable e inestimable Dra. Amy Moore, del St Louis Hospital en Missouri, centro mundial de referencia en patolog\u00eda de nervio,y de su grupo de terapeutas de la mano liderados por Lorna Khan y Susan Stralka.<\/p>\n\n\n\n<p>Tambi\u00e9n formaron parte del curso los Dres. Jordi Serra o el Dr.Navarro, neur\u00f3logos especialistas en fisiolog\u00eda y patolog\u00eda del nervio y sus lesiones, los Dres Isabel Fernandez y Rom\u00e1n Sol\u00e0, neurofisi\u00f3logos especializados en registro intraoperatorio, el Dr.Ancor Serrano, miembro de la Sociedad Espa\u00f1ola de Cl\u00ednica del dolor y el Sr Vicen\u00e7 Punsola, fundador de Hand Therapy, ceneo de rehabilitaci\u00f3n especializado en la recuperaci\u00f3n de lesiones nerviosas perif\u00e9ricas y patolog\u00eda de mano y mu\u00f1eca.<\/p>\n\n\n\n<h2 class=\"wp-block-heading\">Contenido de las jornadas<\/h2>\n\n\n\n<p>Fueron unas jornadas de actualizaci\u00f3n en patolog\u00edas de nervio perif\u00e9rico con el objetivo de poner al alcance de todos, m\u00e9dicos, fisoterapeutas y m\u00e9dicos rehabilitadores el correcto tratamiento multidisciplinario de esa patolog\u00eda, empezando desde el diagn\u00f3stico correcto, continuando por el tratamiento adecuado quir\u00fargico ,en caso de ser preciso, para acabar con el tratamiento rehabilitador fisioter\u00e1pico con ferulizacion y terapia espec\u00edfica para este tipo de pacientes que requieren una atenci\u00f3n especial.<\/p>\n\n\n\n<p>Fue una jornada muy provechosa que consigui\u00f3 aunar los diferentes puntos de vista de fisi\u00f3logos, neur\u00f3logos, cirujanos especialistas en nervio perif\u00e9rico y m\u00e9dicos rehabilitadores, as\u00ed como fisioterapeutas.<\/p>\n\n\n\n<p>La difusi\u00f3n de los conocimientos y alcance de los eventos organizados por nuestro equipo o por otros profesionales que cuenta con nuestra participaci\u00f3n, nos mejora a nivel profesional y nos ayuda a la consecuci\u00f3n de objetivos solo posibles con el perfeccionamiento de la t\u00e9cnica&nbsp; diagn\u00f3stica  y quir\u00fargica.<\/p>\n\n\n\n<div class=\"wp-block-image\"><figure class=\"alignleft\"><img loading=\"lazy\" decoding=\"async\" width=\"350\" height=\"377\" src=\"https:\/\/traumaunit.es\/blog\/wp-content\/uploads\/2019\/10\/participantes-curso-trumaunit.jpg\" alt=\"patolog\u00eda nervio perif\u00e9rico\" class=\"wp-image-738\"\/><\/figure><\/div>\n\n\n\n<p>Traumaunit es una unidad de referencia multidisciplinaria y en lo que se refiere a plexo braquial y patolog\u00eda de nervio perif\u00e9rico, tenemos un equipo multidisciplinar compuesto por neur\u00f3logos, neurofisi\u00f3logos, cirujanos y fisioterapeutas.<\/p>\n\n\n\n<p>Esperamos poder llevar a cabo nuevas ediciones intentando contar con la colaboraci\u00f3n de m\u00e9dicos y fisioterapeutas de primer nivel como en esta ocasi\u00f3n, para as\u00ed elevar la calidad de nuestra pr\u00e1ctica asistencial.<\/p>\n\n\n\n<p>El equipo de <a href=\"https:\/\/traumaunit.es\/\">TRAUMAUNIT<\/a>&nbsp; siempre estar\u00e1 a la vanguardia de todas las innovaciones y las \u00faltimas t\u00e9cnicas que surgen en nuestra especialidad&nbsp; para ofrecer la mejor atenci\u00f3n m\u00e9dica a nuestros pacientes.<\/p>\n\n\n\n<p><a href=\"https:\/\/traumaunit.es\/mano-y-muneca\">Si deseas m\u00e1s informaci\u00f3n sobre cirug\u00eda de la mano puedes acceder a nuestra web.<\/a><\/p>\n\n\n\n<p>Si deseas concertar una primera visita, no dudes en <a href=\"https:\/\/traumaunit.es\/contacto\">contactar<\/a> con nosotros.<\/p>\n\n\n\n<p><br><\/p>\n","protected":false},"excerpt":{"rendered":"<p>Tal y como anunciamos en nuestro post del mes de septiembre&nbsp; el grupo Traumaunit y el grupo de terapeutas de la mano del equipo Hand Therapy celebraron los pasados d\u00edas 18 y 19 de Octubre, en Centro M\u00e9dico Teknon, un curso multidisciplinar sobre el abordaje integral de la patolog\u00eda de nervio perif\u00e9rico. Participantes Contamos con la participaci\u00f3n de la apreciable e inestimable Dra. Amy Moore, del St Louis Hospital en Missouri, centro mundial de referencia en patolog\u00eda de nervio,y de su grupo de terapeutas de la mano liderados por Lorna Khan y Susan Stralka. Tambi\u00e9n formaron parte del curso los&#8230;<\/p>\n","protected":false},"author":5,"featured_media":737,"comment_status":"open","ping_status":"closed","sticky":false,"template":"","format":"standard","meta":{"footnotes":""},"categories":[7,39,1],"tags":[41],"class_list":["post-735","post","type-post","status-publish","format-standard","has-post-thumbnail","hentry","category-cursos-y-conferencias","category-patologia-nervio-perfiferico","category-sin-categoria","tag-patologia-nervio-periferico"],"yoast_head":"<!-- This site is optimized with the Yoast SEO plugin v27.2 - https:\/\/yoast.com\/product\/yoast-seo-wordpress\/ -->\n<title>PATOLOG\u00cdA DE NERVIO PERIF\u00c9RICO | nuevo curso internacional organizado por Traumaunit en Teknon | Blog del Dr Casa\u00f1as - Cirug\u00eda ortop\u00e9dica y traumatolog\u00eda adultos<\/title>\n<meta name=\"description\" content=\"Traumaunit y Hand Therapy celebr\u00f3 los d\u00edas 18 y 19 de Octubre, un curso multidisciplinar sobre el abordaje integral de la patolog\u00eda de nervio perif\u00e9rico.\" \/>\n<meta name=\"robots\" content=\"index, follow, max-snippet:-1, max-image-preview:large, max-video-preview:-1\" \/>\n<link rel=\"canonical\" href=\"https:\/\/traumaunit.es\/blog\/patologia-de-nervio-periferico\/\" \/>\n<meta property=\"og:locale\" content=\"es_ES\" \/>\n<meta property=\"og:type\" content=\"article\" \/>\n<meta property=\"og:title\" content=\"PATOLOG\u00cdA DE NERVIO PERIF\u00c9RICO | nuevo curso internacional organizado por Traumaunit en Teknon | Blog del Dr Casa\u00f1as - Cirug\u00eda ortop\u00e9dica y traumatolog\u00eda adultos\" \/>\n<meta property=\"og:description\" content=\"Traumaunit y Hand Therapy celebr\u00f3 los d\u00edas 18 y 19 de Octubre, un curso multidisciplinar sobre el abordaje integral de la patolog\u00eda de nervio perif\u00e9rico.\" \/>\n<meta property=\"og:url\" content=\"https:\/\/traumaunit.es\/blog\/patologia-de-nervio-periferico\/\" \/>\n<meta property=\"og:site_name\" content=\"Blog del Dr Casa\u00f1as - Cirug\u00eda ortop\u00e9dica y traumatolog\u00eda adultos\" \/>\n<meta property=\"article:publisher\" content=\"https:\/\/www.facebook.com\/Dr.Casanas.Traumaunit\/\" \/>\n<meta property=\"article:published_time\" content=\"2019-10-25T10:57:45+00:00\" \/>\n<meta property=\"article:modified_time\" content=\"2019-11-13T19:35:54+00:00\" \/>\n<meta property=\"og:image\" content=\"https:\/\/traumaunit.es\/blog\/wp-content\/uploads\/2019\/10\/traumaunit-doctor-casan\u0303as.jpg\" \/>\n\t<meta property=\"og:image:width\" content=\"650\" \/>\n\t<meta property=\"og:image:height\" content=\"654\" \/>\n\t<meta property=\"og:image:type\" content=\"image\/jpeg\" \/>\n<meta name=\"author\" content=\"Dr. Joaqu\u00edn Casa\u00f1as\" \/>\n<meta name=\"twitter:card\" content=\"summary_large_image\" \/>\n<meta name=\"twitter:label1\" content=\"Escrito por\" \/>\n\t<meta name=\"twitter:data1\" content=\"Dr. Joaqu\u00edn Casa\u00f1as\" \/>\n\t<meta name=\"twitter:label2\" content=\"Tiempo de lectura\" \/>\n\t<meta name=\"twitter:data2\" content=\"2 minutos\" \/>\n<script type=\"application\/ld+json\" class=\"yoast-schema-graph\">{\"@context\":\"https:\/\/schema.org\",\"@graph\":[{\"@type\":\"Article\",\"@id\":\"https:\/\/traumaunit.es\/blog\/patologia-de-nervio-periferico\/#article\",\"isPartOf\":{\"@id\":\"https:\/\/traumaunit.es\/blog\/patologia-de-nervio-periferico\/\"},\"author\":{\"name\":\"Dr. Joaqu\u00edn Casa\u00f1as\",\"@id\":\"https:\/\/traumaunit.es\/blog\/#\/schema\/person\/811991b2641aa059a18c7c91104ed992\"},\"headline\":\"PATOLOG\u00cdA DE NERVIO PERIF\u00c9RICO | nuevo curso internacional organizado por Traumaunit en Teknon\",\"datePublished\":\"2019-10-25T10:57:45+00:00\",\"dateModified\":\"2019-11-13T19:35:54+00:00\",\"mainEntityOfPage\":{\"@id\":\"https:\/\/traumaunit.es\/blog\/patologia-de-nervio-periferico\/\"},\"wordCount\":508,\"commentCount\":0,\"image\":{\"@id\":\"https:\/\/traumaunit.es\/blog\/patologia-de-nervio-periferico\/#primaryimage\"},\"thumbnailUrl\":\"https:\/\/traumaunit.es\/blog\/wp-content\/uploads\/2019\/10\/traumaunit-doctor-casan\u0303as.jpg\",\"keywords\":[\"patolog\u00eda nervio perif\u00e9rico\"],\"articleSection\":[\"cursos y conferencias\",\"patolog\u00eda nervio perfif\u00e9rico\"],\"inLanguage\":\"es\",\"potentialAction\":[{\"@type\":\"CommentAction\",\"name\":\"Comment\",\"target\":[\"https:\/\/traumaunit.es\/blog\/patologia-de-nervio-periferico\/#respond\"]}]},{\"@type\":\"WebPage\",\"@id\":\"https:\/\/traumaunit.es\/blog\/patologia-de-nervio-periferico\/\",\"url\":\"https:\/\/traumaunit.es\/blog\/patologia-de-nervio-periferico\/\",\"name\":\"PATOLOG\u00cdA DE NERVIO PERIF\u00c9RICO | nuevo curso internacional organizado por Traumaunit en Teknon | Blog del Dr Casa\u00f1as - Cirug\u00eda ortop\u00e9dica y traumatolog\u00eda adultos\",\"isPartOf\":{\"@id\":\"https:\/\/traumaunit.es\/blog\/#website\"},\"primaryImageOfPage\":{\"@id\":\"https:\/\/traumaunit.es\/blog\/patologia-de-nervio-periferico\/#primaryimage\"},\"image\":{\"@id\":\"https:\/\/traumaunit.es\/blog\/patologia-de-nervio-periferico\/#primaryimage\"},\"thumbnailUrl\":\"https:\/\/traumaunit.es\/blog\/wp-content\/uploads\/2019\/10\/traumaunit-doctor-casan\u0303as.jpg\",\"datePublished\":\"2019-10-25T10:57:45+00:00\",\"dateModified\":\"2019-11-13T19:35:54+00:00\",\"author\":{\"@id\":\"https:\/\/traumaunit.es\/blog\/#\/schema\/person\/811991b2641aa059a18c7c91104ed992\"},\"description\":\"Traumaunit y Hand Therapy celebr\u00f3 los d\u00edas 18 y 19 de Octubre, un curso multidisciplinar sobre el abordaje integral de la patolog\u00eda de nervio perif\u00e9rico.\",\"breadcrumb\":{\"@id\":\"https:\/\/traumaunit.es\/blog\/patologia-de-nervio-periferico\/#breadcrumb\"},\"inLanguage\":\"es\",\"potentialAction\":[{\"@type\":\"ReadAction\",\"target\":[\"https:\/\/traumaunit.es\/blog\/patologia-de-nervio-periferico\/\"]}]},{\"@type\":\"ImageObject\",\"inLanguage\":\"es\",\"@id\":\"https:\/\/traumaunit.es\/blog\/patologia-de-nervio-periferico\/#primaryimage\",\"url\":\"https:\/\/traumaunit.es\/blog\/wp-content\/uploads\/2019\/10\/traumaunit-doctor-casan\u0303as.jpg\",\"contentUrl\":\"https:\/\/traumaunit.es\/blog\/wp-content\/uploads\/2019\/10\/traumaunit-doctor-casan\u0303as.jpg\",\"width\":650,\"height\":654,\"caption\":\"patologia nervio periferico\"},{\"@type\":\"BreadcrumbList\",\"@id\":\"https:\/\/traumaunit.es\/blog\/patologia-de-nervio-periferico\/#breadcrumb\",\"itemListElement\":[{\"@type\":\"ListItem\",\"position\":1,\"name\":\"Portada\",\"item\":\"https:\/\/traumaunit.es\/blog\/\"},{\"@type\":\"ListItem\",\"position\":2,\"name\":\"PATOLOG\u00cdA DE NERVIO PERIF\u00c9RICO | nuevo curso internacional organizado por Traumaunit en Teknon\"}]},{\"@type\":\"WebSite\",\"@id\":\"https:\/\/traumaunit.es\/blog\/#website\",\"url\":\"https:\/\/traumaunit.es\/blog\/\",\"name\":\"Blog del Dr Casa\u00f1as - Cirug\u00eda ortop\u00e9dica y traumatolog\u00eda adultos\",\"description\":\"Blog del Doctor Joaquim Casa\u00f1as, especialista de gran prestigio en cirug\u00eda ortop\u00e9dica y traumatolog\u00eda adultos.\",\"potentialAction\":[{\"@type\":\"SearchAction\",\"target\":{\"@type\":\"EntryPoint\",\"urlTemplate\":\"https:\/\/traumaunit.es\/blog\/?s={search_term_string}\"},\"query-input\":{\"@type\":\"PropertyValueSpecification\",\"valueRequired\":true,\"valueName\":\"search_term_string\"}}],\"inLanguage\":\"es\"},{\"@type\":\"Person\",\"@id\":\"https:\/\/traumaunit.es\/blog\/#\/schema\/person\/811991b2641aa059a18c7c91104ed992\",\"name\":\"Dr. Joaqu\u00edn Casa\u00f1as\",\"image\":{\"@type\":\"ImageObject\",\"inLanguage\":\"es\",\"@id\":\"https:\/\/secure.gravatar.com\/avatar\/f24a728ebb8ec26b69321ec2d9352559ad2239c36f32c74fefbeb7c6aa42dcb4?s=96&d=mm&r=g\",\"url\":\"https:\/\/secure.gravatar.com\/avatar\/f24a728ebb8ec26b69321ec2d9352559ad2239c36f32c74fefbeb7c6aa42dcb4?s=96&d=mm&r=g\",\"contentUrl\":\"https:\/\/secure.gravatar.com\/avatar\/f24a728ebb8ec26b69321ec2d9352559ad2239c36f32c74fefbeb7c6aa42dcb4?s=96&d=mm&r=g\",\"caption\":\"Dr. Joaqu\u00edn Casa\u00f1as\"},\"description\":\"Dr. Joaqu\u00edn Casa\u00f1as es un especialista destacado en cirug\u00eda ortop\u00e9dica, traumatolog\u00eda, pero sobre todo en nervio perif\u00e9rico, plexo braquial y cirug\u00eda de la mano, de cuyas 3 especialidades atesora un gran prestigio internacional. Licenciado en Medicina y Cirug\u00eda por la Universidad Central de Barcelona en 1988, complet\u00f3 su formaci\u00f3n como m\u00e9dico residente (MIR) en la Ciudad Sanitaria y Universitaria de Bellvitge. Cuenta con el Diplomado Europeo en Cirug\u00eda de la Mano desde el 2000. Ha trabajado en diversas instituciones, incluyendo el Hospital de Meritxell en Andorra y el Hospital Germans Trias i Pujol de Badalona. Desde 1994, es m\u00e9dico adjunto en el servicio de Cirug\u00eda Ortop\u00e9dica y Traumatolog\u00eda de la Ciudad Sanitaria y Universitaria de Bellvitge. Adem\u00e1s de su pr\u00e1ctica cl\u00ednica, ha contribuido con numerosas publicaciones cient\u00edficas y cap\u00edtulos de libros en su campo. En la actualidad da conferencias en diferentes congresos internacionales en relaci\u00f3n a sus principales especialidades, adem\u00e1s de dirigir Traumaunit, la unidad de traumatolog\u00eda de Teknon en Barcelona.\",\"sameAs\":[\"http:\/\/traumaunit.es\",\"https:\/\/www.youtube.com\/channel\/UCDHOGYWyQKaaLl16Q9ln0hQ\"],\"url\":\"https:\/\/traumaunit.es\/blog\/author\/iamacookie\/\"}]}<\/script>\n<!-- \/ Yoast SEO plugin. -->","yoast_head_json":{"title":"PATOLOG\u00cdA DE NERVIO PERIF\u00c9RICO | nuevo curso internacional organizado por Traumaunit en Teknon | Blog del Dr Casa\u00f1as - Cirug\u00eda ortop\u00e9dica y traumatolog\u00eda adultos","description":"Traumaunit y Hand Therapy celebr\u00f3 los d\u00edas 18 y 19 de Octubre, un curso multidisciplinar sobre el abordaje integral de la patolog\u00eda de nervio perif\u00e9rico.","robots":{"index":"index","follow":"follow","max-snippet":"max-snippet:-1","max-image-preview":"max-image-preview:large","max-video-preview":"max-video-preview:-1"},"canonical":"https:\/\/traumaunit.es\/blog\/patologia-de-nervio-periferico\/","og_locale":"es_ES","og_type":"article","og_title":"PATOLOG\u00cdA DE NERVIO PERIF\u00c9RICO | nuevo curso internacional organizado por Traumaunit en Teknon | Blog del Dr Casa\u00f1as - Cirug\u00eda ortop\u00e9dica y traumatolog\u00eda adultos","og_description":"Traumaunit y Hand Therapy celebr\u00f3 los d\u00edas 18 y 19 de Octubre, un curso multidisciplinar sobre el abordaje integral de la patolog\u00eda de nervio perif\u00e9rico.","og_url":"https:\/\/traumaunit.es\/blog\/patologia-de-nervio-periferico\/","og_site_name":"Blog del Dr Casa\u00f1as - Cirug\u00eda ortop\u00e9dica y traumatolog\u00eda adultos","article_publisher":"https:\/\/www.facebook.com\/Dr.Casanas.Traumaunit\/","article_published_time":"2019-10-25T10:57:45+00:00","article_modified_time":"2019-11-13T19:35:54+00:00","og_image":[{"width":650,"height":654,"url":"https:\/\/traumaunit.es\/blog\/wp-content\/uploads\/2019\/10\/traumaunit-doctor-casan\u0303as.jpg","type":"image\/jpeg"}],"author":"Dr. Joaqu\u00edn Casa\u00f1as","twitter_card":"summary_large_image","twitter_misc":{"Escrito por":"Dr. Joaqu\u00edn Casa\u00f1as","Tiempo de lectura":"2 minutos"},"schema":{"@context":"https:\/\/schema.org","@graph":[{"@type":"Article","@id":"https:\/\/traumaunit.es\/blog\/patologia-de-nervio-periferico\/#article","isPartOf":{"@id":"https:\/\/traumaunit.es\/blog\/patologia-de-nervio-periferico\/"},"author":{"name":"Dr. Joaqu\u00edn Casa\u00f1as","@id":"https:\/\/traumaunit.es\/blog\/#\/schema\/person\/811991b2641aa059a18c7c91104ed992"},"headline":"PATOLOG\u00cdA DE NERVIO PERIF\u00c9RICO | nuevo curso internacional organizado por Traumaunit en Teknon","datePublished":"2019-10-25T10:57:45+00:00","dateModified":"2019-11-13T19:35:54+00:00","mainEntityOfPage":{"@id":"https:\/\/traumaunit.es\/blog\/patologia-de-nervio-periferico\/"},"wordCount":508,"commentCount":0,"image":{"@id":"https:\/\/traumaunit.es\/blog\/patologia-de-nervio-periferico\/#primaryimage"},"thumbnailUrl":"https:\/\/traumaunit.es\/blog\/wp-content\/uploads\/2019\/10\/traumaunit-doctor-casan\u0303as.jpg","keywords":["patolog\u00eda nervio perif\u00e9rico"],"articleSection":["cursos y conferencias","patolog\u00eda nervio perfif\u00e9rico"],"inLanguage":"es","potentialAction":[{"@type":"CommentAction","name":"Comment","target":["https:\/\/traumaunit.es\/blog\/patologia-de-nervio-periferico\/#respond"]}]},{"@type":"WebPage","@id":"https:\/\/traumaunit.es\/blog\/patologia-de-nervio-periferico\/","url":"https:\/\/traumaunit.es\/blog\/patologia-de-nervio-periferico\/","name":"PATOLOG\u00cdA DE NERVIO PERIF\u00c9RICO | nuevo curso internacional organizado por Traumaunit en Teknon | Blog del Dr Casa\u00f1as - Cirug\u00eda ortop\u00e9dica y traumatolog\u00eda adultos","isPartOf":{"@id":"https:\/\/traumaunit.es\/blog\/#website"},"primaryImageOfPage":{"@id":"https:\/\/traumaunit.es\/blog\/patologia-de-nervio-periferico\/#primaryimage"},"image":{"@id":"https:\/\/traumaunit.es\/blog\/patologia-de-nervio-periferico\/#primaryimage"},"thumbnailUrl":"https:\/\/traumaunit.es\/blog\/wp-content\/uploads\/2019\/10\/traumaunit-doctor-casan\u0303as.jpg","datePublished":"2019-10-25T10:57:45+00:00","dateModified":"2019-11-13T19:35:54+00:00","author":{"@id":"https:\/\/traumaunit.es\/blog\/#\/schema\/person\/811991b2641aa059a18c7c91104ed992"},"description":"Traumaunit y Hand Therapy celebr\u00f3 los d\u00edas 18 y 19 de Octubre, un curso multidisciplinar sobre el abordaje integral de la patolog\u00eda de nervio perif\u00e9rico.","breadcrumb":{"@id":"https:\/\/traumaunit.es\/blog\/patologia-de-nervio-periferico\/#breadcrumb"},"inLanguage":"es","potentialAction":[{"@type":"ReadAction","target":["https:\/\/traumaunit.es\/blog\/patologia-de-nervio-periferico\/"]}]},{"@type":"ImageObject","inLanguage":"es","@id":"https:\/\/traumaunit.es\/blog\/patologia-de-nervio-periferico\/#primaryimage","url":"https:\/\/traumaunit.es\/blog\/wp-content\/uploads\/2019\/10\/traumaunit-doctor-casan\u0303as.jpg","contentUrl":"https:\/\/traumaunit.es\/blog\/wp-content\/uploads\/2019\/10\/traumaunit-doctor-casan\u0303as.jpg","width":650,"height":654,"caption":"patologia nervio periferico"},{"@type":"BreadcrumbList","@id":"https:\/\/traumaunit.es\/blog\/patologia-de-nervio-periferico\/#breadcrumb","itemListElement":[{"@type":"ListItem","position":1,"name":"Portada","item":"https:\/\/traumaunit.es\/blog\/"},{"@type":"ListItem","position":2,"name":"PATOLOG\u00cdA DE NERVIO PERIF\u00c9RICO | nuevo curso internacional organizado por Traumaunit en Teknon"}]},{"@type":"WebSite","@id":"https:\/\/traumaunit.es\/blog\/#website","url":"https:\/\/traumaunit.es\/blog\/","name":"Blog del Dr Casa\u00f1as - Cirug\u00eda ortop\u00e9dica y traumatolog\u00eda adultos","description":"Blog del Doctor Joaquim Casa\u00f1as, especialista de gran prestigio en cirug\u00eda ortop\u00e9dica y traumatolog\u00eda adultos.","potentialAction":[{"@type":"SearchAction","target":{"@type":"EntryPoint","urlTemplate":"https:\/\/traumaunit.es\/blog\/?s={search_term_string}"},"query-input":{"@type":"PropertyValueSpecification","valueRequired":true,"valueName":"search_term_string"}}],"inLanguage":"es"},{"@type":"Person","@id":"https:\/\/traumaunit.es\/blog\/#\/schema\/person\/811991b2641aa059a18c7c91104ed992","name":"Dr. Joaqu\u00edn Casa\u00f1as","image":{"@type":"ImageObject","inLanguage":"es","@id":"https:\/\/secure.gravatar.com\/avatar\/f24a728ebb8ec26b69321ec2d9352559ad2239c36f32c74fefbeb7c6aa42dcb4?s=96&d=mm&r=g","url":"https:\/\/secure.gravatar.com\/avatar\/f24a728ebb8ec26b69321ec2d9352559ad2239c36f32c74fefbeb7c6aa42dcb4?s=96&d=mm&r=g","contentUrl":"https:\/\/secure.gravatar.com\/avatar\/f24a728ebb8ec26b69321ec2d9352559ad2239c36f32c74fefbeb7c6aa42dcb4?s=96&d=mm&r=g","caption":"Dr. Joaqu\u00edn Casa\u00f1as"},"description":"Dr. Joaqu\u00edn Casa\u00f1as es un especialista destacado en cirug\u00eda ortop\u00e9dica, traumatolog\u00eda, pero sobre todo en nervio perif\u00e9rico, plexo braquial y cirug\u00eda de la mano, de cuyas 3 especialidades atesora un gran prestigio internacional. Licenciado en Medicina y Cirug\u00eda por la Universidad Central de Barcelona en 1988, complet\u00f3 su formaci\u00f3n como m\u00e9dico residente (MIR) en la Ciudad Sanitaria y Universitaria de Bellvitge. Cuenta con el Diplomado Europeo en Cirug\u00eda de la Mano desde el 2000. Ha trabajado en diversas instituciones, incluyendo el Hospital de Meritxell en Andorra y el Hospital Germans Trias i Pujol de Badalona. Desde 1994, es m\u00e9dico adjunto en el servicio de Cirug\u00eda Ortop\u00e9dica y Traumatolog\u00eda de la Ciudad Sanitaria y Universitaria de Bellvitge. Adem\u00e1s de su pr\u00e1ctica cl\u00ednica, ha contribuido con numerosas publicaciones cient\u00edficas y cap\u00edtulos de libros en su campo. En la actualidad da conferencias en diferentes congresos internacionales en relaci\u00f3n a sus principales especialidades, adem\u00e1s de dirigir Traumaunit, la unidad de traumatolog\u00eda de Teknon en Barcelona.","sameAs":["http:\/\/traumaunit.es","https:\/\/www.youtube.com\/channel\/UCDHOGYWyQKaaLl16Q9ln0hQ"],"url":"https:\/\/traumaunit.es\/blog\/author\/iamacookie\/"}]}},"_links":{"self":[{"href":"https:\/\/traumaunit.es\/blog\/wp-json\/wp\/v2\/posts\/735","targetHints":{"allow":["GET"]}}],"collection":[{"href":"https:\/\/traumaunit.es\/blog\/wp-json\/wp\/v2\/posts"}],"about":[{"href":"https:\/\/traumaunit.es\/blog\/wp-json\/wp\/v2\/types\/post"}],"author":[{"embeddable":true,"href":"https:\/\/traumaunit.es\/blog\/wp-json\/wp\/v2\/users\/5"}],"replies":[{"embeddable":true,"href":"https:\/\/traumaunit.es\/blog\/wp-json\/wp\/v2\/comments?post=735"}],"version-history":[{"count":10,"href":"https:\/\/traumaunit.es\/blog\/wp-json\/wp\/v2\/posts\/735\/revisions"}],"predecessor-version":[{"id":768,"href":"https:\/\/traumaunit.es\/blog\/wp-json\/wp\/v2\/posts\/735\/revisions\/768"}],"wp:featuredmedia":[{"embeddable":true,"href":"https:\/\/traumaunit.es\/blog\/wp-json\/wp\/v2\/media\/737"}],"wp:attachment":[{"href":"https:\/\/traumaunit.es\/blog\/wp-json\/wp\/v2\/media?parent=735"}],"wp:term":[{"taxonomy":"category","embeddable":true,"href":"https:\/\/traumaunit.es\/blog\/wp-json\/wp\/v2\/categories?post=735"},{"taxonomy":"post_tag","embeddable":true,"href":"https:\/\/traumaunit.es\/blog\/wp-json\/wp\/v2\/tags?post=735"}],"curies":[{"name":"wp","href":"https:\/\/api.w.org\/{rel}","templated":true}]}}