{"id":786,"date":"2019-11-07T19:32:56","date_gmt":"2019-11-07T19:32:56","guid":{"rendered":"https:\/\/traumaunit.es\/blog\/?p=786"},"modified":"2019-11-20T21:20:06","modified_gmt":"2019-11-20T21:20:06","slug":"amputacion-extremidad-superior-caso","status":"publish","type":"post","link":"https:\/\/traumaunit.es\/blog\/amputacion-extremidad-superior-caso\/","title":{"rendered":"Amputaci\u00f3n extremidad superior | Caso"},"content":{"rendered":"\n<h2 class=\"wp-block-heading\">CASO REAL DE AMPUTACI\u00d3N<br><\/h2>\n\n\n\n<p>Hay casos que son aleccionadores en muchos aspectos.<\/p>\n\n\n\n<p>El de este paciente, var\u00f3n de 35 a\u00f1os, que sufri\u00f3 una fractura abierta de h\u00famero der. grado IIIC por atropello y posterior fuga del conductor responsable, es un claro ejemplo.<\/p>\n\n\n\n<p>Siendo atendido inicialmente en otro centro, despu\u00e9s de m\u00faltiples intervenciones, no tuvieron m\u00e1s remedio que amputarle el brazo.&nbsp;<\/p>\n\n\n\n<p>Las fotos que se ven en secuencia son tal y como lleg\u00f3 a nuestro centro. La primera de ellas con la esponja de terapia VAC de presi\u00f3n negativa.&nbsp;<\/p>\n\n\n\n<div class=\"wp-block-image\"><figure class=\"alignleft\"><img loading=\"lazy\" decoding=\"async\" width=\"300\" height=\"297\" src=\"https:\/\/traumaunit.es\/blog\/wp-content\/uploads\/2019\/11\/amputacion-esponja-de-terapia-VAC.jpg\" alt=\"amputacion\n\" class=\"wp-image-801\" srcset=\"https:\/\/traumaunit.es\/blog\/wp-content\/uploads\/2019\/11\/amputacion-esponja-de-terapia-VAC.jpg 300w, https:\/\/traumaunit.es\/blog\/wp-content\/uploads\/2019\/11\/amputacion-esponja-de-terapia-VAC-53x53.jpg 53w, https:\/\/traumaunit.es\/blog\/wp-content\/uploads\/2019\/11\/amputacion-esponja-de-terapia-VAC-120x120.jpg 120w\" sizes=\"auto, (max-width: 300px) 100vw, 300px\" \/><\/figure><\/div>\n\n\n\n<p>Las siguientes muestran el aspecto de la zona amputada post retirada del VAC, precisando claramente un revisi\u00f3n y limpieza quir\u00fargica (en 3 ocasiones ).\u00a0<\/p>\n\n\n\n<p><\/p>\n\n\n\n<figure class=\"wp-block-image\"><img loading=\"lazy\" decoding=\"async\" width=\"300\" height=\"304\" src=\"https:\/\/traumaunit.es\/blog\/wp-content\/uploads\/2019\/11\/retirada-del-VAC.jpg\" alt=\"\" class=\"wp-image-804\" srcset=\"https:\/\/traumaunit.es\/blog\/wp-content\/uploads\/2019\/11\/retirada-del-VAC.jpg 300w, https:\/\/traumaunit.es\/blog\/wp-content\/uploads\/2019\/11\/retirada-del-VAC-53x53.jpg 53w\" sizes=\"auto, (max-width: 300px) 100vw, 300px\" \/><\/figure>\n\n\n\n<p>La evoluci\u00f3n posterior del mu\u00f1\u00f3n se aprecia en la siguiente secuencia.<\/p>\n\n\n\n<ul class=\"wp-block-gallery alignright columns-2 is-cropped wp-block-gallery-1 is-layout-flex wp-block-gallery-is-layout-flex\"><li class=\"blocks-gallery-item\"><figure><img loading=\"lazy\" decoding=\"async\" width=\"300\" height=\"310\" src=\"https:\/\/traumaunit.es\/blog\/wp-content\/uploads\/2019\/11\/evolucion-mun\u0303on-1.jpg\" alt=\"\" data-id=\"802\" class=\"wp-image-802\"\/><\/figure><\/li><li class=\"blocks-gallery-item\"><figure><img loading=\"lazy\" decoding=\"async\" width=\"300\" height=\"342\" src=\"https:\/\/traumaunit.es\/blog\/wp-content\/uploads\/2019\/11\/evolucion-mun\u0303on-2.jpg\" alt=\"\" data-id=\"803\" data-link=\"https:\/\/traumaunit.es\/blog\/amputacion-extremidad-superior-caso\/evolucion-mun%cc%83on-2\/\" class=\"wp-image-803\"\/><\/figure><\/li><\/ul>\n\n\n\n<p>Y lo que finalmente se ve en el video que m\u00e1s adelante se puede visualizar, es la capacidad especial que tienen algunas personas de superarse y las habilidades adquiridas en la utilizaci\u00f3n de una pr\u00f3tesis mioel\u00e9ctrica con codo, mu\u00f1eca y dedos articulados, cuyo coste es elevado y ronda los 80-90 mil euros.<\/p>\n\n\n\n<p>Se precisa un mu\u00f1\u00f3n con buen stock muscular y un estricto proceso de trabajo de adaptaci\u00f3n neuromuscular para llegar a semejante grado de precisi\u00f3n.&nbsp;<\/p>\n\n\n\n<p>Este paciente mostr\u00f3 una capacidad infinita de resiliencia y de superaci\u00f3n. Su evoluci\u00f3n contin\u00faa.<\/p>\n\n\n\n<p>Aqu\u00ed teneis un video de los avances del paciente en el control de la pr\u00f3tesis mioel\u00e9ctrica.<\/p>\n\n\n\n<figure class=\"wp-block-embed-youtube wp-block-embed is-type-video is-provider-youtube wp-embed-aspect-4-3 wp-has-aspect-ratio\"><div class=\"wp-block-embed__wrapper\">\n<iframe loading=\"lazy\" title=\"pr\u00f3tesis mioel\u00e9ctrica con codo, mu\u00f1eca y dedos articulados\" width=\"960\" height=\"720\" src=\"https:\/\/www.youtube.com\/embed\/A67C46hC7rk?feature=oembed\" frameborder=\"0\" allow=\"accelerometer; autoplay; encrypted-media; gyroscope; picture-in-picture\" allowfullscreen><\/iframe>\n<\/div><\/figure>\n\n\n\n<p><a href=\"https:\/\/traumaunit.es\/equipo\">El equipo de TRAUMAUNIT<\/a>&nbsp; est\u00e1 formado por grandes profesionales especializados en las diferentes cirug\u00edas traumatol\u00f3gicas. Todo nuestro equipo est\u00e1 altamente comprometido en estar siempre a la vanguardia de todas las innovaciones y las \u00faltimas t\u00e9cnicas que surgen en nuestra especialidad&nbsp; para ofrecer la mejor atenci\u00f3n m\u00e9dica a nuestros pacientes, porque lo primero sois vosotros.<\/p>\n\n\n\n<p>Si deseas concertar una primera visita, no dudes en<a href=\"https:\/\/traumaunit.es\/contacto\"> contactar<\/a> con nosotros.<br><\/p>\n\n\n\n<p>Doctor Pablo Lopez-Osornio<br><\/p>\n","protected":false},"excerpt":{"rendered":"<p>CASO REAL DE AMPUTACI\u00d3N Hay casos que son aleccionadores en muchos aspectos. El de este paciente, var\u00f3n de 35 a\u00f1os, que sufri\u00f3 una fractura abierta de h\u00famero der. grado IIIC por atropello y posterior fuga del conductor responsable, es un claro ejemplo. Siendo atendido inicialmente en otro centro, despu\u00e9s de m\u00faltiples intervenciones, no tuvieron m\u00e1s remedio que amputarle el brazo.&nbsp; Las fotos que se ven en secuencia son tal y como lleg\u00f3 a nuestro centro. La primera de ellas con la esponja de terapia VAC de presi\u00f3n negativa.&nbsp; Las siguientes muestran el aspecto de la zona amputada post retirada del&#8230;<\/p>\n","protected":false},"author":5,"featured_media":788,"comment_status":"open","ping_status":"closed","sticky":false,"template":"","format":"standard","meta":{"footnotes":""},"categories":[44,43],"tags":[45,46,47],"class_list":["post-786","post","type-post","status-publish","format-standard","has-post-thumbnail","hentry","category-amputacion","category-protesis","tag-amputacion","tag-protesis","tag-protesis-mioelectrica"],"yoast_head":"<!-- This site is optimized with the Yoast SEO plugin v27.2 - https:\/\/yoast.com\/product\/yoast-seo-wordpress\/ -->\n<title>Amputaci\u00f3n extremidad superior | Caso | Blog del Dr Casa\u00f1as - Cirug\u00eda ortop\u00e9dica y traumatolog\u00eda adultos<\/title>\n<meta name=\"description\" content=\"Tras una amputaci\u00f3n se precisa un mu\u00f1\u00f3n con buen stock muscular yesfuerzo de adaptaci\u00f3n neuromuscular para la utilizaci\u00f3n de una pr\u00f3tesis mioel\u00e9ctrica.\" \/>\n<meta name=\"robots\" content=\"index, follow, max-snippet:-1, max-image-preview:large, max-video-preview:-1\" \/>\n<link rel=\"canonical\" href=\"https:\/\/traumaunit.es\/blog\/amputacion-extremidad-superior-caso\/\" \/>\n<meta property=\"og:locale\" content=\"es_ES\" \/>\n<meta property=\"og:type\" content=\"article\" \/>\n<meta property=\"og:title\" content=\"Amputaci\u00f3n extremidad superior | Caso | Blog del Dr Casa\u00f1as - Cirug\u00eda ortop\u00e9dica y traumatolog\u00eda adultos\" \/>\n<meta property=\"og:description\" content=\"Tras una amputaci\u00f3n se precisa un mu\u00f1\u00f3n con buen stock muscular yesfuerzo de adaptaci\u00f3n neuromuscular para la utilizaci\u00f3n de una pr\u00f3tesis mioel\u00e9ctrica.\" \/>\n<meta property=\"og:url\" content=\"https:\/\/traumaunit.es\/blog\/amputacion-extremidad-superior-caso\/\" \/>\n<meta property=\"og:site_name\" content=\"Blog del Dr Casa\u00f1as - Cirug\u00eda ortop\u00e9dica y traumatolog\u00eda adultos\" \/>\n<meta property=\"article:publisher\" content=\"https:\/\/www.facebook.com\/Dr.Casanas.Traumaunit\/\" \/>\n<meta property=\"article:published_time\" content=\"2019-11-07T19:32:56+00:00\" \/>\n<meta property=\"article:modified_time\" content=\"2019-11-20T21:20:06+00:00\" \/>\n<meta property=\"og:image\" content=\"https:\/\/traumaunit.es\/blog\/wp-content\/uploads\/2019\/11\/cabecera-protesis-mioelectrica.jpg\" \/>\n\t<meta property=\"og:image:width\" content=\"700\" \/>\n\t<meta property=\"og:image:height\" content=\"637\" \/>\n\t<meta property=\"og:image:type\" content=\"image\/jpeg\" \/>\n<meta name=\"author\" content=\"Dr. Joaqu\u00edn Casa\u00f1as\" \/>\n<meta name=\"twitter:card\" content=\"summary_large_image\" \/>\n<meta name=\"twitter:label1\" content=\"Escrito por\" \/>\n\t<meta name=\"twitter:data1\" content=\"Dr. Joaqu\u00edn Casa\u00f1as\" \/>\n\t<meta name=\"twitter:label2\" content=\"Tiempo de lectura\" \/>\n\t<meta name=\"twitter:data2\" content=\"2 minutos\" \/>\n<script type=\"application\/ld+json\" class=\"yoast-schema-graph\">{\"@context\":\"https:\/\/schema.org\",\"@graph\":[{\"@type\":\"Article\",\"@id\":\"https:\/\/traumaunit.es\/blog\/amputacion-extremidad-superior-caso\/#article\",\"isPartOf\":{\"@id\":\"https:\/\/traumaunit.es\/blog\/amputacion-extremidad-superior-caso\/\"},\"author\":{\"name\":\"Dr. Joaqu\u00edn Casa\u00f1as\",\"@id\":\"https:\/\/traumaunit.es\/blog\/#\/schema\/person\/811991b2641aa059a18c7c91104ed992\"},\"headline\":\"Amputaci\u00f3n extremidad superior | Caso\",\"datePublished\":\"2019-11-07T19:32:56+00:00\",\"dateModified\":\"2019-11-20T21:20:06+00:00\",\"mainEntityOfPage\":{\"@id\":\"https:\/\/traumaunit.es\/blog\/amputacion-extremidad-superior-caso\/\"},\"wordCount\":342,\"commentCount\":0,\"image\":{\"@id\":\"https:\/\/traumaunit.es\/blog\/amputacion-extremidad-superior-caso\/#primaryimage\"},\"thumbnailUrl\":\"https:\/\/traumaunit.es\/blog\/wp-content\/uploads\/2019\/11\/cabecera-protesis-mioelectrica.jpg\",\"keywords\":[\"amputaci\u00f3n\",\"pr\u00f3tesis\",\"pr\u00f3tesis mioel\u00e9ctrica\"],\"articleSection\":[\"amputaci\u00f3n\",\"pr\u00f3tesis\"],\"inLanguage\":\"es\",\"potentialAction\":[{\"@type\":\"CommentAction\",\"name\":\"Comment\",\"target\":[\"https:\/\/traumaunit.es\/blog\/amputacion-extremidad-superior-caso\/#respond\"]}]},{\"@type\":\"WebPage\",\"@id\":\"https:\/\/traumaunit.es\/blog\/amputacion-extremidad-superior-caso\/\",\"url\":\"https:\/\/traumaunit.es\/blog\/amputacion-extremidad-superior-caso\/\",\"name\":\"Amputaci\u00f3n extremidad superior | Caso | Blog del Dr Casa\u00f1as - Cirug\u00eda ortop\u00e9dica y traumatolog\u00eda adultos\",\"isPartOf\":{\"@id\":\"https:\/\/traumaunit.es\/blog\/#website\"},\"primaryImageOfPage\":{\"@id\":\"https:\/\/traumaunit.es\/blog\/amputacion-extremidad-superior-caso\/#primaryimage\"},\"image\":{\"@id\":\"https:\/\/traumaunit.es\/blog\/amputacion-extremidad-superior-caso\/#primaryimage\"},\"thumbnailUrl\":\"https:\/\/traumaunit.es\/blog\/wp-content\/uploads\/2019\/11\/cabecera-protesis-mioelectrica.jpg\",\"datePublished\":\"2019-11-07T19:32:56+00:00\",\"dateModified\":\"2019-11-20T21:20:06+00:00\",\"author\":{\"@id\":\"https:\/\/traumaunit.es\/blog\/#\/schema\/person\/811991b2641aa059a18c7c91104ed992\"},\"description\":\"Tras una amputaci\u00f3n se precisa un mu\u00f1\u00f3n con buen stock muscular yesfuerzo de adaptaci\u00f3n neuromuscular para la utilizaci\u00f3n de una pr\u00f3tesis mioel\u00e9ctrica.\",\"breadcrumb\":{\"@id\":\"https:\/\/traumaunit.es\/blog\/amputacion-extremidad-superior-caso\/#breadcrumb\"},\"inLanguage\":\"es\",\"potentialAction\":[{\"@type\":\"ReadAction\",\"target\":[\"https:\/\/traumaunit.es\/blog\/amputacion-extremidad-superior-caso\/\"]}]},{\"@type\":\"ImageObject\",\"inLanguage\":\"es\",\"@id\":\"https:\/\/traumaunit.es\/blog\/amputacion-extremidad-superior-caso\/#primaryimage\",\"url\":\"https:\/\/traumaunit.es\/blog\/wp-content\/uploads\/2019\/11\/cabecera-protesis-mioelectrica.jpg\",\"contentUrl\":\"https:\/\/traumaunit.es\/blog\/wp-content\/uploads\/2019\/11\/cabecera-protesis-mioelectrica.jpg\",\"width\":700,\"height\":637},{\"@type\":\"BreadcrumbList\",\"@id\":\"https:\/\/traumaunit.es\/blog\/amputacion-extremidad-superior-caso\/#breadcrumb\",\"itemListElement\":[{\"@type\":\"ListItem\",\"position\":1,\"name\":\"Portada\",\"item\":\"https:\/\/traumaunit.es\/blog\/\"},{\"@type\":\"ListItem\",\"position\":2,\"name\":\"Amputaci\u00f3n extremidad superior | Caso\"}]},{\"@type\":\"WebSite\",\"@id\":\"https:\/\/traumaunit.es\/blog\/#website\",\"url\":\"https:\/\/traumaunit.es\/blog\/\",\"name\":\"Blog del Dr Casa\u00f1as - Cirug\u00eda ortop\u00e9dica y traumatolog\u00eda adultos\",\"description\":\"Blog del Doctor Joaquim Casa\u00f1as, especialista de gran prestigio en cirug\u00eda ortop\u00e9dica y traumatolog\u00eda adultos.\",\"potentialAction\":[{\"@type\":\"SearchAction\",\"target\":{\"@type\":\"EntryPoint\",\"urlTemplate\":\"https:\/\/traumaunit.es\/blog\/?s={search_term_string}\"},\"query-input\":{\"@type\":\"PropertyValueSpecification\",\"valueRequired\":true,\"valueName\":\"search_term_string\"}}],\"inLanguage\":\"es\"},{\"@type\":\"Person\",\"@id\":\"https:\/\/traumaunit.es\/blog\/#\/schema\/person\/811991b2641aa059a18c7c91104ed992\",\"name\":\"Dr. Joaqu\u00edn Casa\u00f1as\",\"image\":{\"@type\":\"ImageObject\",\"inLanguage\":\"es\",\"@id\":\"https:\/\/secure.gravatar.com\/avatar\/f24a728ebb8ec26b69321ec2d9352559ad2239c36f32c74fefbeb7c6aa42dcb4?s=96&d=mm&r=g\",\"url\":\"https:\/\/secure.gravatar.com\/avatar\/f24a728ebb8ec26b69321ec2d9352559ad2239c36f32c74fefbeb7c6aa42dcb4?s=96&d=mm&r=g\",\"contentUrl\":\"https:\/\/secure.gravatar.com\/avatar\/f24a728ebb8ec26b69321ec2d9352559ad2239c36f32c74fefbeb7c6aa42dcb4?s=96&d=mm&r=g\",\"caption\":\"Dr. Joaqu\u00edn Casa\u00f1as\"},\"description\":\"Dr. Joaqu\u00edn Casa\u00f1as es un especialista destacado en cirug\u00eda ortop\u00e9dica, traumatolog\u00eda, pero sobre todo en nervio perif\u00e9rico, plexo braquial y cirug\u00eda de la mano, de cuyas 3 especialidades atesora un gran prestigio internacional. Licenciado en Medicina y Cirug\u00eda por la Universidad Central de Barcelona en 1988, complet\u00f3 su formaci\u00f3n como m\u00e9dico residente (MIR) en la Ciudad Sanitaria y Universitaria de Bellvitge. Cuenta con el Diplomado Europeo en Cirug\u00eda de la Mano desde el 2000. Ha trabajado en diversas instituciones, incluyendo el Hospital de Meritxell en Andorra y el Hospital Germans Trias i Pujol de Badalona. Desde 1994, es m\u00e9dico adjunto en el servicio de Cirug\u00eda Ortop\u00e9dica y Traumatolog\u00eda de la Ciudad Sanitaria y Universitaria de Bellvitge. Adem\u00e1s de su pr\u00e1ctica cl\u00ednica, ha contribuido con numerosas publicaciones cient\u00edficas y cap\u00edtulos de libros en su campo. En la actualidad da conferencias en diferentes congresos internacionales en relaci\u00f3n a sus principales especialidades, adem\u00e1s de dirigir Traumaunit, la unidad de traumatolog\u00eda de Teknon en Barcelona.\",\"sameAs\":[\"http:\/\/traumaunit.es\",\"https:\/\/www.youtube.com\/channel\/UCDHOGYWyQKaaLl16Q9ln0hQ\"],\"url\":\"https:\/\/traumaunit.es\/blog\/author\/iamacookie\/\"}]}<\/script>\n<!-- \/ Yoast SEO plugin. -->","yoast_head_json":{"title":"Amputaci\u00f3n extremidad superior | Caso | Blog del Dr Casa\u00f1as - Cirug\u00eda ortop\u00e9dica y traumatolog\u00eda adultos","description":"Tras una amputaci\u00f3n se precisa un mu\u00f1\u00f3n con buen stock muscular yesfuerzo de adaptaci\u00f3n neuromuscular para la utilizaci\u00f3n de una pr\u00f3tesis mioel\u00e9ctrica.","robots":{"index":"index","follow":"follow","max-snippet":"max-snippet:-1","max-image-preview":"max-image-preview:large","max-video-preview":"max-video-preview:-1"},"canonical":"https:\/\/traumaunit.es\/blog\/amputacion-extremidad-superior-caso\/","og_locale":"es_ES","og_type":"article","og_title":"Amputaci\u00f3n extremidad superior | Caso | Blog del Dr Casa\u00f1as - Cirug\u00eda ortop\u00e9dica y traumatolog\u00eda adultos","og_description":"Tras una amputaci\u00f3n se precisa un mu\u00f1\u00f3n con buen stock muscular yesfuerzo de adaptaci\u00f3n neuromuscular para la utilizaci\u00f3n de una pr\u00f3tesis mioel\u00e9ctrica.","og_url":"https:\/\/traumaunit.es\/blog\/amputacion-extremidad-superior-caso\/","og_site_name":"Blog del Dr Casa\u00f1as - Cirug\u00eda ortop\u00e9dica y traumatolog\u00eda adultos","article_publisher":"https:\/\/www.facebook.com\/Dr.Casanas.Traumaunit\/","article_published_time":"2019-11-07T19:32:56+00:00","article_modified_time":"2019-11-20T21:20:06+00:00","og_image":[{"width":700,"height":637,"url":"https:\/\/traumaunit.es\/blog\/wp-content\/uploads\/2019\/11\/cabecera-protesis-mioelectrica.jpg","type":"image\/jpeg"}],"author":"Dr. Joaqu\u00edn Casa\u00f1as","twitter_card":"summary_large_image","twitter_misc":{"Escrito por":"Dr. Joaqu\u00edn Casa\u00f1as","Tiempo de lectura":"2 minutos"},"schema":{"@context":"https:\/\/schema.org","@graph":[{"@type":"Article","@id":"https:\/\/traumaunit.es\/blog\/amputacion-extremidad-superior-caso\/#article","isPartOf":{"@id":"https:\/\/traumaunit.es\/blog\/amputacion-extremidad-superior-caso\/"},"author":{"name":"Dr. Joaqu\u00edn Casa\u00f1as","@id":"https:\/\/traumaunit.es\/blog\/#\/schema\/person\/811991b2641aa059a18c7c91104ed992"},"headline":"Amputaci\u00f3n extremidad superior | Caso","datePublished":"2019-11-07T19:32:56+00:00","dateModified":"2019-11-20T21:20:06+00:00","mainEntityOfPage":{"@id":"https:\/\/traumaunit.es\/blog\/amputacion-extremidad-superior-caso\/"},"wordCount":342,"commentCount":0,"image":{"@id":"https:\/\/traumaunit.es\/blog\/amputacion-extremidad-superior-caso\/#primaryimage"},"thumbnailUrl":"https:\/\/traumaunit.es\/blog\/wp-content\/uploads\/2019\/11\/cabecera-protesis-mioelectrica.jpg","keywords":["amputaci\u00f3n","pr\u00f3tesis","pr\u00f3tesis mioel\u00e9ctrica"],"articleSection":["amputaci\u00f3n","pr\u00f3tesis"],"inLanguage":"es","potentialAction":[{"@type":"CommentAction","name":"Comment","target":["https:\/\/traumaunit.es\/blog\/amputacion-extremidad-superior-caso\/#respond"]}]},{"@type":"WebPage","@id":"https:\/\/traumaunit.es\/blog\/amputacion-extremidad-superior-caso\/","url":"https:\/\/traumaunit.es\/blog\/amputacion-extremidad-superior-caso\/","name":"Amputaci\u00f3n extremidad superior | Caso | Blog del Dr Casa\u00f1as - Cirug\u00eda ortop\u00e9dica y traumatolog\u00eda adultos","isPartOf":{"@id":"https:\/\/traumaunit.es\/blog\/#website"},"primaryImageOfPage":{"@id":"https:\/\/traumaunit.es\/blog\/amputacion-extremidad-superior-caso\/#primaryimage"},"image":{"@id":"https:\/\/traumaunit.es\/blog\/amputacion-extremidad-superior-caso\/#primaryimage"},"thumbnailUrl":"https:\/\/traumaunit.es\/blog\/wp-content\/uploads\/2019\/11\/cabecera-protesis-mioelectrica.jpg","datePublished":"2019-11-07T19:32:56+00:00","dateModified":"2019-11-20T21:20:06+00:00","author":{"@id":"https:\/\/traumaunit.es\/blog\/#\/schema\/person\/811991b2641aa059a18c7c91104ed992"},"description":"Tras una amputaci\u00f3n se precisa un mu\u00f1\u00f3n con buen stock muscular yesfuerzo de adaptaci\u00f3n neuromuscular para la utilizaci\u00f3n de una pr\u00f3tesis mioel\u00e9ctrica.","breadcrumb":{"@id":"https:\/\/traumaunit.es\/blog\/amputacion-extremidad-superior-caso\/#breadcrumb"},"inLanguage":"es","potentialAction":[{"@type":"ReadAction","target":["https:\/\/traumaunit.es\/blog\/amputacion-extremidad-superior-caso\/"]}]},{"@type":"ImageObject","inLanguage":"es","@id":"https:\/\/traumaunit.es\/blog\/amputacion-extremidad-superior-caso\/#primaryimage","url":"https:\/\/traumaunit.es\/blog\/wp-content\/uploads\/2019\/11\/cabecera-protesis-mioelectrica.jpg","contentUrl":"https:\/\/traumaunit.es\/blog\/wp-content\/uploads\/2019\/11\/cabecera-protesis-mioelectrica.jpg","width":700,"height":637},{"@type":"BreadcrumbList","@id":"https:\/\/traumaunit.es\/blog\/amputacion-extremidad-superior-caso\/#breadcrumb","itemListElement":[{"@type":"ListItem","position":1,"name":"Portada","item":"https:\/\/traumaunit.es\/blog\/"},{"@type":"ListItem","position":2,"name":"Amputaci\u00f3n extremidad superior | Caso"}]},{"@type":"WebSite","@id":"https:\/\/traumaunit.es\/blog\/#website","url":"https:\/\/traumaunit.es\/blog\/","name":"Blog del Dr Casa\u00f1as - Cirug\u00eda ortop\u00e9dica y traumatolog\u00eda adultos","description":"Blog del Doctor Joaquim Casa\u00f1as, especialista de gran prestigio en cirug\u00eda ortop\u00e9dica y traumatolog\u00eda adultos.","potentialAction":[{"@type":"SearchAction","target":{"@type":"EntryPoint","urlTemplate":"https:\/\/traumaunit.es\/blog\/?s={search_term_string}"},"query-input":{"@type":"PropertyValueSpecification","valueRequired":true,"valueName":"search_term_string"}}],"inLanguage":"es"},{"@type":"Person","@id":"https:\/\/traumaunit.es\/blog\/#\/schema\/person\/811991b2641aa059a18c7c91104ed992","name":"Dr. Joaqu\u00edn Casa\u00f1as","image":{"@type":"ImageObject","inLanguage":"es","@id":"https:\/\/secure.gravatar.com\/avatar\/f24a728ebb8ec26b69321ec2d9352559ad2239c36f32c74fefbeb7c6aa42dcb4?s=96&d=mm&r=g","url":"https:\/\/secure.gravatar.com\/avatar\/f24a728ebb8ec26b69321ec2d9352559ad2239c36f32c74fefbeb7c6aa42dcb4?s=96&d=mm&r=g","contentUrl":"https:\/\/secure.gravatar.com\/avatar\/f24a728ebb8ec26b69321ec2d9352559ad2239c36f32c74fefbeb7c6aa42dcb4?s=96&d=mm&r=g","caption":"Dr. Joaqu\u00edn Casa\u00f1as"},"description":"Dr. Joaqu\u00edn Casa\u00f1as es un especialista destacado en cirug\u00eda ortop\u00e9dica, traumatolog\u00eda, pero sobre todo en nervio perif\u00e9rico, plexo braquial y cirug\u00eda de la mano, de cuyas 3 especialidades atesora un gran prestigio internacional. Licenciado en Medicina y Cirug\u00eda por la Universidad Central de Barcelona en 1988, complet\u00f3 su formaci\u00f3n como m\u00e9dico residente (MIR) en la Ciudad Sanitaria y Universitaria de Bellvitge. Cuenta con el Diplomado Europeo en Cirug\u00eda de la Mano desde el 2000. Ha trabajado en diversas instituciones, incluyendo el Hospital de Meritxell en Andorra y el Hospital Germans Trias i Pujol de Badalona. Desde 1994, es m\u00e9dico adjunto en el servicio de Cirug\u00eda Ortop\u00e9dica y Traumatolog\u00eda de la Ciudad Sanitaria y Universitaria de Bellvitge. Adem\u00e1s de su pr\u00e1ctica cl\u00ednica, ha contribuido con numerosas publicaciones cient\u00edficas y cap\u00edtulos de libros en su campo. En la actualidad da conferencias en diferentes congresos internacionales en relaci\u00f3n a sus principales especialidades, adem\u00e1s de dirigir Traumaunit, la unidad de traumatolog\u00eda de Teknon en Barcelona.","sameAs":["http:\/\/traumaunit.es","https:\/\/www.youtube.com\/channel\/UCDHOGYWyQKaaLl16Q9ln0hQ"],"url":"https:\/\/traumaunit.es\/blog\/author\/iamacookie\/"}]}},"_links":{"self":[{"href":"https:\/\/traumaunit.es\/blog\/wp-json\/wp\/v2\/posts\/786","targetHints":{"allow":["GET"]}}],"collection":[{"href":"https:\/\/traumaunit.es\/blog\/wp-json\/wp\/v2\/posts"}],"about":[{"href":"https:\/\/traumaunit.es\/blog\/wp-json\/wp\/v2\/types\/post"}],"author":[{"embeddable":true,"href":"https:\/\/traumaunit.es\/blog\/wp-json\/wp\/v2\/users\/5"}],"replies":[{"embeddable":true,"href":"https:\/\/traumaunit.es\/blog\/wp-json\/wp\/v2\/comments?post=786"}],"version-history":[{"count":3,"href":"https:\/\/traumaunit.es\/blog\/wp-json\/wp\/v2\/posts\/786\/revisions"}],"predecessor-version":[{"id":805,"href":"https:\/\/traumaunit.es\/blog\/wp-json\/wp\/v2\/posts\/786\/revisions\/805"}],"wp:featuredmedia":[{"embeddable":true,"href":"https:\/\/traumaunit.es\/blog\/wp-json\/wp\/v2\/media\/788"}],"wp:attachment":[{"href":"https:\/\/traumaunit.es\/blog\/wp-json\/wp\/v2\/media?parent=786"}],"wp:term":[{"taxonomy":"category","embeddable":true,"href":"https:\/\/traumaunit.es\/blog\/wp-json\/wp\/v2\/categories?post=786"},{"taxonomy":"post_tag","embeddable":true,"href":"https:\/\/traumaunit.es\/blog\/wp-json\/wp\/v2\/tags?post=786"}],"curies":[{"name":"wp","href":"https:\/\/api.w.org\/{rel}","templated":true}]}}