{"id":790,"date":"2019-11-20T19:46:09","date_gmt":"2019-11-20T19:46:09","guid":{"rendered":"https:\/\/traumaunit.es\/blog\/?p=790"},"modified":"2019-11-25T13:11:43","modified_gmt":"2019-11-25T13:11:43","slug":"iii-curso-monografico-de-muneca-y-mano","status":"publish","type":"post","link":"https:\/\/traumaunit.es\/blog\/iii-curso-monografico-de-muneca-y-mano\/","title":{"rendered":"Cirug\u00eda mu\u00f1eca y mano | III Curso monogr\u00e1fico de mu\u00f1eca y mano"},"content":{"rendered":"\n<p>Finalizado\u00a0 el III Curso Monogr\u00e1fico de Patolog\u00eda de mu\u00f1eca y mano organizado por  <a href=\"https:\/\/traumaunit.es\/\">\u00a0TRAUMAUNIT<\/a>. <\/p>\n\n\n\n<p>No nos queda m\u00e1s que agradecer enormemente la colaboraci\u00f3n de todos los ponentes, que adem\u00e1s de profesionales de primer nivel son amigos capaces de hacer un hueco en sus apretadas agendas para poder participar en el curso.<\/p>\n\n\n\n<figure class=\"wp-block-image\"><img decoding=\"async\" src=\"https:\/\/lh4.googleusercontent.com\/X1zPi3bmA7pVCiySlbl-0fX7kFm2FR_DxMSL0apr4CGPlnV4d05hkCFI0k6q09hTAKOP6I77ywFqHiYsrWXY9Lm_tSyibTlnRnnB619-kkfKGrnSN7e1328_SSxMUXelqAjXxKOu\" alt=\"curso monografico de mu\u00f1eca y mano\"\/><\/figure>\n\n\n\n<p>El Comit\u00e9 organizador ha estado protagonizado por <a href=\"https:\/\/traumaunit.es\/\">&nbsp;TRAUMAUNIT<\/a> y, en concreto, por los doctores Cristobal Martinez, Jaime de la Torre Rojo, Joaquim Casa\u00f1as y por Pablo Lopez-Osornio.<\/p>\n\n\n\n<p>Hemos contado con la presencia de ponentes de gran envergadura.  <\/p>\n\n\n\n<p>As\u00ed, hemos contado con la ponencia y colaboraci\u00f3n de los doctor@s como\u00a0 Mireia Esplugas, Vicente Carratal\u00e0,  Gemma Pidemunt, Enric Dominguez, Inma Puig de la Bellacasa, Francisco Javier Lucas, Alex Berenguer, Marcos Cruz , Sergi Barrera y Jaime de la Torre.<\/p>\n\n\n\n<p>Es una suerte poderte rodear de gente que te ense\u00f1a y te ayuda a mejorar.&nbsp;<\/p>\n\n\n\n<figure class=\"wp-block-image\"><img decoding=\"async\" src=\"https:\/\/lh5.googleusercontent.com\/Lb3mP_5Vlg3Sd4vKiwxUGNx8DqmM5wiWcG1sYzb4TUptfmtYivs_r2nWIaLc8xZIY2zu2ZikFPO-VG5Z7X0d-Tf6Rw-4YsyF6Gj9HZVdNxKIJj29i9JvAymlOx_xRgl08YPJANOW\" alt=\"Curso de mano y mu\u00f1eca\"\/><\/figure>\n\n\n\n<p>Gracias asimismo a Acumed por creer en la docencia activa como m\u00e9todo para conseguir la excelencia en nuestra profesi\u00f3n y a Atenta Marketing por su perfecta organizacion.<\/p>\n\n\n\n<figure class=\"wp-block-image\"><img decoding=\"async\" src=\"https:\/\/lh3.googleusercontent.com\/hSSEY7Hf9CFKsDxm9Z3J0i3dwQJPlzRCzT-pZ_ffgJq9HMXZElscV-ixvP40GLIsL4fyrBMHtas4whV2kNqWqGq4XVspTxWX8IHDyKIoLIZ_xPU7YchlTghTM-NgK3o_crFaqWju\" alt=\"cirugia de mano y mu\u00f1eca\n\"\/><\/figure>\n\n\n\n<p>Ya , por \u00faltimo, agradecer a los asistentes y esperar haber cumplido las expectativas de los mismos, que eran el objetivo principal de este curso.<\/p>\n\n\n\n<p>El equipo de<a href=\"https:\/\/traumaunit.es\/\"> TRAUMAUNIT<\/a>&nbsp; siempre estar\u00e1 a la vanguardia de todas las innovaciones y las \u00faltimas t\u00e9cnicas que surgen en nuestra especialidad&nbsp; para ofrecer la mejor atenci\u00f3n m\u00e9dica a nuestros pacientes.<\/p>\n\n\n\n<p>Si deseas m\u00e1s informaci\u00f3n sobre la  <a href=\"https:\/\/traumaunit.es\/mano-y-muneca\">sobre cirug\u00eda de la mano y mu\u00f1eca <\/a>o  deseas concertar una primera visita, no dudes en <a href=\"https:\/\/traumaunit.es\/contacto\">contactar<\/a> con nosotros. <br><\/p>\n","protected":false},"excerpt":{"rendered":"<p>Finalizado\u00a0 el III Curso Monogr\u00e1fico de Patolog\u00eda de mu\u00f1eca y mano organizado por \u00a0TRAUMAUNIT. No nos queda m\u00e1s que agradecer enormemente la colaboraci\u00f3n de todos los ponentes, que adem\u00e1s de profesionales de primer nivel son amigos capaces de hacer un hueco en sus apretadas agendas para poder participar en el curso. El Comit\u00e9 organizador ha estado protagonizado por &nbsp;TRAUMAUNIT y, en concreto, por los doctores Cristobal Martinez, Jaime de la Torre Rojo, Joaquim Casa\u00f1as y por Pablo Lopez-Osornio. Hemos contado con la presencia de ponentes de gran envergadura. As\u00ed, hemos contado con la ponencia y colaboraci\u00f3n de los doctor@s como\u00a0&#8230;<\/p>\n","protected":false},"author":5,"featured_media":792,"comment_status":"open","ping_status":"closed","sticky":false,"template":"","format":"standard","meta":{"footnotes":""},"categories":[32,7],"tags":[],"class_list":["post-790","post","type-post","status-publish","format-standard","has-post-thumbnail","hentry","category-cirugia-de-la-mano","category-cursos-y-conferencias"],"yoast_head":"<!-- This site is optimized with the Yoast SEO plugin v27.2 - https:\/\/yoast.com\/product\/yoast-seo-wordpress\/ -->\n<title>Cirug\u00eda mu\u00f1eca y mano | III Curso monogr\u00e1fico de mu\u00f1eca y mano | Blog del Dr Casa\u00f1as - Cirug\u00eda ortop\u00e9dica y traumatolog\u00eda adultos<\/title>\n<meta name=\"description\" content=\"Finalizado el III Curso Monogr\u00e1fico de Patolog\u00eda de mu\u00f1eca y mano organizado por Traumaunit con la colaboraci\u00f3n de doctores del equipo. Cirugia de mu\u00f1eca y mano\" \/>\n<meta name=\"robots\" content=\"index, follow, max-snippet:-1, max-image-preview:large, max-video-preview:-1\" \/>\n<link rel=\"canonical\" href=\"https:\/\/traumaunit.es\/blog\/iii-curso-monografico-de-muneca-y-mano\/\" \/>\n<meta property=\"og:locale\" content=\"es_ES\" \/>\n<meta property=\"og:type\" content=\"article\" \/>\n<meta property=\"og:title\" content=\"Cirug\u00eda mu\u00f1eca y mano | III Curso monogr\u00e1fico de mu\u00f1eca y mano | Blog del Dr Casa\u00f1as - Cirug\u00eda ortop\u00e9dica y traumatolog\u00eda adultos\" \/>\n<meta property=\"og:description\" content=\"Finalizado el III Curso Monogr\u00e1fico de Patolog\u00eda de mu\u00f1eca y mano organizado por Traumaunit con la colaboraci\u00f3n de doctores del equipo. Cirugia de mu\u00f1eca y mano\" \/>\n<meta property=\"og:url\" content=\"https:\/\/traumaunit.es\/blog\/iii-curso-monografico-de-muneca-y-mano\/\" \/>\n<meta property=\"og:site_name\" content=\"Blog del Dr Casa\u00f1as - Cirug\u00eda ortop\u00e9dica y traumatolog\u00eda adultos\" \/>\n<meta property=\"article:publisher\" content=\"https:\/\/www.facebook.com\/Dr.Casanas.Traumaunit\/\" \/>\n<meta property=\"article:published_time\" content=\"2019-11-20T19:46:09+00:00\" \/>\n<meta property=\"article:modified_time\" content=\"2019-11-25T13:11:43+00:00\" \/>\n<meta property=\"og:image\" content=\"https:\/\/traumaunit.es\/blog\/wp-content\/uploads\/2019\/11\/cabecera-traumaunit-curso-cirugia-de-la-mano-y-mun\u0303eca.jpg\" \/>\n\t<meta property=\"og:image:width\" content=\"650\" \/>\n\t<meta property=\"og:image:height\" content=\"446\" \/>\n\t<meta property=\"og:image:type\" content=\"image\/jpeg\" \/>\n<meta name=\"author\" content=\"Dr. Joaqu\u00edn Casa\u00f1as\" \/>\n<meta name=\"twitter:card\" content=\"summary_large_image\" \/>\n<meta name=\"twitter:label1\" content=\"Escrito por\" \/>\n\t<meta name=\"twitter:data1\" content=\"Dr. Joaqu\u00edn Casa\u00f1as\" \/>\n\t<meta name=\"twitter:label2\" content=\"Tiempo de lectura\" \/>\n\t<meta name=\"twitter:data2\" content=\"1 minuto\" \/>\n<script type=\"application\/ld+json\" class=\"yoast-schema-graph\">{\"@context\":\"https:\/\/schema.org\",\"@graph\":[{\"@type\":\"Article\",\"@id\":\"https:\/\/traumaunit.es\/blog\/iii-curso-monografico-de-muneca-y-mano\/#article\",\"isPartOf\":{\"@id\":\"https:\/\/traumaunit.es\/blog\/iii-curso-monografico-de-muneca-y-mano\/\"},\"author\":{\"name\":\"Dr. Joaqu\u00edn Casa\u00f1as\",\"@id\":\"https:\/\/traumaunit.es\/blog\/#\/schema\/person\/811991b2641aa059a18c7c91104ed992\"},\"headline\":\"Cirug\u00eda mu\u00f1eca y mano | III Curso monogr\u00e1fico de mu\u00f1eca y mano\",\"datePublished\":\"2019-11-20T19:46:09+00:00\",\"dateModified\":\"2019-11-25T13:11:43+00:00\",\"mainEntityOfPage\":{\"@id\":\"https:\/\/traumaunit.es\/blog\/iii-curso-monografico-de-muneca-y-mano\/\"},\"wordCount\":287,\"commentCount\":0,\"image\":{\"@id\":\"https:\/\/traumaunit.es\/blog\/iii-curso-monografico-de-muneca-y-mano\/#primaryimage\"},\"thumbnailUrl\":\"https:\/\/traumaunit.es\/blog\/wp-content\/uploads\/2019\/11\/cabecera-traumaunit-curso-cirugia-de-la-mano-y-mun\u0303eca.jpg\",\"articleSection\":[\"cirug\u00eda de la mano\",\"cursos y conferencias\"],\"inLanguage\":\"es\",\"potentialAction\":[{\"@type\":\"CommentAction\",\"name\":\"Comment\",\"target\":[\"https:\/\/traumaunit.es\/blog\/iii-curso-monografico-de-muneca-y-mano\/#respond\"]}]},{\"@type\":\"WebPage\",\"@id\":\"https:\/\/traumaunit.es\/blog\/iii-curso-monografico-de-muneca-y-mano\/\",\"url\":\"https:\/\/traumaunit.es\/blog\/iii-curso-monografico-de-muneca-y-mano\/\",\"name\":\"Cirug\u00eda mu\u00f1eca y mano | III Curso monogr\u00e1fico de mu\u00f1eca y mano | Blog del Dr Casa\u00f1as - Cirug\u00eda ortop\u00e9dica y traumatolog\u00eda adultos\",\"isPartOf\":{\"@id\":\"https:\/\/traumaunit.es\/blog\/#website\"},\"primaryImageOfPage\":{\"@id\":\"https:\/\/traumaunit.es\/blog\/iii-curso-monografico-de-muneca-y-mano\/#primaryimage\"},\"image\":{\"@id\":\"https:\/\/traumaunit.es\/blog\/iii-curso-monografico-de-muneca-y-mano\/#primaryimage\"},\"thumbnailUrl\":\"https:\/\/traumaunit.es\/blog\/wp-content\/uploads\/2019\/11\/cabecera-traumaunit-curso-cirugia-de-la-mano-y-mun\u0303eca.jpg\",\"datePublished\":\"2019-11-20T19:46:09+00:00\",\"dateModified\":\"2019-11-25T13:11:43+00:00\",\"author\":{\"@id\":\"https:\/\/traumaunit.es\/blog\/#\/schema\/person\/811991b2641aa059a18c7c91104ed992\"},\"description\":\"Finalizado el III Curso Monogr\u00e1fico de Patolog\u00eda de mu\u00f1eca y mano organizado por Traumaunit con la colaboraci\u00f3n de doctores del equipo. Cirugia de mu\u00f1eca y mano\",\"breadcrumb\":{\"@id\":\"https:\/\/traumaunit.es\/blog\/iii-curso-monografico-de-muneca-y-mano\/#breadcrumb\"},\"inLanguage\":\"es\",\"potentialAction\":[{\"@type\":\"ReadAction\",\"target\":[\"https:\/\/traumaunit.es\/blog\/iii-curso-monografico-de-muneca-y-mano\/\"]}]},{\"@type\":\"ImageObject\",\"inLanguage\":\"es\",\"@id\":\"https:\/\/traumaunit.es\/blog\/iii-curso-monografico-de-muneca-y-mano\/#primaryimage\",\"url\":\"https:\/\/traumaunit.es\/blog\/wp-content\/uploads\/2019\/11\/cabecera-traumaunit-curso-cirugia-de-la-mano-y-mun\u0303eca.jpg\",\"contentUrl\":\"https:\/\/traumaunit.es\/blog\/wp-content\/uploads\/2019\/11\/cabecera-traumaunit-curso-cirugia-de-la-mano-y-mun\u0303eca.jpg\",\"width\":650,\"height\":446},{\"@type\":\"BreadcrumbList\",\"@id\":\"https:\/\/traumaunit.es\/blog\/iii-curso-monografico-de-muneca-y-mano\/#breadcrumb\",\"itemListElement\":[{\"@type\":\"ListItem\",\"position\":1,\"name\":\"Portada\",\"item\":\"https:\/\/traumaunit.es\/blog\/\"},{\"@type\":\"ListItem\",\"position\":2,\"name\":\"Cirug\u00eda mu\u00f1eca y mano | III Curso monogr\u00e1fico de mu\u00f1eca y mano\"}]},{\"@type\":\"WebSite\",\"@id\":\"https:\/\/traumaunit.es\/blog\/#website\",\"url\":\"https:\/\/traumaunit.es\/blog\/\",\"name\":\"Blog del Dr Casa\u00f1as - Cirug\u00eda ortop\u00e9dica y traumatolog\u00eda adultos\",\"description\":\"Blog del Doctor Joaquim Casa\u00f1as, especialista de gran prestigio en cirug\u00eda ortop\u00e9dica y traumatolog\u00eda adultos.\",\"potentialAction\":[{\"@type\":\"SearchAction\",\"target\":{\"@type\":\"EntryPoint\",\"urlTemplate\":\"https:\/\/traumaunit.es\/blog\/?s={search_term_string}\"},\"query-input\":{\"@type\":\"PropertyValueSpecification\",\"valueRequired\":true,\"valueName\":\"search_term_string\"}}],\"inLanguage\":\"es\"},{\"@type\":\"Person\",\"@id\":\"https:\/\/traumaunit.es\/blog\/#\/schema\/person\/811991b2641aa059a18c7c91104ed992\",\"name\":\"Dr. Joaqu\u00edn Casa\u00f1as\",\"image\":{\"@type\":\"ImageObject\",\"inLanguage\":\"es\",\"@id\":\"https:\/\/secure.gravatar.com\/avatar\/f24a728ebb8ec26b69321ec2d9352559ad2239c36f32c74fefbeb7c6aa42dcb4?s=96&d=mm&r=g\",\"url\":\"https:\/\/secure.gravatar.com\/avatar\/f24a728ebb8ec26b69321ec2d9352559ad2239c36f32c74fefbeb7c6aa42dcb4?s=96&d=mm&r=g\",\"contentUrl\":\"https:\/\/secure.gravatar.com\/avatar\/f24a728ebb8ec26b69321ec2d9352559ad2239c36f32c74fefbeb7c6aa42dcb4?s=96&d=mm&r=g\",\"caption\":\"Dr. Joaqu\u00edn Casa\u00f1as\"},\"description\":\"Dr. Joaqu\u00edn Casa\u00f1as es un especialista destacado en cirug\u00eda ortop\u00e9dica, traumatolog\u00eda, pero sobre todo en nervio perif\u00e9rico, plexo braquial y cirug\u00eda de la mano, de cuyas 3 especialidades atesora un gran prestigio internacional. Licenciado en Medicina y Cirug\u00eda por la Universidad Central de Barcelona en 1988, complet\u00f3 su formaci\u00f3n como m\u00e9dico residente (MIR) en la Ciudad Sanitaria y Universitaria de Bellvitge. Cuenta con el Diplomado Europeo en Cirug\u00eda de la Mano desde el 2000. Ha trabajado en diversas instituciones, incluyendo el Hospital de Meritxell en Andorra y el Hospital Germans Trias i Pujol de Badalona. Desde 1994, es m\u00e9dico adjunto en el servicio de Cirug\u00eda Ortop\u00e9dica y Traumatolog\u00eda de la Ciudad Sanitaria y Universitaria de Bellvitge. Adem\u00e1s de su pr\u00e1ctica cl\u00ednica, ha contribuido con numerosas publicaciones cient\u00edficas y cap\u00edtulos de libros en su campo. En la actualidad da conferencias en diferentes congresos internacionales en relaci\u00f3n a sus principales especialidades, adem\u00e1s de dirigir Traumaunit, la unidad de traumatolog\u00eda de Teknon en Barcelona.\",\"sameAs\":[\"http:\/\/traumaunit.es\",\"https:\/\/www.youtube.com\/channel\/UCDHOGYWyQKaaLl16Q9ln0hQ\"],\"url\":\"https:\/\/traumaunit.es\/blog\/author\/iamacookie\/\"}]}<\/script>\n<!-- \/ Yoast SEO plugin. -->","yoast_head_json":{"title":"Cirug\u00eda mu\u00f1eca y mano | III Curso monogr\u00e1fico de mu\u00f1eca y mano | Blog del Dr Casa\u00f1as - Cirug\u00eda ortop\u00e9dica y traumatolog\u00eda adultos","description":"Finalizado el III Curso Monogr\u00e1fico de Patolog\u00eda de mu\u00f1eca y mano organizado por Traumaunit con la colaboraci\u00f3n de doctores del equipo. Cirugia de mu\u00f1eca y mano","robots":{"index":"index","follow":"follow","max-snippet":"max-snippet:-1","max-image-preview":"max-image-preview:large","max-video-preview":"max-video-preview:-1"},"canonical":"https:\/\/traumaunit.es\/blog\/iii-curso-monografico-de-muneca-y-mano\/","og_locale":"es_ES","og_type":"article","og_title":"Cirug\u00eda mu\u00f1eca y mano | III Curso monogr\u00e1fico de mu\u00f1eca y mano | Blog del Dr Casa\u00f1as - Cirug\u00eda ortop\u00e9dica y traumatolog\u00eda adultos","og_description":"Finalizado el III Curso Monogr\u00e1fico de Patolog\u00eda de mu\u00f1eca y mano organizado por Traumaunit con la colaboraci\u00f3n de doctores del equipo. Cirugia de mu\u00f1eca y mano","og_url":"https:\/\/traumaunit.es\/blog\/iii-curso-monografico-de-muneca-y-mano\/","og_site_name":"Blog del Dr Casa\u00f1as - Cirug\u00eda ortop\u00e9dica y traumatolog\u00eda adultos","article_publisher":"https:\/\/www.facebook.com\/Dr.Casanas.Traumaunit\/","article_published_time":"2019-11-20T19:46:09+00:00","article_modified_time":"2019-11-25T13:11:43+00:00","og_image":[{"width":650,"height":446,"url":"https:\/\/traumaunit.es\/blog\/wp-content\/uploads\/2019\/11\/cabecera-traumaunit-curso-cirugia-de-la-mano-y-mun\u0303eca.jpg","type":"image\/jpeg"}],"author":"Dr. Joaqu\u00edn Casa\u00f1as","twitter_card":"summary_large_image","twitter_misc":{"Escrito por":"Dr. Joaqu\u00edn Casa\u00f1as","Tiempo de lectura":"1 minuto"},"schema":{"@context":"https:\/\/schema.org","@graph":[{"@type":"Article","@id":"https:\/\/traumaunit.es\/blog\/iii-curso-monografico-de-muneca-y-mano\/#article","isPartOf":{"@id":"https:\/\/traumaunit.es\/blog\/iii-curso-monografico-de-muneca-y-mano\/"},"author":{"name":"Dr. Joaqu\u00edn Casa\u00f1as","@id":"https:\/\/traumaunit.es\/blog\/#\/schema\/person\/811991b2641aa059a18c7c91104ed992"},"headline":"Cirug\u00eda mu\u00f1eca y mano | III Curso monogr\u00e1fico de mu\u00f1eca y mano","datePublished":"2019-11-20T19:46:09+00:00","dateModified":"2019-11-25T13:11:43+00:00","mainEntityOfPage":{"@id":"https:\/\/traumaunit.es\/blog\/iii-curso-monografico-de-muneca-y-mano\/"},"wordCount":287,"commentCount":0,"image":{"@id":"https:\/\/traumaunit.es\/blog\/iii-curso-monografico-de-muneca-y-mano\/#primaryimage"},"thumbnailUrl":"https:\/\/traumaunit.es\/blog\/wp-content\/uploads\/2019\/11\/cabecera-traumaunit-curso-cirugia-de-la-mano-y-mun\u0303eca.jpg","articleSection":["cirug\u00eda de la mano","cursos y conferencias"],"inLanguage":"es","potentialAction":[{"@type":"CommentAction","name":"Comment","target":["https:\/\/traumaunit.es\/blog\/iii-curso-monografico-de-muneca-y-mano\/#respond"]}]},{"@type":"WebPage","@id":"https:\/\/traumaunit.es\/blog\/iii-curso-monografico-de-muneca-y-mano\/","url":"https:\/\/traumaunit.es\/blog\/iii-curso-monografico-de-muneca-y-mano\/","name":"Cirug\u00eda mu\u00f1eca y mano | III Curso monogr\u00e1fico de mu\u00f1eca y mano | Blog del Dr Casa\u00f1as - Cirug\u00eda ortop\u00e9dica y traumatolog\u00eda adultos","isPartOf":{"@id":"https:\/\/traumaunit.es\/blog\/#website"},"primaryImageOfPage":{"@id":"https:\/\/traumaunit.es\/blog\/iii-curso-monografico-de-muneca-y-mano\/#primaryimage"},"image":{"@id":"https:\/\/traumaunit.es\/blog\/iii-curso-monografico-de-muneca-y-mano\/#primaryimage"},"thumbnailUrl":"https:\/\/traumaunit.es\/blog\/wp-content\/uploads\/2019\/11\/cabecera-traumaunit-curso-cirugia-de-la-mano-y-mun\u0303eca.jpg","datePublished":"2019-11-20T19:46:09+00:00","dateModified":"2019-11-25T13:11:43+00:00","author":{"@id":"https:\/\/traumaunit.es\/blog\/#\/schema\/person\/811991b2641aa059a18c7c91104ed992"},"description":"Finalizado el III Curso Monogr\u00e1fico de Patolog\u00eda de mu\u00f1eca y mano organizado por Traumaunit con la colaboraci\u00f3n de doctores del equipo. Cirugia de mu\u00f1eca y mano","breadcrumb":{"@id":"https:\/\/traumaunit.es\/blog\/iii-curso-monografico-de-muneca-y-mano\/#breadcrumb"},"inLanguage":"es","potentialAction":[{"@type":"ReadAction","target":["https:\/\/traumaunit.es\/blog\/iii-curso-monografico-de-muneca-y-mano\/"]}]},{"@type":"ImageObject","inLanguage":"es","@id":"https:\/\/traumaunit.es\/blog\/iii-curso-monografico-de-muneca-y-mano\/#primaryimage","url":"https:\/\/traumaunit.es\/blog\/wp-content\/uploads\/2019\/11\/cabecera-traumaunit-curso-cirugia-de-la-mano-y-mun\u0303eca.jpg","contentUrl":"https:\/\/traumaunit.es\/blog\/wp-content\/uploads\/2019\/11\/cabecera-traumaunit-curso-cirugia-de-la-mano-y-mun\u0303eca.jpg","width":650,"height":446},{"@type":"BreadcrumbList","@id":"https:\/\/traumaunit.es\/blog\/iii-curso-monografico-de-muneca-y-mano\/#breadcrumb","itemListElement":[{"@type":"ListItem","position":1,"name":"Portada","item":"https:\/\/traumaunit.es\/blog\/"},{"@type":"ListItem","position":2,"name":"Cirug\u00eda mu\u00f1eca y mano | III Curso monogr\u00e1fico de mu\u00f1eca y mano"}]},{"@type":"WebSite","@id":"https:\/\/traumaunit.es\/blog\/#website","url":"https:\/\/traumaunit.es\/blog\/","name":"Blog del Dr Casa\u00f1as - Cirug\u00eda ortop\u00e9dica y traumatolog\u00eda adultos","description":"Blog del Doctor Joaquim Casa\u00f1as, especialista de gran prestigio en cirug\u00eda ortop\u00e9dica y traumatolog\u00eda adultos.","potentialAction":[{"@type":"SearchAction","target":{"@type":"EntryPoint","urlTemplate":"https:\/\/traumaunit.es\/blog\/?s={search_term_string}"},"query-input":{"@type":"PropertyValueSpecification","valueRequired":true,"valueName":"search_term_string"}}],"inLanguage":"es"},{"@type":"Person","@id":"https:\/\/traumaunit.es\/blog\/#\/schema\/person\/811991b2641aa059a18c7c91104ed992","name":"Dr. Joaqu\u00edn Casa\u00f1as","image":{"@type":"ImageObject","inLanguage":"es","@id":"https:\/\/secure.gravatar.com\/avatar\/f24a728ebb8ec26b69321ec2d9352559ad2239c36f32c74fefbeb7c6aa42dcb4?s=96&d=mm&r=g","url":"https:\/\/secure.gravatar.com\/avatar\/f24a728ebb8ec26b69321ec2d9352559ad2239c36f32c74fefbeb7c6aa42dcb4?s=96&d=mm&r=g","contentUrl":"https:\/\/secure.gravatar.com\/avatar\/f24a728ebb8ec26b69321ec2d9352559ad2239c36f32c74fefbeb7c6aa42dcb4?s=96&d=mm&r=g","caption":"Dr. Joaqu\u00edn Casa\u00f1as"},"description":"Dr. Joaqu\u00edn Casa\u00f1as es un especialista destacado en cirug\u00eda ortop\u00e9dica, traumatolog\u00eda, pero sobre todo en nervio perif\u00e9rico, plexo braquial y cirug\u00eda de la mano, de cuyas 3 especialidades atesora un gran prestigio internacional. Licenciado en Medicina y Cirug\u00eda por la Universidad Central de Barcelona en 1988, complet\u00f3 su formaci\u00f3n como m\u00e9dico residente (MIR) en la Ciudad Sanitaria y Universitaria de Bellvitge. Cuenta con el Diplomado Europeo en Cirug\u00eda de la Mano desde el 2000. Ha trabajado en diversas instituciones, incluyendo el Hospital de Meritxell en Andorra y el Hospital Germans Trias i Pujol de Badalona. Desde 1994, es m\u00e9dico adjunto en el servicio de Cirug\u00eda Ortop\u00e9dica y Traumatolog\u00eda de la Ciudad Sanitaria y Universitaria de Bellvitge. Adem\u00e1s de su pr\u00e1ctica cl\u00ednica, ha contribuido con numerosas publicaciones cient\u00edficas y cap\u00edtulos de libros en su campo. En la actualidad da conferencias en diferentes congresos internacionales en relaci\u00f3n a sus principales especialidades, adem\u00e1s de dirigir Traumaunit, la unidad de traumatolog\u00eda de Teknon en Barcelona.","sameAs":["http:\/\/traumaunit.es","https:\/\/www.youtube.com\/channel\/UCDHOGYWyQKaaLl16Q9ln0hQ"],"url":"https:\/\/traumaunit.es\/blog\/author\/iamacookie\/"}]}},"_links":{"self":[{"href":"https:\/\/traumaunit.es\/blog\/wp-json\/wp\/v2\/posts\/790","targetHints":{"allow":["GET"]}}],"collection":[{"href":"https:\/\/traumaunit.es\/blog\/wp-json\/wp\/v2\/posts"}],"about":[{"href":"https:\/\/traumaunit.es\/blog\/wp-json\/wp\/v2\/types\/post"}],"author":[{"embeddable":true,"href":"https:\/\/traumaunit.es\/blog\/wp-json\/wp\/v2\/users\/5"}],"replies":[{"embeddable":true,"href":"https:\/\/traumaunit.es\/blog\/wp-json\/wp\/v2\/comments?post=790"}],"version-history":[{"count":8,"href":"https:\/\/traumaunit.es\/blog\/wp-json\/wp\/v2\/posts\/790\/revisions"}],"predecessor-version":[{"id":859,"href":"https:\/\/traumaunit.es\/blog\/wp-json\/wp\/v2\/posts\/790\/revisions\/859"}],"wp:featuredmedia":[{"embeddable":true,"href":"https:\/\/traumaunit.es\/blog\/wp-json\/wp\/v2\/media\/792"}],"wp:attachment":[{"href":"https:\/\/traumaunit.es\/blog\/wp-json\/wp\/v2\/media?parent=790"}],"wp:term":[{"taxonomy":"category","embeddable":true,"href":"https:\/\/traumaunit.es\/blog\/wp-json\/wp\/v2\/categories?post=790"},{"taxonomy":"post_tag","embeddable":true,"href":"https:\/\/traumaunit.es\/blog\/wp-json\/wp\/v2\/tags?post=790"}],"curies":[{"name":"wp","href":"https:\/\/api.w.org\/{rel}","templated":true}]}}