{"id":842,"date":"2019-11-25T13:01:31","date_gmt":"2019-11-25T13:01:31","guid":{"rendered":"https:\/\/traumaunit.es\/blog\/?p=842"},"modified":"2019-11-25T13:54:56","modified_gmt":"2019-11-25T13:54:56","slug":"infeccion-protesica-2","status":"publish","type":"post","link":"https:\/\/traumaunit.es\/blog\/infeccion-protesica-2\/","title":{"rendered":"Infecci\u00f3n Prot\u00e9sica: Parte III"},"content":{"rendered":"\n<h2 class=\"wp-block-heading\"><strong>La infecci\u00f3n prot\u00e9sica: El tratamiento<\/strong><\/h2>\n\n\n\n<p>El tratamiento de la infecci\u00f3n prot\u00e9sica se sustenta en un diagn\u00f3stico fiable, se fundamenta en tratamiento quir\u00fargico agresivo y se complementa con un tratamiento antibi\u00f3tico dirigido.&nbsp;<\/p>\n\n\n\n<p>Existen diferentes opciones terap\u00e9uticas para el tratamiento de la infecci\u00f3n prot\u00e9sica, muy ligadas al tiempo de evoluci\u00f3n de la infecci\u00f3n.<\/p>\n\n\n\n<h2 class=\"wp-block-heading\">Infecci\u00f3n prot\u00e9sica aguda<\/h2>\n\n\n\n<p>Las infecciones agudas que son aquellas que se presentan en las primeras 4-6 semanas tras la implantaci\u00f3n de la pr\u00f3tesis,&nbsp; suelen tratarse con una cirug\u00eda de limpieza y recambio de algunas piezas m\u00f3viles de la pr\u00f2tesis , evidentemente asociando un tratamiento antibi\u00f3tico prolongado.<\/p>\n\n\n\n<h2 class=\"wp-block-heading\">Infecci\u00f3n prot\u00e9sica cr\u00f3nica<\/h2>\n\n\n\n<p>En las infecciones prot\u00e9sicas cr\u00f3nicas,&nbsp; el tratamiento antibi\u00f3tico aislado es ineficaz. Las colonias de g\u00e9rmenes generan un ambiente local alrededor de los implantes (biofilm) que les protege del sistema inmune y de los antibi\u00f3ticos.&nbsp; <\/p>\n\n\n\n<div class=\"wp-block-image\"><figure class=\"alignleft size-large\"><img loading=\"lazy\" decoding=\"async\" width=\"450\" height=\"300\" src=\"https:\/\/traumaunit.es\/blog\/wp-content\/uploads\/2019\/11\/antibioticos-infeccion-portesica.jpg\" alt=\"Traumaunit infeccion protesica\" class=\"wp-image-849\"\/><\/figure><\/div>\n\n\n\n<p>Es por esto que  el desbridamiento quir\u00fargico y las medidas de asepsia son claves para conseguir unos resultados satisfactorios. <\/p>\n\n\n\n<p>Para poder erradicar la infecci\u00f3n es esencial resecar (extirpar) todos aquellos tejidos implicados en la infecci\u00f3n y&nbsp; extraer todos los cuerpos extra\u00f1os y a menudo esto conlleva a la necesidad de retirar la pr\u00f2tesis.<\/p>\n\n\n\n<p>No son infrecuentes  las resecciones amplias de tejidos, generando grandes defectos osteoarticulares  que condicionar\u00e1n un reconstrucci\u00f3n compleja.  Pero&nbsp; es esencial que dicho desbridamiento lo lleve a cabo un  equipo especializado y experimentado en este tipo de cirug\u00edas.&nbsp;<\/p>\n\n\n\n<h2 class=\"wp-block-heading\">Infecci\u00f3n prot\u00e9sica y el tratamiento antibi\u00f3tico <\/h2>\n\n\n\n<p>Simult\u00e1neamente al desbridamiento quir\u00fargico, debe instaurarse un tratamiento antibi\u00f3tico dirigido al germen y condicionado a sus resistencias antibi\u00f3ticas. Este tratamiento farmacol\u00f3gico suele alargarse durante 6 u 8 semanas. Inicialmente el tratamiento es endovenoso (10-15 d\u00edas) pues la carga bacteriana es m\u00e1s alta y despu\u00e9s se desescala a un tratamiento oral si el germen lo permite.<\/p>\n\n\n\n<h2 class=\"wp-block-heading\">Tratamiento infecci\u00f3n prot\u00e9sica subagudas y cr\u00f3nicas<\/h2>\n\n\n\n<p>En las tratamiento de las infecciones prot\u00e9sicas subagudas y cr\u00f3nicas el \u201cgold standard\u201d es el recambio en&nbsp; 2 tiempos.<\/p>\n\n\n\n<div class=\"wp-block-image\"><figure class=\"alignright size-large\"><img loading=\"lazy\" decoding=\"async\" width=\"450\" height=\"219\" src=\"https:\/\/traumaunit.es\/blog\/wp-content\/uploads\/2019\/11\/protesis-cadera.jpg\" alt=\"traumaunit y protesis\" class=\"wp-image-851\"\/><\/figure><\/div>\n\n\n\n<h3 class=\"wp-block-heading\">Primer Tiempo<\/h3>\n\n\n\n<p>El objetivo del <strong>primer tiempo<\/strong> es conseguir <strong>erradicar la infecci\u00f3n<\/strong>. Para ello y como dijimos anteriormente, es imprescindible retirar la pr\u00f3tesis implicada y de&nbsp; cualquier resto de cemento o de part\u00edculas de fricci\u00f3n.  Se realiza un  desbridamiento agresivo y meticuloso de todo aquel tejido (hueso, sinovial, ligamentos, c\u00e1psula\u2026) sospechoso de estar implicado en la infecci\u00f3n.<\/p>\n\n\n\n<p>&nbsp;Una vez \u201climpio\u201d procedemos a la colocaci\u00f3n de un espaciador de cemento&nbsp; con antibi\u00f3tico, una falsa pr\u00f3tesis que tiene como objetivos preservar parcialmente la funci\u00f3n articular,&nbsp; facilitar el segundo tiempo de reimplante y proteger de la sobreinfecci\u00f3n.&nbsp;<\/p>\n\n\n\n<h3 class=\"wp-block-heading\">Segundo Tiempo<\/h3>\n\n\n\n<p>Tras una terapia antibi\u00f3tica de 6-8 semanas (seg\u00fan germen)&nbsp; y un periodo   sin antibi\u00f3ticos, si la evoluci\u00f3n es favorable procedemos al <strong>segundo tiempo<\/strong> de recambio: la reconstrucci\u00f3n articular, una segunda cirug\u00eda donde se implanta la pr\u00f3tesis definitiva. Con esta estrategia conseguimos con una tasa de curaci\u00f3n del&nbsp; 85-95%  de las infecciones prot\u00e9sicas.&nbsp;&nbsp;<\/p>\n\n\n\n<div class=\"wp-block-image\"><figure class=\"aligncenter size-large\"><img loading=\"lazy\" decoding=\"async\" width=\"450\" height=\"300\" src=\"https:\/\/traumaunit.es\/blog\/wp-content\/uploads\/2019\/11\/protesis-rodilla.jpg\" alt=\"traumaunit unidad septicos\" class=\"wp-image-852\"\/><\/figure><\/div>\n\n\n\n<p>En ciertos casos, especialmente en&nbsp; pacientes  sanos,  con infecciones por g\u00e9rmenes poco agresivos y con sensibilidades antibi\u00f3ticas concretas, con implantes sin grandes defectos y&nbsp; sin problemas de cobertura cut\u00e1nea  planteamos el <strong>recambio en un tiempo.<\/strong>&nbsp;<\/p>\n\n\n\n<div class=\"wp-block-image\"><figure class=\"alignleft size-large\"><img loading=\"lazy\" decoding=\"async\" width=\"450\" height=\"300\" src=\"https:\/\/traumaunit.es\/blog\/wp-content\/uploads\/2019\/11\/tratamiento-infeccion-protesica.jpg\" alt=\"infeccion protesica\" class=\"wp-image-846\"\/><\/figure><\/div>\n\n\n\n<p>En estos casos realizamos el explante prot\u00e9sico, el desbridamiento y la reconstrucci\u00f3n articular en un mismo acto operatorio. Los resultados funcionales son mejores porque se consiguen los mismos objetivos con una cirug\u00eda menos, y la tasa de curaci\u00f3n tambi\u00e9n es muy alta (75-90%), &nbsp; aunque a fecha de  hoy tiene unas indicaciones m\u00e1s restringidas.<\/p>\n\n\n\n<p>Si deseas m\u00e1s informaci\u00f3n o  deseas concertar una primera visita, no dudes en <a href=\"https:\/\/traumaunit.es\/contacto\">contactar<\/a> con nosotros.<\/p>\n\n\n\n<p>El equipo de<a href=\"https:\/\/traumaunit.es\/\"> TRAUMAUNIT<\/a>&nbsp; siempre estar\u00e1 a la vanguardia de todas las innovaciones y las \u00faltimas t\u00e9cnicas que surgen en nuestra especialidad&nbsp; para ofrecer la mejor atenci\u00f3n m\u00e9dica a nuestros pacientes.<\/p>\n\n\n\n<p><br>Doctor Victor Casals.<\/p>\n","protected":false},"excerpt":{"rendered":"<p>La infecci\u00f3n prot\u00e9sica: El tratamiento El tratamiento de la infecci\u00f3n prot\u00e9sica se sustenta en un diagn\u00f3stico fiable, se fundamenta en tratamiento quir\u00fargico agresivo y se complementa con un tratamiento antibi\u00f3tico dirigido.&nbsp; Existen diferentes opciones terap\u00e9uticas para el tratamiento de la infecci\u00f3n prot\u00e9sica, muy ligadas al tiempo de evoluci\u00f3n de la infecci\u00f3n. Infecci\u00f3n prot\u00e9sica aguda Las infecciones agudas que son aquellas que se presentan en las primeras 4-6 semanas tras la implantaci\u00f3n de la pr\u00f3tesis,&nbsp; suelen tratarse con una cirug\u00eda de limpieza y recambio de algunas piezas m\u00f3viles de la pr\u00f2tesis , evidentemente asociando un tratamiento antibi\u00f3tico prolongado. Infecci\u00f3n prot\u00e9sica cr\u00f3nica&#8230;<\/p>\n","protected":false},"author":5,"featured_media":553,"comment_status":"open","ping_status":"closed","sticky":false,"template":"","format":"standard","meta":{"footnotes":""},"categories":[34,36,43],"tags":[],"class_list":["post-842","post","type-post","status-publish","format-standard","has-post-thumbnail","hentry","category-cirugia-septica","category-infeccion-protesica","category-protesis"],"yoast_head":"<!-- This site is optimized with the Yoast SEO plugin v27.2 - https:\/\/yoast.com\/product\/yoast-seo-wordpress\/ -->\n<title>Infecci\u00f3n Prot\u00e9sica: Parte III | Blog del Dr Casa\u00f1as - Cirug\u00eda ortop\u00e9dica y traumatolog\u00eda adultos<\/title>\n<meta name=\"description\" content=\"El tratamiento de infecci\u00f3n prot\u00e9sica se sustenta en un diagn\u00f3stico fiable, se fundamenta en un tto quir\u00fargico y se complementa con tto antibi\u00f3tico.\" \/>\n<meta name=\"robots\" content=\"index, follow, max-snippet:-1, max-image-preview:large, max-video-preview:-1\" \/>\n<link rel=\"canonical\" href=\"https:\/\/traumaunit.es\/blog\/infeccion-protesica-2\/\" \/>\n<meta property=\"og:locale\" content=\"es_ES\" \/>\n<meta property=\"og:type\" content=\"article\" \/>\n<meta property=\"og:title\" content=\"Infecci\u00f3n Prot\u00e9sica: Parte III | Blog del Dr Casa\u00f1as - Cirug\u00eda ortop\u00e9dica y traumatolog\u00eda adultos\" \/>\n<meta property=\"og:description\" content=\"El tratamiento de infecci\u00f3n prot\u00e9sica se sustenta en un diagn\u00f3stico fiable, se fundamenta en un tto quir\u00fargico y se complementa con tto antibi\u00f3tico.\" \/>\n<meta property=\"og:url\" content=\"https:\/\/traumaunit.es\/blog\/infeccion-protesica-2\/\" \/>\n<meta property=\"og:site_name\" content=\"Blog del Dr Casa\u00f1as - Cirug\u00eda ortop\u00e9dica y traumatolog\u00eda adultos\" \/>\n<meta property=\"article:publisher\" content=\"https:\/\/www.facebook.com\/Dr.Casanas.Traumaunit\/\" \/>\n<meta property=\"article:published_time\" content=\"2019-11-25T13:01:31+00:00\" \/>\n<meta property=\"article:modified_time\" content=\"2019-11-25T13:54:56+00:00\" \/>\n<meta property=\"og:image\" content=\"https:\/\/traumaunit.es\/blog\/wp-content\/uploads\/2019\/08\/infeccion-protesica.jpg\" \/>\n\t<meta property=\"og:image:width\" content=\"650\" \/>\n\t<meta property=\"og:image:height\" content=\"433\" \/>\n\t<meta property=\"og:image:type\" content=\"image\/jpeg\" \/>\n<meta name=\"author\" content=\"Dr. Joaqu\u00edn Casa\u00f1as\" \/>\n<meta name=\"twitter:card\" content=\"summary_large_image\" \/>\n<meta name=\"twitter:label1\" content=\"Escrito por\" \/>\n\t<meta name=\"twitter:data1\" content=\"Dr. Joaqu\u00edn Casa\u00f1as\" \/>\n\t<meta name=\"twitter:label2\" content=\"Tiempo de lectura\" \/>\n\t<meta name=\"twitter:data2\" content=\"4 minutos\" \/>\n<script type=\"application\/ld+json\" class=\"yoast-schema-graph\">{\"@context\":\"https:\/\/schema.org\",\"@graph\":[{\"@type\":\"Article\",\"@id\":\"https:\/\/traumaunit.es\/blog\/infeccion-protesica-2\/#article\",\"isPartOf\":{\"@id\":\"https:\/\/traumaunit.es\/blog\/infeccion-protesica-2\/\"},\"author\":{\"name\":\"Dr. Joaqu\u00edn Casa\u00f1as\",\"@id\":\"https:\/\/traumaunit.es\/blog\/#\/schema\/person\/811991b2641aa059a18c7c91104ed992\"},\"headline\":\"Infecci\u00f3n Prot\u00e9sica: Parte III\",\"datePublished\":\"2019-11-25T13:01:31+00:00\",\"dateModified\":\"2019-11-25T13:54:56+00:00\",\"mainEntityOfPage\":{\"@id\":\"https:\/\/traumaunit.es\/blog\/infeccion-protesica-2\/\"},\"wordCount\":707,\"commentCount\":0,\"image\":{\"@id\":\"https:\/\/traumaunit.es\/blog\/infeccion-protesica-2\/#primaryimage\"},\"thumbnailUrl\":\"https:\/\/traumaunit.es\/blog\/wp-content\/uploads\/2019\/08\/infeccion-protesica.jpg\",\"articleSection\":[\"cirug\u00eda s\u00e9ptica\",\"infecci\u00f3n prot\u00e9sica\",\"pr\u00f3tesis\"],\"inLanguage\":\"es\",\"potentialAction\":[{\"@type\":\"CommentAction\",\"name\":\"Comment\",\"target\":[\"https:\/\/traumaunit.es\/blog\/infeccion-protesica-2\/#respond\"]}]},{\"@type\":\"WebPage\",\"@id\":\"https:\/\/traumaunit.es\/blog\/infeccion-protesica-2\/\",\"url\":\"https:\/\/traumaunit.es\/blog\/infeccion-protesica-2\/\",\"name\":\"Infecci\u00f3n Prot\u00e9sica: Parte III | Blog del Dr Casa\u00f1as - Cirug\u00eda ortop\u00e9dica y traumatolog\u00eda adultos\",\"isPartOf\":{\"@id\":\"https:\/\/traumaunit.es\/blog\/#website\"},\"primaryImageOfPage\":{\"@id\":\"https:\/\/traumaunit.es\/blog\/infeccion-protesica-2\/#primaryimage\"},\"image\":{\"@id\":\"https:\/\/traumaunit.es\/blog\/infeccion-protesica-2\/#primaryimage\"},\"thumbnailUrl\":\"https:\/\/traumaunit.es\/blog\/wp-content\/uploads\/2019\/08\/infeccion-protesica.jpg\",\"datePublished\":\"2019-11-25T13:01:31+00:00\",\"dateModified\":\"2019-11-25T13:54:56+00:00\",\"author\":{\"@id\":\"https:\/\/traumaunit.es\/blog\/#\/schema\/person\/811991b2641aa059a18c7c91104ed992\"},\"description\":\"El tratamiento de infecci\u00f3n prot\u00e9sica se sustenta en un diagn\u00f3stico fiable, se fundamenta en un tto quir\u00fargico y se complementa con tto antibi\u00f3tico.\",\"breadcrumb\":{\"@id\":\"https:\/\/traumaunit.es\/blog\/infeccion-protesica-2\/#breadcrumb\"},\"inLanguage\":\"es\",\"potentialAction\":[{\"@type\":\"ReadAction\",\"target\":[\"https:\/\/traumaunit.es\/blog\/infeccion-protesica-2\/\"]}]},{\"@type\":\"ImageObject\",\"inLanguage\":\"es\",\"@id\":\"https:\/\/traumaunit.es\/blog\/infeccion-protesica-2\/#primaryimage\",\"url\":\"https:\/\/traumaunit.es\/blog\/wp-content\/uploads\/2019\/08\/infeccion-protesica.jpg\",\"contentUrl\":\"https:\/\/traumaunit.es\/blog\/wp-content\/uploads\/2019\/08\/infeccion-protesica.jpg\",\"width\":650,\"height\":433,\"caption\":\"unidad septicos\"},{\"@type\":\"BreadcrumbList\",\"@id\":\"https:\/\/traumaunit.es\/blog\/infeccion-protesica-2\/#breadcrumb\",\"itemListElement\":[{\"@type\":\"ListItem\",\"position\":1,\"name\":\"Portada\",\"item\":\"https:\/\/traumaunit.es\/blog\/\"},{\"@type\":\"ListItem\",\"position\":2,\"name\":\"Infecci\u00f3n Prot\u00e9sica: Parte III\"}]},{\"@type\":\"WebSite\",\"@id\":\"https:\/\/traumaunit.es\/blog\/#website\",\"url\":\"https:\/\/traumaunit.es\/blog\/\",\"name\":\"Blog del Dr Casa\u00f1as - Cirug\u00eda ortop\u00e9dica y traumatolog\u00eda adultos\",\"description\":\"Blog del Doctor Joaquim Casa\u00f1as, especialista de gran prestigio en cirug\u00eda ortop\u00e9dica y traumatolog\u00eda adultos.\",\"potentialAction\":[{\"@type\":\"SearchAction\",\"target\":{\"@type\":\"EntryPoint\",\"urlTemplate\":\"https:\/\/traumaunit.es\/blog\/?s={search_term_string}\"},\"query-input\":{\"@type\":\"PropertyValueSpecification\",\"valueRequired\":true,\"valueName\":\"search_term_string\"}}],\"inLanguage\":\"es\"},{\"@type\":\"Person\",\"@id\":\"https:\/\/traumaunit.es\/blog\/#\/schema\/person\/811991b2641aa059a18c7c91104ed992\",\"name\":\"Dr. Joaqu\u00edn Casa\u00f1as\",\"image\":{\"@type\":\"ImageObject\",\"inLanguage\":\"es\",\"@id\":\"https:\/\/secure.gravatar.com\/avatar\/f24a728ebb8ec26b69321ec2d9352559ad2239c36f32c74fefbeb7c6aa42dcb4?s=96&d=mm&r=g\",\"url\":\"https:\/\/secure.gravatar.com\/avatar\/f24a728ebb8ec26b69321ec2d9352559ad2239c36f32c74fefbeb7c6aa42dcb4?s=96&d=mm&r=g\",\"contentUrl\":\"https:\/\/secure.gravatar.com\/avatar\/f24a728ebb8ec26b69321ec2d9352559ad2239c36f32c74fefbeb7c6aa42dcb4?s=96&d=mm&r=g\",\"caption\":\"Dr. Joaqu\u00edn Casa\u00f1as\"},\"description\":\"Dr. Joaqu\u00edn Casa\u00f1as es un especialista destacado en cirug\u00eda ortop\u00e9dica, traumatolog\u00eda, pero sobre todo en nervio perif\u00e9rico, plexo braquial y cirug\u00eda de la mano, de cuyas 3 especialidades atesora un gran prestigio internacional. Licenciado en Medicina y Cirug\u00eda por la Universidad Central de Barcelona en 1988, complet\u00f3 su formaci\u00f3n como m\u00e9dico residente (MIR) en la Ciudad Sanitaria y Universitaria de Bellvitge. Cuenta con el Diplomado Europeo en Cirug\u00eda de la Mano desde el 2000. Ha trabajado en diversas instituciones, incluyendo el Hospital de Meritxell en Andorra y el Hospital Germans Trias i Pujol de Badalona. Desde 1994, es m\u00e9dico adjunto en el servicio de Cirug\u00eda Ortop\u00e9dica y Traumatolog\u00eda de la Ciudad Sanitaria y Universitaria de Bellvitge. Adem\u00e1s de su pr\u00e1ctica cl\u00ednica, ha contribuido con numerosas publicaciones cient\u00edficas y cap\u00edtulos de libros en su campo. En la actualidad da conferencias en diferentes congresos internacionales en relaci\u00f3n a sus principales especialidades, adem\u00e1s de dirigir Traumaunit, la unidad de traumatolog\u00eda de Teknon en Barcelona.\",\"sameAs\":[\"http:\/\/traumaunit.es\",\"https:\/\/www.youtube.com\/channel\/UCDHOGYWyQKaaLl16Q9ln0hQ\"],\"url\":\"https:\/\/traumaunit.es\/blog\/author\/iamacookie\/\"}]}<\/script>\n<!-- \/ Yoast SEO plugin. -->","yoast_head_json":{"title":"Infecci\u00f3n Prot\u00e9sica: Parte III | Blog del Dr Casa\u00f1as - Cirug\u00eda ortop\u00e9dica y traumatolog\u00eda adultos","description":"El tratamiento de infecci\u00f3n prot\u00e9sica se sustenta en un diagn\u00f3stico fiable, se fundamenta en un tto quir\u00fargico y se complementa con tto antibi\u00f3tico.","robots":{"index":"index","follow":"follow","max-snippet":"max-snippet:-1","max-image-preview":"max-image-preview:large","max-video-preview":"max-video-preview:-1"},"canonical":"https:\/\/traumaunit.es\/blog\/infeccion-protesica-2\/","og_locale":"es_ES","og_type":"article","og_title":"Infecci\u00f3n Prot\u00e9sica: Parte III | Blog del Dr Casa\u00f1as - Cirug\u00eda ortop\u00e9dica y traumatolog\u00eda adultos","og_description":"El tratamiento de infecci\u00f3n prot\u00e9sica se sustenta en un diagn\u00f3stico fiable, se fundamenta en un tto quir\u00fargico y se complementa con tto antibi\u00f3tico.","og_url":"https:\/\/traumaunit.es\/blog\/infeccion-protesica-2\/","og_site_name":"Blog del Dr Casa\u00f1as - Cirug\u00eda ortop\u00e9dica y traumatolog\u00eda adultos","article_publisher":"https:\/\/www.facebook.com\/Dr.Casanas.Traumaunit\/","article_published_time":"2019-11-25T13:01:31+00:00","article_modified_time":"2019-11-25T13:54:56+00:00","og_image":[{"width":650,"height":433,"url":"https:\/\/traumaunit.es\/blog\/wp-content\/uploads\/2019\/08\/infeccion-protesica.jpg","type":"image\/jpeg"}],"author":"Dr. Joaqu\u00edn Casa\u00f1as","twitter_card":"summary_large_image","twitter_misc":{"Escrito por":"Dr. Joaqu\u00edn Casa\u00f1as","Tiempo de lectura":"4 minutos"},"schema":{"@context":"https:\/\/schema.org","@graph":[{"@type":"Article","@id":"https:\/\/traumaunit.es\/blog\/infeccion-protesica-2\/#article","isPartOf":{"@id":"https:\/\/traumaunit.es\/blog\/infeccion-protesica-2\/"},"author":{"name":"Dr. Joaqu\u00edn Casa\u00f1as","@id":"https:\/\/traumaunit.es\/blog\/#\/schema\/person\/811991b2641aa059a18c7c91104ed992"},"headline":"Infecci\u00f3n Prot\u00e9sica: Parte III","datePublished":"2019-11-25T13:01:31+00:00","dateModified":"2019-11-25T13:54:56+00:00","mainEntityOfPage":{"@id":"https:\/\/traumaunit.es\/blog\/infeccion-protesica-2\/"},"wordCount":707,"commentCount":0,"image":{"@id":"https:\/\/traumaunit.es\/blog\/infeccion-protesica-2\/#primaryimage"},"thumbnailUrl":"https:\/\/traumaunit.es\/blog\/wp-content\/uploads\/2019\/08\/infeccion-protesica.jpg","articleSection":["cirug\u00eda s\u00e9ptica","infecci\u00f3n prot\u00e9sica","pr\u00f3tesis"],"inLanguage":"es","potentialAction":[{"@type":"CommentAction","name":"Comment","target":["https:\/\/traumaunit.es\/blog\/infeccion-protesica-2\/#respond"]}]},{"@type":"WebPage","@id":"https:\/\/traumaunit.es\/blog\/infeccion-protesica-2\/","url":"https:\/\/traumaunit.es\/blog\/infeccion-protesica-2\/","name":"Infecci\u00f3n Prot\u00e9sica: Parte III | Blog del Dr Casa\u00f1as - Cirug\u00eda ortop\u00e9dica y traumatolog\u00eda adultos","isPartOf":{"@id":"https:\/\/traumaunit.es\/blog\/#website"},"primaryImageOfPage":{"@id":"https:\/\/traumaunit.es\/blog\/infeccion-protesica-2\/#primaryimage"},"image":{"@id":"https:\/\/traumaunit.es\/blog\/infeccion-protesica-2\/#primaryimage"},"thumbnailUrl":"https:\/\/traumaunit.es\/blog\/wp-content\/uploads\/2019\/08\/infeccion-protesica.jpg","datePublished":"2019-11-25T13:01:31+00:00","dateModified":"2019-11-25T13:54:56+00:00","author":{"@id":"https:\/\/traumaunit.es\/blog\/#\/schema\/person\/811991b2641aa059a18c7c91104ed992"},"description":"El tratamiento de infecci\u00f3n prot\u00e9sica se sustenta en un diagn\u00f3stico fiable, se fundamenta en un tto quir\u00fargico y se complementa con tto antibi\u00f3tico.","breadcrumb":{"@id":"https:\/\/traumaunit.es\/blog\/infeccion-protesica-2\/#breadcrumb"},"inLanguage":"es","potentialAction":[{"@type":"ReadAction","target":["https:\/\/traumaunit.es\/blog\/infeccion-protesica-2\/"]}]},{"@type":"ImageObject","inLanguage":"es","@id":"https:\/\/traumaunit.es\/blog\/infeccion-protesica-2\/#primaryimage","url":"https:\/\/traumaunit.es\/blog\/wp-content\/uploads\/2019\/08\/infeccion-protesica.jpg","contentUrl":"https:\/\/traumaunit.es\/blog\/wp-content\/uploads\/2019\/08\/infeccion-protesica.jpg","width":650,"height":433,"caption":"unidad septicos"},{"@type":"BreadcrumbList","@id":"https:\/\/traumaunit.es\/blog\/infeccion-protesica-2\/#breadcrumb","itemListElement":[{"@type":"ListItem","position":1,"name":"Portada","item":"https:\/\/traumaunit.es\/blog\/"},{"@type":"ListItem","position":2,"name":"Infecci\u00f3n Prot\u00e9sica: Parte III"}]},{"@type":"WebSite","@id":"https:\/\/traumaunit.es\/blog\/#website","url":"https:\/\/traumaunit.es\/blog\/","name":"Blog del Dr Casa\u00f1as - Cirug\u00eda ortop\u00e9dica y traumatolog\u00eda adultos","description":"Blog del Doctor Joaquim Casa\u00f1as, especialista de gran prestigio en cirug\u00eda ortop\u00e9dica y traumatolog\u00eda adultos.","potentialAction":[{"@type":"SearchAction","target":{"@type":"EntryPoint","urlTemplate":"https:\/\/traumaunit.es\/blog\/?s={search_term_string}"},"query-input":{"@type":"PropertyValueSpecification","valueRequired":true,"valueName":"search_term_string"}}],"inLanguage":"es"},{"@type":"Person","@id":"https:\/\/traumaunit.es\/blog\/#\/schema\/person\/811991b2641aa059a18c7c91104ed992","name":"Dr. Joaqu\u00edn Casa\u00f1as","image":{"@type":"ImageObject","inLanguage":"es","@id":"https:\/\/secure.gravatar.com\/avatar\/f24a728ebb8ec26b69321ec2d9352559ad2239c36f32c74fefbeb7c6aa42dcb4?s=96&d=mm&r=g","url":"https:\/\/secure.gravatar.com\/avatar\/f24a728ebb8ec26b69321ec2d9352559ad2239c36f32c74fefbeb7c6aa42dcb4?s=96&d=mm&r=g","contentUrl":"https:\/\/secure.gravatar.com\/avatar\/f24a728ebb8ec26b69321ec2d9352559ad2239c36f32c74fefbeb7c6aa42dcb4?s=96&d=mm&r=g","caption":"Dr. Joaqu\u00edn Casa\u00f1as"},"description":"Dr. Joaqu\u00edn Casa\u00f1as es un especialista destacado en cirug\u00eda ortop\u00e9dica, traumatolog\u00eda, pero sobre todo en nervio perif\u00e9rico, plexo braquial y cirug\u00eda de la mano, de cuyas 3 especialidades atesora un gran prestigio internacional. Licenciado en Medicina y Cirug\u00eda por la Universidad Central de Barcelona en 1988, complet\u00f3 su formaci\u00f3n como m\u00e9dico residente (MIR) en la Ciudad Sanitaria y Universitaria de Bellvitge. Cuenta con el Diplomado Europeo en Cirug\u00eda de la Mano desde el 2000. Ha trabajado en diversas instituciones, incluyendo el Hospital de Meritxell en Andorra y el Hospital Germans Trias i Pujol de Badalona. Desde 1994, es m\u00e9dico adjunto en el servicio de Cirug\u00eda Ortop\u00e9dica y Traumatolog\u00eda de la Ciudad Sanitaria y Universitaria de Bellvitge. Adem\u00e1s de su pr\u00e1ctica cl\u00ednica, ha contribuido con numerosas publicaciones cient\u00edficas y cap\u00edtulos de libros en su campo. En la actualidad da conferencias en diferentes congresos internacionales en relaci\u00f3n a sus principales especialidades, adem\u00e1s de dirigir Traumaunit, la unidad de traumatolog\u00eda de Teknon en Barcelona.","sameAs":["http:\/\/traumaunit.es","https:\/\/www.youtube.com\/channel\/UCDHOGYWyQKaaLl16Q9ln0hQ"],"url":"https:\/\/traumaunit.es\/blog\/author\/iamacookie\/"}]}},"_links":{"self":[{"href":"https:\/\/traumaunit.es\/blog\/wp-json\/wp\/v2\/posts\/842","targetHints":{"allow":["GET"]}}],"collection":[{"href":"https:\/\/traumaunit.es\/blog\/wp-json\/wp\/v2\/posts"}],"about":[{"href":"https:\/\/traumaunit.es\/blog\/wp-json\/wp\/v2\/types\/post"}],"author":[{"embeddable":true,"href":"https:\/\/traumaunit.es\/blog\/wp-json\/wp\/v2\/users\/5"}],"replies":[{"embeddable":true,"href":"https:\/\/traumaunit.es\/blog\/wp-json\/wp\/v2\/comments?post=842"}],"version-history":[{"count":12,"href":"https:\/\/traumaunit.es\/blog\/wp-json\/wp\/v2\/posts\/842\/revisions"}],"predecessor-version":[{"id":872,"href":"https:\/\/traumaunit.es\/blog\/wp-json\/wp\/v2\/posts\/842\/revisions\/872"}],"wp:featuredmedia":[{"embeddable":true,"href":"https:\/\/traumaunit.es\/blog\/wp-json\/wp\/v2\/media\/553"}],"wp:attachment":[{"href":"https:\/\/traumaunit.es\/blog\/wp-json\/wp\/v2\/media?parent=842"}],"wp:term":[{"taxonomy":"category","embeddable":true,"href":"https:\/\/traumaunit.es\/blog\/wp-json\/wp\/v2\/categories?post=842"},{"taxonomy":"post_tag","embeddable":true,"href":"https:\/\/traumaunit.es\/blog\/wp-json\/wp\/v2\/tags?post=842"}],"curies":[{"name":"wp","href":"https:\/\/api.w.org\/{rel}","templated":true}]}}