{"id":923,"date":"2019-12-25T16:13:00","date_gmt":"2019-12-25T16:13:00","guid":{"rendered":"https:\/\/traumaunit.es\/blog\/?p=923"},"modified":"2020-01-11T16:14:02","modified_gmt":"2020-01-11T16:14:02","slug":"el-sindrome-de-wartenberg","status":"publish","type":"post","link":"https:\/\/traumaunit.es\/blog\/el-sindrome-de-wartenberg\/","title":{"rendered":"El s\u00edndrome de Wartenberg"},"content":{"rendered":"\n<p>El s\u00edndrome de Wartenberg consiste en el atrapamiento de la rama sensitiva del nervio radial en su emergencia entre el Brachioradialis y el Extensor Carpi Radialis Longus (ECRL).<\/p>\n\n\n\n<p>Se trata de una afecci\u00f3n ,caracterizada por dolor en el borde radial de la mu\u00f1eca a varios cent\u00edmetros pr\u00f3ximal al pliegue dorsal y de la estiloides del radio.<\/p>\n\n\n\n<h2 class=\"wp-block-heading\">Causas del s\u00edndrome de Wartenberg<\/h2>\n\n\n\n<p>La mayor parta de veces puede verse en personas que, por su ocupaci\u00f3n profesional, realizan movimientos repetidos de prono\/supinaci\u00f3n ,tales como carpinteros, electricistas, etc.. <\/p>\n\n\n\n<p>Sin embargo, otras formas de aparicion pueden ser:<\/p>\n\n\n\n<p>1. Durante el proceso de rehabilitacion de pacientes que hayan sufrido una lesi\u00f3n del nervio Musculo Cut\u00e1neo y que, por tanto, utilicen el Brachioradialis como flexor de codo o, sobretodo,<\/p>\n\n\n\n<p>2. En pacientes que est\u00e9n en proceso de rehabilitaci\u00f3n de fracturas\/fx-luxaciones de codo, que presenten limitaci\u00f3n de la Prono-supinaci\u00f3n. El trabajo intenso en ganar supinaci\u00f3n puede hipertrofiar dicho m\u00fasculo y comprometer, por tanto, la salida de la rama sensitiva del nervio radial entre el ECRL , el Brachioradialis y en ocasiones, los tendones de la primera corredera que pueden ser la 3a pared del tri\u00e1ngulo que comprime dicho nervio, dependiendo del volumen y disposici\u00f3n de los mismos.<\/p>\n\n\n\n<div class=\"wp-block-media-text alignwide\"><figure class=\"wp-block-media-text__media\"><img loading=\"lazy\" decoding=\"async\" width=\"400\" height=\"508\" src=\"https:\/\/traumaunit.es\/blog\/wp-content\/uploads\/2020\/01\/si\u0301ndrome-wartenberg.jpg\" alt=\"\" class=\"wp-image-930\"\/><\/figure><div class=\"wp-block-media-text__content\">\n<figure class=\"wp-block-image size-large\"><img loading=\"lazy\" decoding=\"async\" width=\"250\" height=\"233\" src=\"https:\/\/traumaunit.es\/blog\/wp-content\/uploads\/2020\/01\/sindrome-wartenberg-1.jpg\" alt=\"\" class=\"wp-image-932\"\/><\/figure>\n\n\n\n<figure class=\"wp-block-image size-large\"><img loading=\"lazy\" decoding=\"async\" width=\"255\" height=\"198\" src=\"https:\/\/traumaunit.es\/blog\/wp-content\/uploads\/2020\/01\/sindrome-wartenberg-2.jpg\" alt=\"\" class=\"wp-image-933\"\/><\/figure>\n<\/div><\/div>\n\n\n\n<p>La mayor parte de veces, con una tenotom\u00eda parcial del Brachioradialis y una exoneurolisis epineural del nervio es suficiente para una correcta recuperaci\u00f3n neural.<\/p>\n\n\n\n<h2 class=\"wp-block-heading\">Casos reales <\/h2>\n\n\n\n<p>Os presento dos casos en donde, sobretodo el segundo, podemos apreciar c\u00f3mo dicha rama sensitiva puede tener diferentes puntos compresivos.<\/p>\n\n\n\n<div class=\"wp-block-media-text alignwide\"><figure class=\"wp-block-media-text__media\"><img loading=\"lazy\" decoding=\"async\" width=\"350\" height=\"394\" src=\"https:\/\/traumaunit.es\/blog\/wp-content\/uploads\/2020\/01\/2-caso-sindrome-wartenberg.jpg\" alt=\"\" class=\"wp-image-935\"\/><\/figure><div class=\"wp-block-media-text__content\">\n<figure class=\"wp-block-image size-large\"><img loading=\"lazy\" decoding=\"async\" width=\"235\" height=\"242\" src=\"https:\/\/traumaunit.es\/blog\/wp-content\/uploads\/2020\/01\/2-caso-sindrome-wartenberg-.jpg\" alt=\"\" class=\"wp-image-936\"\/><\/figure>\n\n\n\n<figure class=\"wp-block-image size-large\"><img loading=\"lazy\" decoding=\"async\" width=\"235\" height=\"239\" src=\"https:\/\/traumaunit.es\/blog\/wp-content\/uploads\/2020\/01\/2-caso-sindrome-wartenberg-1.jpg\" alt=\"\" class=\"wp-image-937\" srcset=\"https:\/\/traumaunit.es\/blog\/wp-content\/uploads\/2020\/01\/2-caso-sindrome-wartenberg-1.jpg 235w, https:\/\/traumaunit.es\/blog\/wp-content\/uploads\/2020\/01\/2-caso-sindrome-wartenberg-1-53x53.jpg 53w\" sizes=\"auto, (max-width: 235px) 100vw, 235px\" \/><\/figure>\n<\/div><\/div>\n\n\n\n<p>Primer caso correspond\u00eda a un deportista de escalada y el segundo a un paciente que sufri\u00f3 una tr\u00edada terrible de codo.<\/p>\n\n\n\n<p>Los dos normalizaron su cl\u00ednica de forma completa alrededor de las 6 semanas.<\/p>\n\n\n\n<p>El equipo de<a href=\"https:\/\/traumaunit.es\/\"> TRAUMAUNIT<\/a>&nbsp; siempre estar\u00e1 a la vanguardia de todas las innovaciones y las \u00faltimas t\u00e9cnicas que surgen en nuestra especialidad&nbsp; para ofrecer la mejor atenci\u00f3n m\u00e9dica a nuestros pacientes.<\/p>\n\n\n\n<p>Si deseas m\u00e1s informaci\u00f3n sobre cirug\u00eda de la mano y mu\u00f1eca o o deseas concertar una primera visita, no dudes en<a href=\"https:\/\/traumaunit.es\/contacto\"> contactar<\/a> con nosotros.<\/p>\n\n\n\n<p>Pablo Lopez-Osornio.<br><\/p>\n","protected":false},"excerpt":{"rendered":"<p>El s\u00edndrome de Wartenberg consiste en el atrapamiento de la rama sensitiva del nervio radial en su emergencia entre el Brachioradialis y el Extensor Carpi Radialis Longus (ECRL). Se trata de una afecci\u00f3n ,caracterizada por dolor en el borde radial de la mu\u00f1eca a varios cent\u00edmetros pr\u00f3ximal al pliegue dorsal y de la estiloides del radio. Causas del s\u00edndrome de Wartenberg La mayor parta de veces puede verse en personas que, por su ocupaci\u00f3n profesional, realizan movimientos repetidos de prono\/supinaci\u00f3n ,tales como carpinteros, electricistas, etc.. Sin embargo, otras formas de aparicion pueden ser: 1. Durante el proceso de rehabilitacion de&#8230;<\/p>\n","protected":false},"author":5,"featured_media":929,"comment_status":"open","ping_status":"closed","sticky":false,"template":"","format":"standard","meta":{"footnotes":""},"categories":[49,48],"tags":[],"class_list":["post-923","post","type-post","status-publish","format-standard","has-post-thumbnail","hentry","category-el-sindrome-de-wartenberg","category-patologia-de-muneca"],"yoast_head":"<!-- This site is optimized with the Yoast SEO plugin v27.2 - https:\/\/yoast.com\/product\/yoast-seo-wordpress\/ -->\n<title>El s\u00edndrome de Wartenberg | Blog del Dr Casa\u00f1as - Cirug\u00eda ortop\u00e9dica y traumatolog\u00eda adultos<\/title>\n<meta name=\"description\" content=\"El s\u00edndrome de Wartenberg consiste en el atrapamiento de la rama sensitiva del nervio radial en su emergencia entre el Brachioradialis y el Extensor Carpi Radialis Longus.\" \/>\n<meta name=\"robots\" content=\"index, follow, max-snippet:-1, max-image-preview:large, max-video-preview:-1\" \/>\n<link rel=\"canonical\" href=\"https:\/\/traumaunit.es\/blog\/el-sindrome-de-wartenberg\/\" \/>\n<meta property=\"og:locale\" content=\"es_ES\" \/>\n<meta property=\"og:type\" content=\"article\" \/>\n<meta property=\"og:title\" content=\"El s\u00edndrome de Wartenberg | Blog del Dr Casa\u00f1as - Cirug\u00eda ortop\u00e9dica y traumatolog\u00eda adultos\" \/>\n<meta property=\"og:description\" content=\"El s\u00edndrome de Wartenberg consiste en el atrapamiento de la rama sensitiva del nervio radial en su emergencia entre el Brachioradialis y el Extensor Carpi Radialis Longus.\" \/>\n<meta property=\"og:url\" content=\"https:\/\/traumaunit.es\/blog\/el-sindrome-de-wartenberg\/\" \/>\n<meta property=\"og:site_name\" content=\"Blog del Dr Casa\u00f1as - Cirug\u00eda ortop\u00e9dica y traumatolog\u00eda adultos\" \/>\n<meta property=\"article:publisher\" content=\"https:\/\/www.facebook.com\/Dr.Casanas.Traumaunit\/\" \/>\n<meta property=\"article:published_time\" content=\"2019-12-25T16:13:00+00:00\" \/>\n<meta property=\"article:modified_time\" content=\"2020-01-11T16:14:02+00:00\" \/>\n<meta property=\"og:image\" content=\"https:\/\/traumaunit.es\/blog\/wp-content\/uploads\/2020\/01\/sindrome-wartenberg.jpg\" \/>\n\t<meta property=\"og:image:width\" content=\"700\" \/>\n\t<meta property=\"og:image:height\" content=\"668\" \/>\n\t<meta property=\"og:image:type\" content=\"image\/jpeg\" \/>\n<meta name=\"author\" content=\"Dr. Joaqu\u00edn Casa\u00f1as\" \/>\n<meta name=\"twitter:card\" content=\"summary_large_image\" \/>\n<meta name=\"twitter:label1\" content=\"Escrito por\" \/>\n\t<meta name=\"twitter:data1\" content=\"Dr. Joaqu\u00edn Casa\u00f1as\" \/>\n\t<meta name=\"twitter:label2\" content=\"Tiempo de lectura\" \/>\n\t<meta name=\"twitter:data2\" content=\"2 minutos\" \/>\n<script type=\"application\/ld+json\" class=\"yoast-schema-graph\">{\"@context\":\"https:\/\/schema.org\",\"@graph\":[{\"@type\":\"Article\",\"@id\":\"https:\/\/traumaunit.es\/blog\/el-sindrome-de-wartenberg\/#article\",\"isPartOf\":{\"@id\":\"https:\/\/traumaunit.es\/blog\/el-sindrome-de-wartenberg\/\"},\"author\":{\"name\":\"Dr. Joaqu\u00edn Casa\u00f1as\",\"@id\":\"https:\/\/traumaunit.es\/blog\/#\/schema\/person\/811991b2641aa059a18c7c91104ed992\"},\"headline\":\"El s\u00edndrome de Wartenberg\",\"datePublished\":\"2019-12-25T16:13:00+00:00\",\"dateModified\":\"2020-01-11T16:14:02+00:00\",\"mainEntityOfPage\":{\"@id\":\"https:\/\/traumaunit.es\/blog\/el-sindrome-de-wartenberg\/\"},\"wordCount\":373,\"commentCount\":0,\"image\":{\"@id\":\"https:\/\/traumaunit.es\/blog\/el-sindrome-de-wartenberg\/#primaryimage\"},\"thumbnailUrl\":\"https:\/\/traumaunit.es\/blog\/wp-content\/uploads\/2020\/01\/sindrome-wartenberg.jpg\",\"articleSection\":[\"El s\u00edndrome de Wartenberg\",\"patologia de mu\u00f1eca\"],\"inLanguage\":\"es\",\"potentialAction\":[{\"@type\":\"CommentAction\",\"name\":\"Comment\",\"target\":[\"https:\/\/traumaunit.es\/blog\/el-sindrome-de-wartenberg\/#respond\"]}]},{\"@type\":\"WebPage\",\"@id\":\"https:\/\/traumaunit.es\/blog\/el-sindrome-de-wartenberg\/\",\"url\":\"https:\/\/traumaunit.es\/blog\/el-sindrome-de-wartenberg\/\",\"name\":\"El s\u00edndrome de Wartenberg | Blog del Dr Casa\u00f1as - Cirug\u00eda ortop\u00e9dica y traumatolog\u00eda adultos\",\"isPartOf\":{\"@id\":\"https:\/\/traumaunit.es\/blog\/#website\"},\"primaryImageOfPage\":{\"@id\":\"https:\/\/traumaunit.es\/blog\/el-sindrome-de-wartenberg\/#primaryimage\"},\"image\":{\"@id\":\"https:\/\/traumaunit.es\/blog\/el-sindrome-de-wartenberg\/#primaryimage\"},\"thumbnailUrl\":\"https:\/\/traumaunit.es\/blog\/wp-content\/uploads\/2020\/01\/sindrome-wartenberg.jpg\",\"datePublished\":\"2019-12-25T16:13:00+00:00\",\"dateModified\":\"2020-01-11T16:14:02+00:00\",\"author\":{\"@id\":\"https:\/\/traumaunit.es\/blog\/#\/schema\/person\/811991b2641aa059a18c7c91104ed992\"},\"description\":\"El s\u00edndrome de Wartenberg consiste en el atrapamiento de la rama sensitiva del nervio radial en su emergencia entre el Brachioradialis y el Extensor Carpi Radialis Longus.\",\"breadcrumb\":{\"@id\":\"https:\/\/traumaunit.es\/blog\/el-sindrome-de-wartenberg\/#breadcrumb\"},\"inLanguage\":\"es\",\"potentialAction\":[{\"@type\":\"ReadAction\",\"target\":[\"https:\/\/traumaunit.es\/blog\/el-sindrome-de-wartenberg\/\"]}]},{\"@type\":\"ImageObject\",\"inLanguage\":\"es\",\"@id\":\"https:\/\/traumaunit.es\/blog\/el-sindrome-de-wartenberg\/#primaryimage\",\"url\":\"https:\/\/traumaunit.es\/blog\/wp-content\/uploads\/2020\/01\/sindrome-wartenberg.jpg\",\"contentUrl\":\"https:\/\/traumaunit.es\/blog\/wp-content\/uploads\/2020\/01\/sindrome-wartenberg.jpg\",\"width\":700,\"height\":668},{\"@type\":\"BreadcrumbList\",\"@id\":\"https:\/\/traumaunit.es\/blog\/el-sindrome-de-wartenberg\/#breadcrumb\",\"itemListElement\":[{\"@type\":\"ListItem\",\"position\":1,\"name\":\"Portada\",\"item\":\"https:\/\/traumaunit.es\/blog\/\"},{\"@type\":\"ListItem\",\"position\":2,\"name\":\"El s\u00edndrome de Wartenberg\"}]},{\"@type\":\"WebSite\",\"@id\":\"https:\/\/traumaunit.es\/blog\/#website\",\"url\":\"https:\/\/traumaunit.es\/blog\/\",\"name\":\"Blog del Dr Casa\u00f1as - Cirug\u00eda ortop\u00e9dica y traumatolog\u00eda adultos\",\"description\":\"Blog del Doctor Joaquim Casa\u00f1as, especialista de gran prestigio en cirug\u00eda ortop\u00e9dica y traumatolog\u00eda adultos.\",\"potentialAction\":[{\"@type\":\"SearchAction\",\"target\":{\"@type\":\"EntryPoint\",\"urlTemplate\":\"https:\/\/traumaunit.es\/blog\/?s={search_term_string}\"},\"query-input\":{\"@type\":\"PropertyValueSpecification\",\"valueRequired\":true,\"valueName\":\"search_term_string\"}}],\"inLanguage\":\"es\"},{\"@type\":\"Person\",\"@id\":\"https:\/\/traumaunit.es\/blog\/#\/schema\/person\/811991b2641aa059a18c7c91104ed992\",\"name\":\"Dr. Joaqu\u00edn Casa\u00f1as\",\"image\":{\"@type\":\"ImageObject\",\"inLanguage\":\"es\",\"@id\":\"https:\/\/secure.gravatar.com\/avatar\/f24a728ebb8ec26b69321ec2d9352559ad2239c36f32c74fefbeb7c6aa42dcb4?s=96&d=mm&r=g\",\"url\":\"https:\/\/secure.gravatar.com\/avatar\/f24a728ebb8ec26b69321ec2d9352559ad2239c36f32c74fefbeb7c6aa42dcb4?s=96&d=mm&r=g\",\"contentUrl\":\"https:\/\/secure.gravatar.com\/avatar\/f24a728ebb8ec26b69321ec2d9352559ad2239c36f32c74fefbeb7c6aa42dcb4?s=96&d=mm&r=g\",\"caption\":\"Dr. Joaqu\u00edn Casa\u00f1as\"},\"description\":\"Dr. Joaqu\u00edn Casa\u00f1as es un especialista destacado en cirug\u00eda ortop\u00e9dica, traumatolog\u00eda, pero sobre todo en nervio perif\u00e9rico, plexo braquial y cirug\u00eda de la mano, de cuyas 3 especialidades atesora un gran prestigio internacional. Licenciado en Medicina y Cirug\u00eda por la Universidad Central de Barcelona en 1988, complet\u00f3 su formaci\u00f3n como m\u00e9dico residente (MIR) en la Ciudad Sanitaria y Universitaria de Bellvitge. Cuenta con el Diplomado Europeo en Cirug\u00eda de la Mano desde el 2000. Ha trabajado en diversas instituciones, incluyendo el Hospital de Meritxell en Andorra y el Hospital Germans Trias i Pujol de Badalona. Desde 1994, es m\u00e9dico adjunto en el servicio de Cirug\u00eda Ortop\u00e9dica y Traumatolog\u00eda de la Ciudad Sanitaria y Universitaria de Bellvitge. Adem\u00e1s de su pr\u00e1ctica cl\u00ednica, ha contribuido con numerosas publicaciones cient\u00edficas y cap\u00edtulos de libros en su campo. En la actualidad da conferencias en diferentes congresos internacionales en relaci\u00f3n a sus principales especialidades, adem\u00e1s de dirigir Traumaunit, la unidad de traumatolog\u00eda de Teknon en Barcelona.\",\"sameAs\":[\"http:\/\/traumaunit.es\",\"https:\/\/www.youtube.com\/channel\/UCDHOGYWyQKaaLl16Q9ln0hQ\"],\"url\":\"https:\/\/traumaunit.es\/blog\/author\/iamacookie\/\"}]}<\/script>\n<!-- \/ Yoast SEO plugin. -->","yoast_head_json":{"title":"El s\u00edndrome de Wartenberg | Blog del Dr Casa\u00f1as - Cirug\u00eda ortop\u00e9dica y traumatolog\u00eda adultos","description":"El s\u00edndrome de Wartenberg consiste en el atrapamiento de la rama sensitiva del nervio radial en su emergencia entre el Brachioradialis y el Extensor Carpi Radialis Longus.","robots":{"index":"index","follow":"follow","max-snippet":"max-snippet:-1","max-image-preview":"max-image-preview:large","max-video-preview":"max-video-preview:-1"},"canonical":"https:\/\/traumaunit.es\/blog\/el-sindrome-de-wartenberg\/","og_locale":"es_ES","og_type":"article","og_title":"El s\u00edndrome de Wartenberg | Blog del Dr Casa\u00f1as - Cirug\u00eda ortop\u00e9dica y traumatolog\u00eda adultos","og_description":"El s\u00edndrome de Wartenberg consiste en el atrapamiento de la rama sensitiva del nervio radial en su emergencia entre el Brachioradialis y el Extensor Carpi Radialis Longus.","og_url":"https:\/\/traumaunit.es\/blog\/el-sindrome-de-wartenberg\/","og_site_name":"Blog del Dr Casa\u00f1as - Cirug\u00eda ortop\u00e9dica y traumatolog\u00eda adultos","article_publisher":"https:\/\/www.facebook.com\/Dr.Casanas.Traumaunit\/","article_published_time":"2019-12-25T16:13:00+00:00","article_modified_time":"2020-01-11T16:14:02+00:00","og_image":[{"width":700,"height":668,"url":"https:\/\/traumaunit.es\/blog\/wp-content\/uploads\/2020\/01\/sindrome-wartenberg.jpg","type":"image\/jpeg"}],"author":"Dr. Joaqu\u00edn Casa\u00f1as","twitter_card":"summary_large_image","twitter_misc":{"Escrito por":"Dr. Joaqu\u00edn Casa\u00f1as","Tiempo de lectura":"2 minutos"},"schema":{"@context":"https:\/\/schema.org","@graph":[{"@type":"Article","@id":"https:\/\/traumaunit.es\/blog\/el-sindrome-de-wartenberg\/#article","isPartOf":{"@id":"https:\/\/traumaunit.es\/blog\/el-sindrome-de-wartenberg\/"},"author":{"name":"Dr. Joaqu\u00edn Casa\u00f1as","@id":"https:\/\/traumaunit.es\/blog\/#\/schema\/person\/811991b2641aa059a18c7c91104ed992"},"headline":"El s\u00edndrome de Wartenberg","datePublished":"2019-12-25T16:13:00+00:00","dateModified":"2020-01-11T16:14:02+00:00","mainEntityOfPage":{"@id":"https:\/\/traumaunit.es\/blog\/el-sindrome-de-wartenberg\/"},"wordCount":373,"commentCount":0,"image":{"@id":"https:\/\/traumaunit.es\/blog\/el-sindrome-de-wartenberg\/#primaryimage"},"thumbnailUrl":"https:\/\/traumaunit.es\/blog\/wp-content\/uploads\/2020\/01\/sindrome-wartenberg.jpg","articleSection":["El s\u00edndrome de Wartenberg","patologia de mu\u00f1eca"],"inLanguage":"es","potentialAction":[{"@type":"CommentAction","name":"Comment","target":["https:\/\/traumaunit.es\/blog\/el-sindrome-de-wartenberg\/#respond"]}]},{"@type":"WebPage","@id":"https:\/\/traumaunit.es\/blog\/el-sindrome-de-wartenberg\/","url":"https:\/\/traumaunit.es\/blog\/el-sindrome-de-wartenberg\/","name":"El s\u00edndrome de Wartenberg | Blog del Dr Casa\u00f1as - Cirug\u00eda ortop\u00e9dica y traumatolog\u00eda adultos","isPartOf":{"@id":"https:\/\/traumaunit.es\/blog\/#website"},"primaryImageOfPage":{"@id":"https:\/\/traumaunit.es\/blog\/el-sindrome-de-wartenberg\/#primaryimage"},"image":{"@id":"https:\/\/traumaunit.es\/blog\/el-sindrome-de-wartenberg\/#primaryimage"},"thumbnailUrl":"https:\/\/traumaunit.es\/blog\/wp-content\/uploads\/2020\/01\/sindrome-wartenberg.jpg","datePublished":"2019-12-25T16:13:00+00:00","dateModified":"2020-01-11T16:14:02+00:00","author":{"@id":"https:\/\/traumaunit.es\/blog\/#\/schema\/person\/811991b2641aa059a18c7c91104ed992"},"description":"El s\u00edndrome de Wartenberg consiste en el atrapamiento de la rama sensitiva del nervio radial en su emergencia entre el Brachioradialis y el Extensor Carpi Radialis Longus.","breadcrumb":{"@id":"https:\/\/traumaunit.es\/blog\/el-sindrome-de-wartenberg\/#breadcrumb"},"inLanguage":"es","potentialAction":[{"@type":"ReadAction","target":["https:\/\/traumaunit.es\/blog\/el-sindrome-de-wartenberg\/"]}]},{"@type":"ImageObject","inLanguage":"es","@id":"https:\/\/traumaunit.es\/blog\/el-sindrome-de-wartenberg\/#primaryimage","url":"https:\/\/traumaunit.es\/blog\/wp-content\/uploads\/2020\/01\/sindrome-wartenberg.jpg","contentUrl":"https:\/\/traumaunit.es\/blog\/wp-content\/uploads\/2020\/01\/sindrome-wartenberg.jpg","width":700,"height":668},{"@type":"BreadcrumbList","@id":"https:\/\/traumaunit.es\/blog\/el-sindrome-de-wartenberg\/#breadcrumb","itemListElement":[{"@type":"ListItem","position":1,"name":"Portada","item":"https:\/\/traumaunit.es\/blog\/"},{"@type":"ListItem","position":2,"name":"El s\u00edndrome de Wartenberg"}]},{"@type":"WebSite","@id":"https:\/\/traumaunit.es\/blog\/#website","url":"https:\/\/traumaunit.es\/blog\/","name":"Blog del Dr Casa\u00f1as - Cirug\u00eda ortop\u00e9dica y traumatolog\u00eda adultos","description":"Blog del Doctor Joaquim Casa\u00f1as, especialista de gran prestigio en cirug\u00eda ortop\u00e9dica y traumatolog\u00eda adultos.","potentialAction":[{"@type":"SearchAction","target":{"@type":"EntryPoint","urlTemplate":"https:\/\/traumaunit.es\/blog\/?s={search_term_string}"},"query-input":{"@type":"PropertyValueSpecification","valueRequired":true,"valueName":"search_term_string"}}],"inLanguage":"es"},{"@type":"Person","@id":"https:\/\/traumaunit.es\/blog\/#\/schema\/person\/811991b2641aa059a18c7c91104ed992","name":"Dr. Joaqu\u00edn Casa\u00f1as","image":{"@type":"ImageObject","inLanguage":"es","@id":"https:\/\/secure.gravatar.com\/avatar\/f24a728ebb8ec26b69321ec2d9352559ad2239c36f32c74fefbeb7c6aa42dcb4?s=96&d=mm&r=g","url":"https:\/\/secure.gravatar.com\/avatar\/f24a728ebb8ec26b69321ec2d9352559ad2239c36f32c74fefbeb7c6aa42dcb4?s=96&d=mm&r=g","contentUrl":"https:\/\/secure.gravatar.com\/avatar\/f24a728ebb8ec26b69321ec2d9352559ad2239c36f32c74fefbeb7c6aa42dcb4?s=96&d=mm&r=g","caption":"Dr. Joaqu\u00edn Casa\u00f1as"},"description":"Dr. Joaqu\u00edn Casa\u00f1as es un especialista destacado en cirug\u00eda ortop\u00e9dica, traumatolog\u00eda, pero sobre todo en nervio perif\u00e9rico, plexo braquial y cirug\u00eda de la mano, de cuyas 3 especialidades atesora un gran prestigio internacional. Licenciado en Medicina y Cirug\u00eda por la Universidad Central de Barcelona en 1988, complet\u00f3 su formaci\u00f3n como m\u00e9dico residente (MIR) en la Ciudad Sanitaria y Universitaria de Bellvitge. Cuenta con el Diplomado Europeo en Cirug\u00eda de la Mano desde el 2000. Ha trabajado en diversas instituciones, incluyendo el Hospital de Meritxell en Andorra y el Hospital Germans Trias i Pujol de Badalona. Desde 1994, es m\u00e9dico adjunto en el servicio de Cirug\u00eda Ortop\u00e9dica y Traumatolog\u00eda de la Ciudad Sanitaria y Universitaria de Bellvitge. Adem\u00e1s de su pr\u00e1ctica cl\u00ednica, ha contribuido con numerosas publicaciones cient\u00edficas y cap\u00edtulos de libros en su campo. En la actualidad da conferencias en diferentes congresos internacionales en relaci\u00f3n a sus principales especialidades, adem\u00e1s de dirigir Traumaunit, la unidad de traumatolog\u00eda de Teknon en Barcelona.","sameAs":["http:\/\/traumaunit.es","https:\/\/www.youtube.com\/channel\/UCDHOGYWyQKaaLl16Q9ln0hQ"],"url":"https:\/\/traumaunit.es\/blog\/author\/iamacookie\/"}]}},"_links":{"self":[{"href":"https:\/\/traumaunit.es\/blog\/wp-json\/wp\/v2\/posts\/923","targetHints":{"allow":["GET"]}}],"collection":[{"href":"https:\/\/traumaunit.es\/blog\/wp-json\/wp\/v2\/posts"}],"about":[{"href":"https:\/\/traumaunit.es\/blog\/wp-json\/wp\/v2\/types\/post"}],"author":[{"embeddable":true,"href":"https:\/\/traumaunit.es\/blog\/wp-json\/wp\/v2\/users\/5"}],"replies":[{"embeddable":true,"href":"https:\/\/traumaunit.es\/blog\/wp-json\/wp\/v2\/comments?post=923"}],"version-history":[{"count":8,"href":"https:\/\/traumaunit.es\/blog\/wp-json\/wp\/v2\/posts\/923\/revisions"}],"predecessor-version":[{"id":938,"href":"https:\/\/traumaunit.es\/blog\/wp-json\/wp\/v2\/posts\/923\/revisions\/938"}],"wp:featuredmedia":[{"embeddable":true,"href":"https:\/\/traumaunit.es\/blog\/wp-json\/wp\/v2\/media\/929"}],"wp:attachment":[{"href":"https:\/\/traumaunit.es\/blog\/wp-json\/wp\/v2\/media?parent=923"}],"wp:term":[{"taxonomy":"category","embeddable":true,"href":"https:\/\/traumaunit.es\/blog\/wp-json\/wp\/v2\/categories?post=923"},{"taxonomy":"post_tag","embeddable":true,"href":"https:\/\/traumaunit.es\/blog\/wp-json\/wp\/v2\/tags?post=923"}],"curies":[{"name":"wp","href":"https:\/\/api.w.org\/{rel}","templated":true}]}}